{"id":333490,"date":"2022-06-17T01:30:32","date_gmt":"2022-06-17T01:30:32","guid":{"rendered":"https:\/\/dimensionturistica.com\/es\/?p=333490"},"modified":"2022-06-17T01:30:33","modified_gmt":"2022-06-17T01:30:33","slug":"ianni-presento-proyecto-de-ley-de-agentes-de-viajes","status":"publish","type":"post","link":"https:\/\/dimensionturistica.com\/es\/ianni-presento-proyecto-de-ley-de-agentes-de-viajes\/","title":{"rendered":"Ianni present\u00f3 Proyecto de Ley de Agentes de Viajes"},"content":{"rendered":"<p> <br \/>\n<\/p>\n<div id=\"nota_txt_noticia\">\n<p>La iniciativa presentada busca sustituir la ley N\u00b018.829 y sus normas complementarias \u201cque fueron dictadas por un gobierno de facto, por eso es necesario actualizar la normativa a las demandas vigentes para un mejor desarrollo de la actividad y mayor protecci\u00f3n de sus consumidores\u201d. \u201c<\/p>\n<p>Poder avanzar en una <strong>Ley para los Agentes de Viajes<\/strong> que de un marco normativo espec\u00edfico y actualizado es un antiguo reclamo de la <strong>Federaci\u00f3n Argentina de Asociaciones de Empresas de Viajes y Turismo <\/strong>y de todo el sector tur\u00edstico en general\u201d manifest\u00f3 la Senadora santacruce\u00f1a Ana Mar\u00eda Ianni. \u201cEsto nos lleva nuevamente a trabajar en conjunto, buscando una soluci\u00f3n que se adecue a los nuevos tiempos de comercializaci\u00f3n y que ofrezca un marco de cuidado al turista, que son la raz\u00f3n de ser de la actividad\u201d subray\u00f3 la legisladora nacional. El sector tur\u00edstico no es ajeno a las transformaciones en las nuevas formas de cobro y pago de servicios y productos, tampoco en las formas de ofrecerlos o concretar negocios por medios virtuales.<\/p>\n<section>\n<article class=\"content_related\">\n<a rel=\"nofollow noopener\" target=\"_blank\" href=\"https:\/\/www.tiemposur.com.ar\/turismo-y-ambiente\/hector-vinuales-no-ha-caido-la-venta-de-viajes-al-exterior\"><\/p>\n<div class=\"rel_image\"><img decoding=\"async\" src=\"https:\/\/www.tiemposur.com.ar\/uploads\/noticia_galeria\/2022\/06\/16\/file_140009_home\" alt=\"H\u00e9ctor Vi\u00f1uales: \u201cNo ha ca\u00eddo la venta de viajes al exterior\u201d\"\/><\/div>\n<div class=\"rel_content\">\n<p>Mira Tambien<\/p>\n<h4>H\u00e9ctor Vi\u00f1uales: \u201cNo ha ca\u00eddo la venta de viajes al exterior\u201d<\/h4>\n<\/div>\n<p><\/a><br \/>\n<\/article>\n<\/section>\n<p>\u00a0<\/p>\n<p>En consecuencia, se generan facilidades para el acceso a la intermediaci\u00f3n que realiza el agente de viajes entre prestadores y usuarios. \u201cA la vez se generan mayores y m\u00e1s complejos escenarios de responsabilidad civil y comercial que no estaban previstos en la ley original\u201d describen los fundamentos del Proyecto. Esta evoluci\u00f3n marca la necesidad de impulsar y profundizar la materializaci\u00f3n de esta iniciativa que regula de forma clara y precise una parte basic de la actividad tur\u00edstica, como es la intermediaci\u00f3n de los agentes de viajes.<\/p>\n<p>\u201cLa actividad tur\u00edstica debe ser una pol\u00edtica p\u00fablica prioritaria para el estado nacional, porque a trav\u00e9s de ella se genera m\u00e1s trabajo e inversi\u00f3n, que repercute en la conservaci\u00f3n y desarrollo de los recursos y atractivos existentes en el pa\u00eds\u201d asegur\u00f3 Ianni.<\/p>\n<\/div>\n<p><script async defer crossorigin=\"anonymous\" src=\"https:\/\/connect.facebook.net\/es_ES\/sdk.js#xfbml=1&#038;version=v10.0\" nonce=\"sWDqRJBj\" type=\"f0a328b2157ff6694a18036e-text\/javascript\"><\/script><br \/>\n<br \/><\/p>\n<p><em> &#8221; Fuentes www.tiemposur.com.ar &#8221; <\/em><\/p>\n","protected":false},"excerpt":{"rendered":"<p>La iniciativa presentada busca sustituir la ley N\u00b018.829 y sus normas complementarias \u201cque fueron dictadas por un gobierno de facto, por eso es necesario actualizar la normativa a las demandas vigentes para un mejor desarrollo de la actividad y mayor protecci\u00f3n de sus consumidores\u201d. \u201c Poder avanzar en una Ley para los Agentes de Viajes [&hellip;]<\/p>\n","protected":false},"author":4,"featured_media":0,"comment_status":"open","ping_status":"closed","sticky":false,"template":"","format":"standard","meta":{"om_disable_all_campaigns":false,"jnews-multi-image_gallery":[],"jnews_single_post":[],"jnews_primary_category":[],"jnews_social_meta":[],"footnotes":""},"categories":[40],"tags":[47368,768,913],"class_list":["post-333490","post","type-post","status-publish","format-standard","hentry","category-industria","tag-ana-ianni","tag-argentina","tag-senado"],"_links":{"self":[{"href":"https:\/\/dimensionturistica.com\/es\/wp-json\/wp\/v2\/posts\/333490","targetHints":{"allow":["GET"]}}],"collection":[{"href":"https:\/\/dimensionturistica.com\/es\/wp-json\/wp\/v2\/posts"}],"about":[{"href":"https:\/\/dimensionturistica.com\/es\/wp-json\/wp\/v2\/types\/post"}],"author":[{"embeddable":true,"href":"https:\/\/dimensionturistica.com\/es\/wp-json\/wp\/v2\/users\/4"}],"replies":[{"embeddable":true,"href":"https:\/\/dimensionturistica.com\/es\/wp-json\/wp\/v2\/comments?post=333490"}],"version-history":[{"count":0,"href":"https:\/\/dimensionturistica.com\/es\/wp-json\/wp\/v2\/posts\/333490\/revisions"}],"wp:attachment":[{"href":"https:\/\/dimensionturistica.com\/es\/wp-json\/wp\/v2\/media?parent=333490"}],"wp:term":[{"taxonomy":"category","embeddable":true,"href":"https:\/\/dimensionturistica.com\/es\/wp-json\/wp\/v2\/categories?post=333490"},{"taxonomy":"post_tag","embeddable":true,"href":"https:\/\/dimensionturistica.com\/es\/wp-json\/wp\/v2\/tags?post=333490"}],"curies":[{"name":"wp","href":"https:\/\/api.w.org\/{rel}","templated":true}]}}