{"id":333337,"date":"2022-06-16T22:26:12","date_gmt":"2022-06-16T22:26:12","guid":{"rendered":"https:\/\/dimensionturistica.com\/es\/?p=333337"},"modified":"2022-06-16T22:26:12","modified_gmt":"2022-06-16T22:26:12","slug":"los-nuevos-asientos-de-dos-pisos-en-un-avion","status":"publish","type":"post","link":"https:\/\/dimensionturistica.com\/es\/los-nuevos-asientos-de-dos-pisos-en-un-avion\/","title":{"rendered":"Los nuevos asientos de dos pisos en un avi\u00f3n"},"content":{"rendered":"<p> <br \/>\n<\/p>\n<div>\n<p>\u00bfTe imaginas viajar en un avi\u00f3n que contenga <strong>asientos de dos pisos<\/strong>?, pues un dise\u00f1ador de asientos pens\u00f3 que esta ser\u00eda la nueva forma de revolucionar los viajes en avi\u00f3n y hacerlos m\u00e1s c\u00f3modos, por lo que surgi\u00f3 el proyecto &#8220;<strong>Chaise Longue<\/strong>&#8220;. A continuaci\u00f3n te contamos c\u00f3mo surgi\u00f3 el proyecto y c\u00f3mo ser\u00eda viajar en esta nueva modalidad.<\/p>\n<p>El concepto <strong>Chaise Longue Financial system Seat<\/strong>, de <strong>Alejandro N\u00fa\u00f1ez Vicente<\/strong> surgi\u00f3 como un proyecto universitario, pero r\u00e1pidamente fue nominado un premio importante en el \u00e1mbito de aviaci\u00f3n,\u00a0los <strong>Crystal Cabin Awards<\/strong> en el 2021. En este proyecto se prev\u00e9 una cabina de asientos a dos niveles, con filas\u00a0en el suelo y otros elevados, \u00bflo mejor? \u00a1se pueden estirar los pies!<\/p>\n<p>Tambi\u00e9n te puede interesar: <a rel=\"nofollow noopener\" target=\"_blank\" href=\"https:\/\/www.soynomada.news\/noticias\/Volaris-y-Viva-Aerobus-tendran-nuevos-vuelos-desde-el-Aeropuerto-Internacional-de-Toluca-20220615-0004.html\">Volaris y Viva Aerobus tendr\u00e1n nuevos vuelos desde el Aeropuerto Internacional de Toluca<\/a><\/p>\n<h2>Asientos a dos niveles para viajar en avi\u00f3n: \u00bfC\u00f3mo surgi\u00f3 la thought?<\/h2>\n<p>Seguramente te preguntar\u00e1s c\u00f3mo surgi\u00f3 la thought de este proyecto. Pues su inventor es un espa\u00f1ol de 1,90 metros. Alejandro N\u00fa\u00f1ez estudi\u00f3 Ingenier\u00eda en la <strong>Universidad TU Delft<\/strong>, en <a rel=\"nofollow noopener\" target=\"_blank\" href=\"https:\/\/www.soynomada.news\/turismo-europa-t738985\">Pa\u00edses Bajos.<\/a> En ese sentido, es de esperar que tuviese que tomar muchos vuelos y de seguro, nada c\u00f3modo para sus piernas.<\/p>\n<p>En una entrevista para <strong>El Viajero<\/strong>, el inventor anunci\u00f3 lo siguiente: &#8220;Volv\u00eda a Madrid los fines de semana, viajaba unas horas y lo pasaba fatal, as\u00ed que no quer\u00eda ni imaginarme c\u00f3mo podr\u00eda ser viajar en esos aviones largas distancias. Ah\u00ed empec\u00e9 a darle la forma a la idea&#8221;. As\u00ed fue como este proyecto empez\u00f3 a dar vida y actualmente ya est\u00e1 buscando c\u00f3mo entrar al mercado.<\/p>\n<p>Tambi\u00e9n te puede interesar: <a rel=\"nofollow noopener\" target=\"_blank\" href=\"https:\/\/www.soynomada.news\/viajes\/La-vuelta-al-mundo-en-150-noches-hazlo-en-el-crucero-Regent-conoce-que-destinos-visitan-20220613-0013.html\">\u00bfLa vuelta al mundo en 150 noches?, hazlo en el crucero Regent, conoce qu\u00e9 destino visitan<\/a><\/p>\n<p>Esta <strong>innovaci\u00f3n<\/strong> y manera de viajar ha dado mucho revuelo en redes sociales, pues son algunos quienes se encuentran entusiasmados por que se vuelva m\u00e1s actual; mientras que hay otros a quienes le provoca claustrofobia. Sin embargo, en t\u00e9rminos de dise\u00f1o, se optimizan todo el espacio de la cabina de un <a rel=\"nofollow noopener\" target=\"_blank\" href=\"https:\/\/www.soynomada.news\/seccion\/viajes\/\">avi\u00f3n<\/a> en sus tres dimensiones.<\/p>\n<p>Pasa por eliminar el compartimiento superior para el equipaje, que se guardar\u00eda en compartimentos bajo el asiento, y a\u00f1ade un espacio additional para las piernas de los pasajeros que estuvieran situados en las fila inferior.<\/p>\n<p>Por otro lado, al no estar los asientos\u00a0 uno detr\u00e1s de otro, se aumenta la capacidad de reclinaci\u00f3n, sin molestar. Estos asientos dise\u00f1ados por el espa\u00f1ol <strong>se pueden reclinar 125<\/strong> <strong>grados<\/strong>, que son 15 m\u00e1s de lo regular.<\/p>\n<p>Por su parte, para los asientos que se encuentran en la parte alta, se calcula que el espacio que habr\u00eda entre el <strong>viajero <\/strong>y el techo del avi\u00f3n es de alrededor <strong>1,5 metros<\/strong> de separaci\u00f3n. \u00bfTe animar\u00edas a volar de esta forma?<\/p>\n<\/div>\n\n<p><em> &#8221; Fuentes www.soynomada.news &#8221; <\/em><\/p>\n","protected":false},"excerpt":{"rendered":"<p>\u00bfTe imaginas viajar en un avi\u00f3n que contenga asientos de dos pisos?, pues un dise\u00f1ador de asientos pens\u00f3 que esta ser\u00eda la nueva forma de revolucionar los viajes en avi\u00f3n y hacerlos m\u00e1s c\u00f3modos, por lo que surgi\u00f3 el proyecto &#8220;Chaise Longue&#8220;. A continuaci\u00f3n te contamos c\u00f3mo surgi\u00f3 el proyecto y c\u00f3mo ser\u00eda viajar en [&hellip;]<\/p>\n","protected":false},"author":4,"featured_media":333338,"comment_status":"open","ping_status":"closed","sticky":false,"template":"","format":"standard","meta":{"om_disable_all_campaigns":false,"jnews-multi-image_gallery":[],"jnews_single_post":[],"jnews_primary_category":[],"jnews_social_meta":[],"footnotes":""},"categories":[41],"tags":[1423],"class_list":["post-333337","post","type-post","status-publish","format-standard","has-post-thumbnail","hentry","category-cruceros","tag-viajes-internacionales"],"_links":{"self":[{"href":"https:\/\/dimensionturistica.com\/es\/wp-json\/wp\/v2\/posts\/333337","targetHints":{"allow":["GET"]}}],"collection":[{"href":"https:\/\/dimensionturistica.com\/es\/wp-json\/wp\/v2\/posts"}],"about":[{"href":"https:\/\/dimensionturistica.com\/es\/wp-json\/wp\/v2\/types\/post"}],"author":[{"embeddable":true,"href":"https:\/\/dimensionturistica.com\/es\/wp-json\/wp\/v2\/users\/4"}],"replies":[{"embeddable":true,"href":"https:\/\/dimensionturistica.com\/es\/wp-json\/wp\/v2\/comments?post=333337"}],"version-history":[{"count":0,"href":"https:\/\/dimensionturistica.com\/es\/wp-json\/wp\/v2\/posts\/333337\/revisions"}],"wp:featuredmedia":[{"embeddable":true,"href":"https:\/\/dimensionturistica.com\/es\/wp-json\/wp\/v2\/media\/333338"}],"wp:attachment":[{"href":"https:\/\/dimensionturistica.com\/es\/wp-json\/wp\/v2\/media?parent=333337"}],"wp:term":[{"taxonomy":"category","embeddable":true,"href":"https:\/\/dimensionturistica.com\/es\/wp-json\/wp\/v2\/categories?post=333337"},{"taxonomy":"post_tag","embeddable":true,"href":"https:\/\/dimensionturistica.com\/es\/wp-json\/wp\/v2\/tags?post=333337"}],"curies":[{"name":"wp","href":"https:\/\/api.w.org\/{rel}","templated":true}]}}