{"id":333116,"date":"2022-06-16T18:48:48","date_gmt":"2022-06-16T18:48:48","guid":{"rendered":"https:\/\/dimensionturistica.com\/es\/?p=333116"},"modified":"2022-06-16T18:48:49","modified_gmt":"2022-06-16T18:48:49","slug":"quien-fue-carmen-amaya-la-bailaora-que-con-su-arte-y-atrevimiento-inspira-la-nueva-coleccion-crucero-de-dior-presentada-en-sevilla","status":"publish","type":"post","link":"https:\/\/dimensionturistica.com\/es\/quien-fue-carmen-amaya-la-bailaora-que-con-su-arte-y-atrevimiento-inspira-la-nueva-coleccion-crucero-de-dior-presentada-en-sevilla\/","title":{"rendered":"Qui\u00e9n fue Carmen Amaya, la bailaora que con su arte (y atrevimiento) inspira la nueva Colecci\u00f3n Crucero de Dior presentada en Sevilla"},"content":{"rendered":"<p> <br \/>\n<\/p>\n<div>\n<p>La fortaleza de <strong>Carmen Amaya<\/strong> \u2013\u201cLa Capitana\u201d\u2013 ha sido la inspiraci\u00f3n esencial de <a rel=\"nofollow noopener\" target=\"_blank\" href=\"https:\/\/www.vogue.es\/moda\/modapedia\/disenadores\/maria-grazia-chiuri\/625\"><strong>Maria Grazia Chiuri,<\/strong><\/a> directora creativa de <a rel=\"nofollow noopener\" target=\"_blank\" href=\"https:\/\/www.vogue.es\/moda\/modapedia\/marcas\/christian-dior\/122\"><strong>Dior<\/strong><\/a>, para <a rel=\"nofollow noopener\" target=\"_blank\" href=\"https:\/\/www.vogue.es\/moda\/articulos\/dior-desfile-coleccion-crucero-2023-sevilla\"><strong>el desfile de la casa en Sevilla<\/strong><\/a>. Convencida de la importancia de rescatar figuras femeninas clave de la cultura internacional \u2013de la literatura al dise\u00f1o, sin olvidar la m\u00fasica\u2013, ha llegado el momento de reivindicar la figura de una de las bailaoras m\u00e1s queridas (sin embargo, a veces eclipsadas por sus coet\u00e1neas) del arte espa\u00f1ol.<\/p>\n<p>Fueron admiradores suyos el director de orquesta italiano <strong>Arturo Toscanini, tambi\u00e9n Charles Chaplin, Greta Garbo, Marlon Brando y hasta el mism\u00edsimo Orson Welles<\/strong>, quien afirmaba sin tapujos que Carmen period \u201cla mejor bailarina del mundo\u201d. Esta noche, el embrujo y la pasi\u00f3n que desprend\u00eda la bailaora catalana invadir\u00e1 el desfile Crucero 2023 de la <em>maison<\/em> \u2013y el resto de carteles inspirados en ella que ya engalanan la ciudad hispalense\u2013, pero, <strong>\u00bfc\u00f3mo aquella mujer pas\u00f3 de la barriada de Somorrostro a conquistar Hollywood?<\/strong><\/p>\n<figure class=\"AssetEmbedWrapper-iLfYbx iclJOW asset-embed\">\n<div class=\"AssetEmbedAssetContainer-fogSSF kRpSOB asset-embed__asset-container\"><span class=\"SpanWrapper-kGGzGm fCMktE responsive-asset AssetEmbedResponsiveAsset-eqsnW ehcXJi asset-embed__responsive-asset\"><picture class=\"ResponsiveImagePicture-jIKgcS fArnhQ AssetEmbedResponsiveAsset-eqsnW ehcXJi asset-embed__responsive-asset responsive-image\"><noscript><img decoding=\"async\" alt=\"retrato de carmen amaya\" class=\"ResponsiveImageContainer-dlOMGF dnUTOP responsive-image__image\" src=\"https:\/\/dimensionturistica.com\/es\/wp-content\/uploads\/2022\/06\/Quien-fue-Carmen-Amaya-la-bailaora-que-con-su-arte.jpg\"  \/><\/noscript><\/picture><\/span><\/div>\n<p><span class=\"BaseWrap-sc-TURhJ BaseText-fFzBQt CaptionCredit-cTdqxu eTiIvU nZFKf iHbDSe caption__credit\">Cordon<\/span><\/p>\n<\/figure>\n<p>Somorrostro period una de esas zonas donde Barcelona empezaba a perder su nombre para cambiarlo por el de las vidas precarias que pasaban penurias en forma de noches y d\u00edas sin agua potable ni luz. En una de esas barracas, la n\u00famero 48, viv\u00eda la familia Amaya Amaya encabezada por Jos\u00e9 Amaya \u201cEl Chino\u201d, quien en la ciudad buscaba suerte tocando su guitarra por las s\u00f3rdidas tabernas, y Micaela Amaya Moreno, gitana de raza, bailaora de zambras y farrucas entre pucheros.<\/p>\n<p>Carmen mam\u00f3 el flamenco desde la cuna y el mar le ense\u00f1\u00f3 a bailar, de ah\u00ed que su primera concept del movimiento le viniera inspirada por el vaiv\u00e9n de las olas. <strong>Le gustaba bailar descalza en la orilla y correr por la enviornment, cosa que le serv\u00eda para ejercitar sus atl\u00e9ticas piernas.<\/strong> Cuenta la leyenda que una noche de tormenta, el oleaje destroz\u00f3 la chabola donde viv\u00eda. Suceso premonitorio para el car\u00e1cter que desde temprana edad forjar\u00eda la artista, conocido por su fuerza incontrolable.<\/p>\n<\/div>\n\n<p><em> &#8221; Fuentes www.vogue.es &#8221; <\/em><\/p>\n","protected":false},"excerpt":{"rendered":"<p>La fortaleza de Carmen Amaya \u2013\u201cLa Capitana\u201d\u2013 ha sido la inspiraci\u00f3n esencial de Maria Grazia Chiuri, directora creativa de Dior, para el desfile de la casa en Sevilla. Convencida de la importancia de rescatar figuras femeninas clave de la cultura internacional \u2013de la literatura al dise\u00f1o, sin olvidar la m\u00fasica\u2013, ha llegado el momento de [&hellip;]<\/p>\n","protected":false},"author":4,"featured_media":333117,"comment_status":"open","ping_status":"closed","sticky":false,"template":"","format":"standard","meta":{"om_disable_all_campaigns":false,"jnews-multi-image_gallery":[],"jnews_single_post":[],"jnews_primary_category":[],"jnews_social_meta":[],"footnotes":""},"categories":[41],"tags":[25966,23207],"class_list":["post-333116","post","type-post","status-publish","format-standard","has-post-thumbnail","hentry","category-cruceros","tag-dior","tag-pasarelas"],"_links":{"self":[{"href":"https:\/\/dimensionturistica.com\/es\/wp-json\/wp\/v2\/posts\/333116","targetHints":{"allow":["GET"]}}],"collection":[{"href":"https:\/\/dimensionturistica.com\/es\/wp-json\/wp\/v2\/posts"}],"about":[{"href":"https:\/\/dimensionturistica.com\/es\/wp-json\/wp\/v2\/types\/post"}],"author":[{"embeddable":true,"href":"https:\/\/dimensionturistica.com\/es\/wp-json\/wp\/v2\/users\/4"}],"replies":[{"embeddable":true,"href":"https:\/\/dimensionturistica.com\/es\/wp-json\/wp\/v2\/comments?post=333116"}],"version-history":[{"count":0,"href":"https:\/\/dimensionturistica.com\/es\/wp-json\/wp\/v2\/posts\/333116\/revisions"}],"wp:featuredmedia":[{"embeddable":true,"href":"https:\/\/dimensionturistica.com\/es\/wp-json\/wp\/v2\/media\/333117"}],"wp:attachment":[{"href":"https:\/\/dimensionturistica.com\/es\/wp-json\/wp\/v2\/media?parent=333116"}],"wp:term":[{"taxonomy":"category","embeddable":true,"href":"https:\/\/dimensionturistica.com\/es\/wp-json\/wp\/v2\/categories?post=333116"},{"taxonomy":"post_tag","embeddable":true,"href":"https:\/\/dimensionturistica.com\/es\/wp-json\/wp\/v2\/tags?post=333116"}],"curies":[{"name":"wp","href":"https:\/\/api.w.org\/{rel}","templated":true}]}}