{"id":333099,"date":"2022-06-16T18:32:10","date_gmt":"2022-06-16T18:32:10","guid":{"rendered":"https:\/\/dimensionturistica.com\/es\/?p=333099"},"modified":"2024-02-20T22:13:17","modified_gmt":"2024-02-20T22:13:17","slug":"que-es-una-coleccion-crucero-o-todo-lo-que-ha-hecho-dior-por-poner-el-lexico-de-moda-en-boca-de-todos","status":"publish","type":"post","link":"https:\/\/dimensionturistica.com\/es\/que-es-una-coleccion-crucero-o-todo-lo-que-ha-hecho-dior-por-poner-el-lexico-de-moda-en-boca-de-todos\/","title":{"rendered":"Qu\u00e9 es una colecci\u00f3n crucero (o todo lo que ha hecho Dior por poner el l\u00e9xico de moda en boca de todos)"},"content":{"rendered":"<p> <br \/>\n<\/p>\n<div>\n<p>A unas pocas horas de que se celebre el desfile de <a rel=\"nofollow noopener\" target=\"_blank\" href=\"https:\/\/www.vogue.es\/moda\/modapedia\/marcas\/christian-dior\/122\"><strong>Dior<\/strong><\/a> en Sevilla, contaba ya varios mensajes de amigas y amigos pregunt\u00e1ndome <strong>qu\u00e9 es exactamente una colecci\u00f3n crucero<\/strong>. Son las propuestas de esta l\u00ednea las que la firma francesa ha decidido presentar en la ciudad espa\u00f1ola, referente de todo (o casi todo) lo que significa el pa\u00eds fuera de nuestras fronteras. A priori, parece extra\u00f1o pensar en un posible v\u00ednculo entre una moda pensada para lucir en alta mar y la localidad del r\u00edo Guadalquivir. Incluso teniendo sobre la mesa el dato de que es el \u00fanico r\u00edo navegable de Espa\u00f1a.<\/p>\n<p>Con buena parte de Espa\u00f1a asumiendo \u2013en televisiones, radios, prensa generalista\u2026\u2013 el a veces abstracto l\u00e9xico de moda, llega el momento de aclarar dudas: aunque Sevilla tenga puerto, no es lo que realmente importa en este asunto. Las colecciones crucero \u2013tambi\u00e9n llamadas <em>resort<\/em>\u2013 de las firmas de lujo <strong>se presentan entre junio y julio con vistas a estar a la venta a finales de a\u00f1o, justo cuando las clases altas europeas se disponen a salir de viaje en busca de sol y calor y, as\u00ed, huir del fr\u00edo<\/strong>.\u00a0<\/p>\n<p>Mientras en las <em>boutiques<\/em> reinan los abrigos, los jers\u00e9is y las botas, hay <strong>un peque\u00f1o oasis estil\u00edstico para quien tenga un billete con destino a un lugar paradis\u00edaco<\/strong>. Sin embargo, esta oferta tambi\u00e9n satisface una demanda: la de <strong>compradores globales que enfrentan en su d\u00eda a d\u00eda temperaturas diferentes a las que se conciben en el inside de los atelieres europeos<\/strong>. Digamos que esa ser\u00eda la explicaci\u00f3n t\u00e9cnica, la raz\u00f3n comercial detr\u00e1s de esta colecci\u00f3n cuya vida se fija entre dos temporadas principales (oto\u00f1o-invierno y primavera-verano) y que tiene como opuesta a la precolecci\u00f3n de oto\u00f1o o <em>pre-fall<\/em>, que llega a las tiendas entre finales de julio y agosto, y que se dirige a quienes se muestran impacientes con la llegada de la moda oto\u00f1al.<\/p>\n<p>Generalmente, las propuestas <em>pre-fall<\/em> y crucero son m\u00e1s asequibles que las piezas de las dos grandes temporadas y adem\u00e1s \u2013o por eso mismo\u2013 funcionan tan bien comercialmente. De hecho, el mercado de las colecciones entre temporadas est\u00e1 tan asentado en la industria de la moda que <strong>muchas casas tienen equipos de dise\u00f1o propios<\/strong> para estas, que si bien no reciben el espacio medi\u00e1tico que anhelan por sus prendas \u2013muchas veces son <em>bonus observe<\/em> o anticipos de las colecciones principales\u2013, s\u00ed lo hacen por sus desfiles. Ay, los desfiles.<\/p>\n<\/div>\n\n<p><em> &#8221; Fuentes www.vogue.es &#8221; <\/em><\/p>\n","protected":false},"excerpt":{"rendered":"<p>A unas pocas horas de que se celebre el desfile de Dior en Sevilla, contaba ya varios mensajes de amigas y amigos pregunt\u00e1ndome qu\u00e9 es exactamente una colecci\u00f3n crucero. Son las propuestas de esta l\u00ednea las que la firma francesa ha decidido presentar en la ciudad espa\u00f1ola, referente de todo (o casi todo) lo que [&hellip;]<\/p>\n","protected":false},"author":4,"featured_media":333100,"comment_status":"open","ping_status":"closed","sticky":false,"template":"","format":"standard","meta":{"om_disable_all_campaigns":false,"jnews-multi-image_gallery":[],"jnews_single_post":[],"jnews_primary_category":[],"jnews_social_meta":[],"footnotes":""},"categories":[144872],"tags":[25966,4044],"class_list":["post-333099","post","type-post","status-publish","format-standard","has-post-thumbnail","hentry","category-fashion","tag-dior","tag-sevilla"],"_links":{"self":[{"href":"https:\/\/dimensionturistica.com\/es\/wp-json\/wp\/v2\/posts\/333099","targetHints":{"allow":["GET"]}}],"collection":[{"href":"https:\/\/dimensionturistica.com\/es\/wp-json\/wp\/v2\/posts"}],"about":[{"href":"https:\/\/dimensionturistica.com\/es\/wp-json\/wp\/v2\/types\/post"}],"author":[{"embeddable":true,"href":"https:\/\/dimensionturistica.com\/es\/wp-json\/wp\/v2\/users\/4"}],"replies":[{"embeddable":true,"href":"https:\/\/dimensionturistica.com\/es\/wp-json\/wp\/v2\/comments?post=333099"}],"version-history":[{"count":0,"href":"https:\/\/dimensionturistica.com\/es\/wp-json\/wp\/v2\/posts\/333099\/revisions"}],"wp:featuredmedia":[{"embeddable":true,"href":"https:\/\/dimensionturistica.com\/es\/wp-json\/wp\/v2\/media\/333100"}],"wp:attachment":[{"href":"https:\/\/dimensionturistica.com\/es\/wp-json\/wp\/v2\/media?parent=333099"}],"wp:term":[{"taxonomy":"category","embeddable":true,"href":"https:\/\/dimensionturistica.com\/es\/wp-json\/wp\/v2\/categories?post=333099"},{"taxonomy":"post_tag","embeddable":true,"href":"https:\/\/dimensionturistica.com\/es\/wp-json\/wp\/v2\/tags?post=333099"}],"curies":[{"name":"wp","href":"https:\/\/api.w.org\/{rel}","templated":true}]}}