{"id":332995,"date":"2022-06-16T17:25:47","date_gmt":"2022-06-16T17:25:47","guid":{"rendered":"https:\/\/dimensionturistica.com\/es\/?p=332995"},"modified":"2022-06-16T17:25:47","modified_gmt":"2022-06-16T17:25:47","slug":"quintana-roo-impulsa-la-aceleracion-del-sector-turistico-mediante-nuevas-tecnologias","status":"publish","type":"post","link":"https:\/\/dimensionturistica.com\/es\/quintana-roo-impulsa-la-aceleracion-del-sector-turistico-mediante-nuevas-tecnologias\/","title":{"rendered":"Quintana Roo impulsa la aceleraci\u00f3n del sector tur\u00edstico mediante nuevas tecnolog\u00edas"},"content":{"rendered":"<p><img decoding=\"async\" class=\"size-medium wp-image-333018 alignright\" src=\"https:\/\/dimensionturistica.com\/es\/wp-content\/uploads\/2022\/06\/WhatsApp-Image-2022-06-09-at-8.07.02-PM-300x196.jpeg\" alt=\"\" width=\"300\" height=\"196\" srcset=\"https:\/\/dimensionturistica.com\/es\/wp-content\/uploads\/2022\/06\/WhatsApp-Image-2022-06-09-at-8.07.02-PM-300x196.jpeg 300w, https:\/\/dimensionturistica.com\/es\/wp-content\/uploads\/2022\/06\/WhatsApp-Image-2022-06-09-at-8.07.02-PM-768x502.jpeg 768w, https:\/\/dimensionturistica.com\/es\/wp-content\/uploads\/2022\/06\/WhatsApp-Image-2022-06-09-at-8.07.02-PM-750x490.jpeg 750w, https:\/\/dimensionturistica.com\/es\/wp-content\/uploads\/2022\/06\/WhatsApp-Image-2022-06-09-at-8.07.02-PM.jpeg 1024w\" sizes=\"(max-width: 300px) 100vw, 300px\" \/>Con el fin de dar a conocer al sector empresarial la relevancia de la transformaci\u00f3n digital, acelerar la recuperaci\u00f3n del sector tur\u00edstico y analizar el uso de las tecnolog\u00edas en el turismo, esta tarde se llev\u00f3 a cabo, en las instalaciones de la representaci\u00f3n del Gobierno de Quintana Roo en M\u00e9xico, la rueda de prensa para la presentaci\u00f3n del Congreso Nacional de Turismo WTTS World Tourism Trends Summit\u201d, que tendr\u00e1 como sede el Centro de Convenciones de Cozumel del 24 al 26 de agosto.<br \/>\nLa rueda de prensa, fue presidida por el Gobernador del Estado, Carlos Joaqu\u00edn en compa\u00f1\u00eda del Secretario de Turismo de Quintana Roo, Bernardo Cueto Riestra; Antonio Garc\u00eda Conejo, Senador y Presidente de la Comisi\u00f3n<img decoding=\"async\" class=\"size-medium wp-image-333019 alignright\" src=\"https:\/\/dimensionturistica.com\/es\/wp-content\/uploads\/2022\/06\/WhatsApp-Image-2022-06-09-at-8.07.02-PM-4-300x228.jpeg\" alt=\"\" width=\"300\" height=\"228\" srcset=\"https:\/\/dimensionturistica.com\/es\/wp-content\/uploads\/2022\/06\/WhatsApp-Image-2022-06-09-at-8.07.02-PM-4-300x228.jpeg 300w, https:\/\/dimensionturistica.com\/es\/wp-content\/uploads\/2022\/06\/WhatsApp-Image-2022-06-09-at-8.07.02-PM-4-768x583.jpeg 768w, https:\/\/dimensionturistica.com\/es\/wp-content\/uploads\/2022\/06\/WhatsApp-Image-2022-06-09-at-8.07.02-PM-4-750x569.jpeg 750w, https:\/\/dimensionturistica.com\/es\/wp-content\/uploads\/2022\/06\/WhatsApp-Image-2022-06-09-at-8.07.02-PM-4.jpeg 1024w\" sizes=\"(max-width: 300px) 100vw, 300px\" \/> de Turismo del Senado de la Rep\u00fablica; Jessica Pe\u00f1a, Consejera Nacional Industria de Reuniones; Joan Passolas Farrerons, Consejero Nacional de Asuntos Internacionales (FETUR); Marcelina Hern\u00e1ndez Anaya, Directora de la Escuela Superior de Turismo del Instituto Polit\u00e9cnico Nacional; Jorge Pe\u00f1a Valenzuela, Filial de CDMX FETUR Nacional; Adri\u00e1n Pazolas, Consejero Nacional de Asuntos Internacionales FETUR, dem\u00e1s autoridades de gobierno y actores del sector.<br \/>\nEste congreso contar\u00e1 con la presencia de importantes especialistas que han desarrollado metodolog\u00edas y tecnolog\u00eda que puedan abonar a la aceleraci\u00f3n y recuperaci\u00f3n econ\u00f3mica del turismo en Quintana Roo y el mundo. Dentro de los temas del evento estar\u00e1n marketing tur\u00edstico, estrategias digitales, realidad aumentada, inteligencia artificial y un panel dirigido por secretarios de turismo donde se abordar\u00e1 el tema de tecnolog\u00edas digitales, tambi\u00e9n<img decoding=\"async\" class=\"size-medium wp-image-333020 alignright\" src=\"https:\/\/dimensionturistica.com\/es\/wp-content\/uploads\/2022\/06\/WhatsApp-Image-2022-06-09-at-8.07.02-PM-3-300x212.jpeg\" alt=\"\" width=\"300\" height=\"212\" srcset=\"https:\/\/dimensionturistica.com\/es\/wp-content\/uploads\/2022\/06\/WhatsApp-Image-2022-06-09-at-8.07.02-PM-3-300x212.jpeg 300w, https:\/\/dimensionturistica.com\/es\/wp-content\/uploads\/2022\/06\/WhatsApp-Image-2022-06-09-at-8.07.02-PM-3-768x544.jpeg 768w, https:\/\/dimensionturistica.com\/es\/wp-content\/uploads\/2022\/06\/WhatsApp-Image-2022-06-09-at-8.07.02-PM-3-120x86.jpeg 120w, https:\/\/dimensionturistica.com\/es\/wp-content\/uploads\/2022\/06\/WhatsApp-Image-2022-06-09-at-8.07.02-PM-3-750x531.jpeg 750w, https:\/\/dimensionturistica.com\/es\/wp-content\/uploads\/2022\/06\/WhatsApp-Image-2022-06-09-at-8.07.02-PM-3.jpeg 1024w\" sizes=\"(max-width: 300px) 100vw, 300px\" \/> contar\u00e1 con un \u00e1rea comercial, networking y post tours en Cozumel.<br \/>\n\u201cQue Quintana Roo sea sede de la edici\u00f3n 2022 de la Congreso Nacional de Turismo WTTS &amp;quot;World Tourism Trends Summit, demuestra una vez m\u00e1s, no s\u00f3lo las bondades y el potencial que poseemos como entidad, ratifica tambi\u00e9n, los esfuerzos que hemos realizado durante la administraci\u00f3n para mantener a Quintana Roo como el principal polo tur\u00edstico de M\u00e9xico.<br \/>\nSin duda el Caribe Mexicano y destinos como Cozumel contin\u00faan posicion\u00e1ndose como destinos de vanguardia que buscan una nueva forma de hacer turismo, la isla albergar\u00e1 a este evento que contar\u00e1 con m\u00e1s de 500 l\u00edderes presenciales en tecnolog\u00edas y turismo, con programas que van en b\u00fasqueda de soluciones e implementaciones tecnol\u00f3gicas para mejorar las experiencias de los viajeros\u201d, coment\u00f3 Bernardo Cueto Riestra, Secretario de Turismo de Quintana Roo<\/p>\n","protected":false},"excerpt":{"rendered":"<p>Con el fin de dar a conocer al sector empresarial la relevancia de la transformaci\u00f3n digital, acelerar la recuperaci\u00f3n del sector tur\u00edstico y analizar el uso de las tecnolog\u00edas en el turismo, esta tarde se llev\u00f3 a cabo, en las instalaciones de la representaci\u00f3n del Gobierno de Quintana Roo en M\u00e9xico, la rueda de prensa [&hellip;]<\/p>\n","protected":false},"author":1,"featured_media":333021,"comment_status":"open","ping_status":"closed","sticky":false,"template":"","format":"standard","meta":{"om_disable_all_campaigns":false,"jnews-multi-image_gallery":[],"jnews_single_post":{"source_name":"","source_url":"","via_name":"","via_url":"","override_template":"0","override":[{"template":"1","single_blog_custom":"","parallax":"1","fullscreen":"1","layout":"right-sidebar","sidebar":"default-sidebar","second_sidebar":"default-sidebar","sticky_sidebar":"1","share_position":"top","share_float_style":"share-monocrhome","show_share_counter":"1","show_view_counter":"1","show_featured":"1","show_post_meta":"1","show_post_author":"1","show_post_author_image":"1","show_post_date":"1","post_date_format":"default","post_date_format_custom":"Y\/m\/d","show_post_category":"1","show_post_reading_time":"0","post_reading_time_wpm":"300","show_zoom_button":"0","zoom_button_out_step":"2","zoom_button_in_step":"3","show_post_tag":"1","show_prev_next_post":"1","show_popup_post":"1","number_popup_post":"1","show_author_box":"0","show_post_related":"0","show_inline_post_related":"0"}],"override_image_size":"0","image_override":[{"single_post_thumbnail_size":"crop-500","single_post_gallery_size":"crop-500"}],"trending_post":"0","trending_post_position":"meta","trending_post_label":"Trending","sponsored_post":"0","sponsored_post_label":"Sponsored by","sponsored_post_name":"","sponsored_post_url":"","sponsored_post_logo_enable":"0","sponsored_post_logo":"","sponsored_post_desc":"","disable_ad":"0"},"jnews_primary_category":{"id":""},"jnews_social_meta":{"fb_title":"","fb_description":"","fb_image":"","twitter_title":"","twitter_description":"","twitter_image":""},"footnotes":""},"categories":[39],"tags":[],"class_list":["post-332995","post","type-post","status-publish","format-standard","has-post-thumbnail","hentry","category-viajes"],"_links":{"self":[{"href":"https:\/\/dimensionturistica.com\/es\/wp-json\/wp\/v2\/posts\/332995","targetHints":{"allow":["GET"]}}],"collection":[{"href":"https:\/\/dimensionturistica.com\/es\/wp-json\/wp\/v2\/posts"}],"about":[{"href":"https:\/\/dimensionturistica.com\/es\/wp-json\/wp\/v2\/types\/post"}],"author":[{"embeddable":true,"href":"https:\/\/dimensionturistica.com\/es\/wp-json\/wp\/v2\/users\/1"}],"replies":[{"embeddable":true,"href":"https:\/\/dimensionturistica.com\/es\/wp-json\/wp\/v2\/comments?post=332995"}],"version-history":[{"count":0,"href":"https:\/\/dimensionturistica.com\/es\/wp-json\/wp\/v2\/posts\/332995\/revisions"}],"wp:featuredmedia":[{"embeddable":true,"href":"https:\/\/dimensionturistica.com\/es\/wp-json\/wp\/v2\/media\/333021"}],"wp:attachment":[{"href":"https:\/\/dimensionturistica.com\/es\/wp-json\/wp\/v2\/media?parent=332995"}],"wp:term":[{"taxonomy":"category","embeddable":true,"href":"https:\/\/dimensionturistica.com\/es\/wp-json\/wp\/v2\/categories?post=332995"},{"taxonomy":"post_tag","embeddable":true,"href":"https:\/\/dimensionturistica.com\/es\/wp-json\/wp\/v2\/tags?post=332995"}],"curies":[{"name":"wp","href":"https:\/\/api.w.org\/{rel}","templated":true}]}}