{"id":332911,"date":"2022-06-16T16:07:21","date_gmt":"2022-06-16T16:07:21","guid":{"rendered":"https:\/\/dimensionturistica.com\/es\/?p=332911"},"modified":"2022-06-16T16:07:21","modified_gmt":"2022-06-16T16:07:21","slug":"los-grandes-viajes-y-escapadas-del-numero-de-julio-de-viajes-national-geographic","status":"publish","type":"post","link":"https:\/\/dimensionturistica.com\/es\/los-grandes-viajes-y-escapadas-del-numero-de-julio-de-viajes-national-geographic\/","title":{"rendered":"Los grandes viajes y escapadas del n\u00famero de julio de Viajes National Geographic"},"content":{"rendered":"<p> <br \/>\n<\/p>\n<div><head><meta charset=\"UTF-8\"\/><title>&#13;Los grandes viajes y escapadas del n\u00famero de julio de Viajes Nationwide Geographic<\/title><meta http-equiv=\"X-UA-Compatible\" content=\"IE=edge,chrome=1\"\/><meta name=\"apple-mobile-web-app-capable\" content=\"yes\"\/><meta name=\"apple-touch-fullscreen\" content=\"yes\"\/><meta name=\"viewport\" content=\"width=device-width, initial-scale=1.0, maximum-scale=5.0\"\/><meta name=\"theme-color\" content=\"#FFFFFF\"\/><meta name=\"keywords\" content=\"KeyWords por defecto, cargado desde el fichero de recursos.\"\/><meta name=\"description\" content=\"El primer mes 100% estival es ideal para una aventura por monta\u00f1as m\u00edticas y playas ex\u00f3ticas.\"\/><meta name=\"date\" content=\"2022-06-10T11:11:00+02:00\"\/><meta name=\"DC.date.issued\" content=\"2022-06-10\"\/><meta property=\"article:modified_time\" content=\"2022-06-10T11:11:00+02:00\"\/><meta name=\"robots\" content=\"max-image-preview:large, max-video-preview:-1\"\/>&#13;<meta property=\"og:type\" content=\"article\"\/><meta property=\"og:site_name\" content=\"viajes.nationalgeographic.com.es\"\/><meta property=\"og:title\" content=\"Los grandes viajes y escapadas del n\u00famero de julio de Viajes National Geographic\"\/><meta property=\"og:description\" content=\"El primer mes 100% estival es ideal para una aventura por monta\u00f1as m\u00edticas y playas ex\u00f3ticas.\"\/><meta property=\"og:image\" content=\"https:\/\/viajes.nationalgeographic.com.es\/medio\/2022\/06\/09\/istock-1361423560_fca5b727_1200x630.jpg\"\/><meta property=\"og:image:width\" content=\"1200\"\/><meta property=\"og:image:height\" content=\"630\"\/><meta property=\"og:url\" content=\"https:\/\/viajes.nationalgeographic.com.es\/a\/grandes-viajes-y-escapadas-numero-julio-viajes-national-geographic_18291\"\/><meta property=\"fb:pages\" content=\"109154885787146\"\/><meta property=\"fb:app_id\" content=\"1164204310298753\"\/><meta name=\"twitter:card\" content=\"summary_large_image\"\/><meta name=\"twitter:title\" content=\"Los grandes viajes y escapadas del n\u00famero de julio de Viajes National Geographic\"\/><meta name=\"twitter:description\" content=\"El primer mes 100% estival es ideal para una aventura por monta\u00f1as m\u00edticas y playas ex\u00f3ticas.\"\/><meta name=\"twitter:image\" content=\"https:\/\/viajes.nationalgeographic.com.es\/medio\/2022\/06\/09\/istock-1361423560_fca5b727_1200x630.jpg\"\/><meta name=\"twitter:url\" content=\"https:\/\/viajes.nationalgeographic.com.es\/a\/grandes-viajes-y-escapadas-numero-julio-viajes-national-geographic_18291\"\/><meta name=\"twitter:site\" content=\"@viajesng\"\/><meta name=\"twitter:site:id\" content=\"132220191\"\/><meta property=\"nrbi:sections\" content=\"Viajes;Galeria;Destacado NG\"\/><!-- Favicons --><link rel=\"shortcut icon\" href=\"https:\/\/viajes.nationalgeographic.com.es\/favicon.ico\" type=\"image\/x-icon\"\/><link rel=\"apple-touch-icon\" sizes=\"180x180\" href=\"https:\/\/viajes.nationalgeographic.com.es\/apple-touch-icon.png\"\/><link rel=\"icon\" type=\"image\/png\" sizes=\"32x32\" href=\"https:\/\/viajes.nationalgeographic.com.es\/favicon-32x32.png\"\/><link rel=\"icon\" type=\"image\/png\" sizes=\"16x16\" href=\"https:\/\/viajes.nationalgeographic.com.es\/favicon-16x16.png\"\/><link rel=\"manifest\" href=\"https:\/\/viajes.nationalgeographic.com.es\/manifest.json\"\/><link rel=\"mask-icon\" href=\"https:\/\/viajes.nationalgeographic.com.es\/safari-pinned-tab.svg\" color=\"#ffce00\"\/><!-- End Favicons --><meta name=\"p:domain_verify\" content=\"fae6d276b2e9db082d040a7ce8ab539e\"\/><meta name=\"google-site-verification\" content=\"Tcl75ro5Kk2akmgqfjja0lqXSAkJivB8Y1zzzZz8pyE\"\/><link rel=\"preconnect\" href=\"https:\/\/fonts.googleapis.com\" crossorigin=\"\"\/><link rel=\"preconnect\" href=\"https:\/\/fonts.gstatic.com\" crossorigin=\"\"\/><link rel=\"preconnect\" href=\"https:\/\/www.googletagmanager.com\" crossorigin=\"\"\/><link type=\"text\/css\" rel=\"stylesheet preload\" media=\"screen\" href=\"https:\/\/fonts.googleapis.com\/css2?family=Open+Sans:ital,wght@0,300;0,400;0,600;1,400&amp;family=Playfair+Display:ital,wght@0,400;1,700&amp;family=Montserrat:ital,wght@0,300;0,400;0,500;0,600;0,700;1,400&amp;family=Libre+Baskerville&amp;family=Medula+One&amp;display=swap\" as=\"style\"\/><link type=\"text\/css\" media=\"screen\" href=\"https:\/\/cdn.knightlab.com\/libs\/juxtapose\/latest\/css\/juxtapose.css\" rel=\"stylesheet\"\/><link type=\"text\/css\" media=\"screen\" href=\"https:\/\/content-viajes.nationalgeographic.com.es\/content\/20220609114348\/skins\/ngviajes19\/cache.web.base.css\" rel=\"stylesheet\"\/><!-- DIDOMI Script -->&#13;<!-- DIDOMI Consent -->&#13;<link rel=\"canonical\" href=\"https:\/\/viajes.nationalgeographic.com.es\/a\/grandes-viajes-y-escapadas-numero-julio-viajes-national-geographic_18291\"\/><link rel=\"amphtml\" href=\"https:\/\/viajes.nationalgeographic.com.es\/a\/grandes-viajes-y-escapadas-numero-julio-viajes-national-geographic_18291\/amp\"\/><!-- MARFEEL --><\/head><body class=\"site cbp-spmenu-push post\" id=\"wp_automatic_ReadabilityBody\"><!-- Google Tag Manager --><noscript><iframe loading=\"lazy\" src=\"https:\/\/www.googletagmanager.com\/ns.html?id=GTM-5RZ7W8C\" height=\"0\" width=\"0\" style=\"display:none;visibility:hidden\"><\/iframe><\/noscript><!-- End Google Tag Manager --><\/p>\n<form method=\"post\" action=\"\/a\/grandes-viajes-y-escapadas-numero-julio-viajes-national-geographic_18291\" id=\"aspnetForm\">\n<div class=\"page-content \">\n<p><main id=\"main\" class=\"site-content detail detail-gallery\">&#13;<\/p>\n<div id=\"detail\" class=\"ng-container\">\n<div class=\"row\">\n<div class=\"col-xs-12 col-sm-12 col-md-12 col-lg-12 main-content\">\n<article class=\"entry-main ng-container\">&#13;&#13;<\/p>\n<div class=\"entry-author ng-container-text\">\n<div id=\"involveds\" class=\"involveds wrap\">\n<div class=\"involved-authors only-author\">\n<div class=\"first-author\">\n<figure class=\"thumb col-xs-3\">&#13;<img loading=\"lazy\" decoding=\"async\" src=\"https:\/\/viajes.nationalgeographic.com.es\/medio\/2022\/01\/25\/sandramartin_97062ebf_600x600.jpg\" alt=\"SandraMartin\" class=\"lazyload\" width=\"600\" height=\"600\" data-aspectratio=\"600\/600\"\/><noscript><img decoding=\"async\" src=\"https:\/\/viajes.nationalgeographic.com.es\/medio\/2022\/01\/25\/sandramartin_97062ebf_600x600.jpg\" alt=\"SandraMartin\"\/><\/noscript>&#13;<\/figure>\n<\/div>\n<\/div>\n<\/div>\n<p class=\"date\"> <time itemprop=\"dateModified\" datetime=\"2022-06-10T11:11:00+02:00\" data-timestamp=\"1654859460\">&#13;10 de junio de 2022 \u00b7 11:11<\/time>&#13;<\/p>\n<\/div>\n<p><!-- START: detail-->&#13;&#13;<\/p>\n<div class=\"entry-media ng-container-media\">\n<div class=\"fgs\">\n<div class=\"fgs-slider\">\n<div class=\"slide horizontal\" data-slide=\"0\" id=\"slide-0\">\n<figure class=\"thumb photo\">&#13;<\/p>\n<div class=\"photo-container\">\n<img loading=\"lazy\" decoding=\"async\" sizes=\"auto, 100vw\" srcset=\"https:\/\/viajes.nationalgeographic.com.es\/medio\/2022\/06\/09\/picos-de-urbion_68bb64bf_501x334.jpg 501w,https:\/\/viajes.nationalgeographic.com.es\/medio\/2022\/06\/09\/picos-de-urbion_17a934cb_752x501.jpg 752w,https:\/\/viajes.nationalgeographic.com.es\/medio\/2022\/06\/09\/picos-de-urbion_c80eb2ce_1253x836.jpg 1253w\" src=\"https:\/\/viajes.nationalgeographic.com.es\/medio\/2022\/06\/09\/picos-de-urbion_c80eb2ce_1253x836.jpg\" alt=\"Picos de Urbi\u00f3n\" class=\"lazyload lazyload\" width=\"1253\" height=\"836\" data-aspectratio=\"1253\/836\"\/><noscript><img decoding=\"async\" src=\"https:\/\/viajes.nationalgeographic.com.es\/medio\/2022\/06\/09\/picos-de-urbion_c80eb2ce_1253x836.jpg\" alt=\"Picos de Urbi\u00f3n\"\/><\/noscript>\n<\/div>\n<p>&#13;<figcaption>&#13;&#13;<\/figcaption>&#13;<\/figure>\n<div class=\"txt\">\n<h3 class=\"title\">&#13;Picos de Urbi\u00f3n<\/h3>\n<p>&#13;<br \/>\nLa sierra que se extiende entre Soria y La Rioja alberga un fabuloso paisaje de cumbres y lagos que invita a emprender excursiones a pie y a descubrir leyendas sobre tormentas o seres malignos. El punto m\u00e1s emblem\u00e1tico es la Laguna Negra, objetivo de varios senderos espectaculares. En este viaje alrededor de los Picos de Urbi\u00f3n, se atraviesa la sierra Cebollera, se visitan pueblos tradicionales como Ezcaray o Calata\u00f1azor, el monasterio de Santa Mar\u00eda la Actual en N\u00e1jera o la catedral Santo Domingo de la Calzada, para finalizar con una excursi\u00f3n por el singular Ca\u00f1\u00f3n del R\u00edo Lobos.\u00a0<br \/>&#13;<br \/>\n\u00a0<\/p>\n<\/div>\n<\/div>\n<div class=\"slide horizontal\" data-slide=\"1\" id=\"slide-1\">\n<figure class=\"thumb photo\">&#13;<\/p>\n<div class=\"photo-container\">\n<img loading=\"lazy\" decoding=\"async\" sizes=\"auto, 100vw\" srcset=\"https:\/\/viajes.nationalgeographic.com.es\/medio\/2022\/06\/09\/islas-jonicas-el-archipielago-de-ulises-y-los-durrell_1d80ef13_502x335.jpg 502w,https:\/\/viajes.nationalgeographic.com.es\/medio\/2022\/06\/09\/islas-jonicas-el-archipielago-de-ulises-y-los-durrell_e872d20a_752x501.jpg 752w,https:\/\/viajes.nationalgeographic.com.es\/medio\/2022\/06\/09\/islas-jonicas-el-archipielago-de-ulises-y-los-durrell_0f0ebcd0_1254x837.jpg 1254w\" src=\"https:\/\/viajes.nationalgeographic.com.es\/medio\/2022\/06\/09\/islas-jonicas-el-archipielago-de-ulises-y-los-durrell_0f0ebcd0_1254x837.jpg\" alt=\"iStock-1361423560. Islas J\u00f3nicas, el archipi\u00e9lago de Ulises y los Durrell\" class=\"lazyload lazyload\" width=\"1254\" height=\"837\" data-aspectratio=\"1254\/837\"\/><noscript><img decoding=\"async\" src=\"https:\/\/viajes.nationalgeographic.com.es\/medio\/2022\/06\/09\/islas-jonicas-el-archipielago-de-ulises-y-los-durrell_0f0ebcd0_1254x837.jpg\" alt=\"iStock-1361423560. Islas J\u00f3nicas, el archipi\u00e9lago de Ulises y los Durrell\"\/><\/noscript>\n<\/div>\n<p>&#13;<figcaption>&#13;&#13;<\/figcaption>&#13;<\/figure>\n<div class=\"txt\">\n<h3 class=\"title\">&#13;Islas J\u00f3nicas, el archipi\u00e9lago de Ulises y los Durrell<\/h3>\n<p>Este archipi\u00e9lago griego es un cofre de mitos en el que cada isla tiene su propio car\u00e1cter. Verdes y escarpadas, las J\u00f3nicas engarzan su belleza con un mar de azules turquesa, celeste y esmeralda. Como en tantos lugares, aqu\u00ed se amontonan historias, conquistas y mitos literarios y cl\u00e1sicos, pero en este caso se trata de escenarios de La Odisea de Homero, del palacio de Sissi y de la casa de veraneo de los Durrell. El viaje por Corf\u00fa, Cefalonia, Zante e \u00cdtaca descubre esos enclaves hist\u00f3ricos y tambi\u00e9n rincones naturales deslumbrantes, como la bah\u00eda de Myrtal (Corf\u00fa), la cueva de Melissani (Cefalonia) o la playa del Naufragio (Zante).<\/p>\n<\/div>\n<\/div>\n<div class=\"slide horizontal\" data-slide=\"2\" id=\"slide-2\">\n<figure class=\"thumb photo\">&#13;&#13;<figcaption>&#13;&#13;<\/figcaption>&#13;<\/figure>\n<div class=\"txt\">\n<h3 class=\"title\">&#13;Alaska, la \u00faltima frontera<\/h3>\n<p>El monte Denali, la taiga infinita y los glaciares que desembocan en bah\u00edas son los emblemas del estado m\u00e1s extenso y salvaje de los Estados Unidos. Anchorage, la ciudad m\u00e1s poblada de Alaska, es el mejor punto de partida para descubrir los espacios infinitos de un territorio que evoca historias de exploradores y naturaleza virgen a raudales.<\/p>\n<p>Al sur se extiende la pen\u00ednsula de Kenai, surcada por fiordos frecuentados por ballenas y orcas que pueden contemplarse desde un barco, y la isla de Kodiak, hogar de una subespecie de oso grizzly de gran tama\u00f1o. Al norte de Anchorage se alza el monte Denali o McKinley (6194 m), techo de Norteam\u00e9rica, y la ciudad de Fairbanks, uno de los mejores lugares para contemplar auroras boreales entre septiembre y abril.<\/p>\n<p>En este inmenso estado las maravillas naturales parecen inagotables, especialmente en dos parques nacionales: el Wrangell-St Elias y la Bah\u00eda de los Glaciares. El primero tiene 9 de los 16 picos m\u00e1s altos del pa\u00eds; y el segundo alberga m\u00e1s de media docena de glaciares que llegan al mar.<\/p>\n<\/div>\n<\/div>\n<div class=\"slide horizontal\" data-slide=\"3\" id=\"slide-3\">\n<figure class=\"thumb photo\">&#13;<\/p>\n<div class=\"photo-container\">\n<img loading=\"lazy\" decoding=\"async\" sizes=\"auto, 100vw\" srcset=\"https:\/\/viajes.nationalgeographic.com.es\/medio\/2022\/06\/09\/el-tirol-alpes-en-estado-puro_84fcc884_502x334.jpg 502w,https:\/\/viajes.nationalgeographic.com.es\/medio\/2022\/06\/09\/el-tirol-alpes-en-estado-puro_01135c2a_752x501.jpg 752w,https:\/\/viajes.nationalgeographic.com.es\/medio\/2022\/06\/09\/el-tirol-alpes-en-estado-puro_d516f93a_1254x836.jpg 1254w\" src=\"https:\/\/viajes.nationalgeographic.com.es\/medio\/2022\/06\/09\/el-tirol-alpes-en-estado-puro_d516f93a_1254x836.jpg\" alt=\"iStock-172513399. El Tirol, Alpes en estado puro\" class=\"lazyload lazyload\" width=\"1254\" height=\"836\" data-aspectratio=\"1254\/836\"\/><noscript><img decoding=\"async\" src=\"https:\/\/viajes.nationalgeographic.com.es\/medio\/2022\/06\/09\/el-tirol-alpes-en-estado-puro_d516f93a_1254x836.jpg\" alt=\"iStock-172513399. El Tirol, Alpes en estado puro\"\/><\/noscript>\n<\/div>\n<p>&#13;<figcaption>&#13;&#13;<\/figcaption>&#13;<\/figure>\n<div class=\"txt\">\n<h3 class=\"title\">&#13;El Tirol, Alpes en estado puro<\/h3>\n<p>Innsbruck es el eje de una ruta por el coraz\u00f3n alpino de Austria, desde el valle de Otztal y los lagos bajo el Zugspitze hasta el parque Hohe Tauern. La capital tirolesa es un ba\u00f1o de historia y arte antes de adentrarse por un territorio de naturaleza extraordinaria con poblaciones de arquitectura tradicional y gastronom\u00eda monta\u00f1esa. Una extensa pink de senderos recorre los alrededores del lago Seebensee, el valle de Otztal y el magn\u00edfico parque nacional Hohe Tauern, compartido tambi\u00e9n por Carintia y Salzburgo.&#13;<\/p>\n<\/div>\n<\/div>\n<div class=\"slide horizontal\" data-slide=\"4\" id=\"slide-4\">\n<figure class=\"thumb photo\">&#13;<\/p>\n<div class=\"photo-container\">\n<img loading=\"lazy\" decoding=\"async\" sizes=\"auto, 100vw\" srcset=\"https:\/\/viajes.nationalgeographic.com.es\/medio\/2022\/06\/09\/bretana-el-finisterre_31477b83_508x330.jpg 508w,https:\/\/viajes.nationalgeographic.com.es\/medio\/2022\/06\/09\/bretana-el-finisterre_445e4ced_761x495.jpg 761w,https:\/\/viajes.nationalgeographic.com.es\/medio\/2022\/06\/09\/bretana-el-finisterre_81a8c2bd_1269x826.jpg 1269w\" src=\"https:\/\/viajes.nationalgeographic.com.es\/medio\/2022\/06\/09\/bretana-el-finisterre_81a8c2bd_1269x826.jpg\" alt=\"iStock-1364069911. Breta\u00f1a, el Finisterre\" class=\"lazyload lazyload\" width=\"1269\" height=\"826\" data-aspectratio=\"1269\/826\"\/><noscript><img decoding=\"async\" src=\"https:\/\/viajes.nationalgeographic.com.es\/medio\/2022\/06\/09\/bretana-el-finisterre_81a8c2bd_1269x826.jpg\" alt=\"iStock-1364069911. Breta\u00f1a, el Finisterre\"\/><\/noscript>\n<\/div>\n<p>&#13;<figcaption>&#13;&#13;<\/figcaption>&#13;<\/figure>\n<div class=\"txt\">\n<h3 class=\"title\">&#13;Breta\u00f1a, el Finisterre<\/h3>\n<p>Hasta quienes no han ido a Breta\u00f1a tienen postales mentales de ella  y saben ubicarla en un mapa. Esto se debe a varios aspectos: una identidad propia, pueblos que parecen reci\u00e9n salidos de la Edad Media, delicias gastron\u00f3micas como las crepes, la sidra o las ostras, y esa brillante paleta de colores que dibujan sus paisajes mar\u00edtimos.&#13;<\/p>\n<p>La ruta que bordea la costa desde el golfo de Morbihan hasta la punta de Raz asombra con bah\u00edas resguardadas, los restos megal\u00edticos de Carnac (m\u00e1s de 3000 d\u00f3lmenes), bosques m\u00e1gicos y pueblos que enamoraron a Gauguin y a los artistas postimpresionistas.<\/p>\n<\/div>\n<\/div>\n<div class=\"slide horizontal\" data-slide=\"5\" id=\"slide-5\">\n<figure class=\"thumb photo\">&#13;&#13;<figcaption>&#13;&#13;<\/figcaption>&#13;<\/figure>\n<div class=\"txt\">\n<h3 class=\"title\">&#13;Isla Mauricio, un ed\u00e9n en en \u00cdndico<\/h3>\n<p>Gracias al clima tropical, esta isla del \u00cdndico es como un ex\u00f3tico jard\u00edn del tama\u00f1o de Tenerife. Pero Mauricio goza de una particularidad que la hace casi \u00fanica: gentes de distintas culturas conviven de forma armoniosa a pesar de sus diferentes religiones, tradiciones y lenguas. El viaje por esta isla al este de Madagascar tiene diversos rincones imprescindibles: su capital, Port Louis, con un puerto y un mercado de gran atractivo; el jard\u00edn de Pamplemousses, donde se cultivaron los primeros \u00e1rboles de nuez moscada y clavo fuera de las Molucas; las cascadas de Tamarin, un conjunto de saltos de agua rodeados de vegetaci\u00f3n exuberante; la Tierra de los Siete Colores, una colina con vetas creadas por los \u00f3xidos de hierro y de aluminio; y la mole de roca bas\u00e1ltica Le Morne Brabant, que fue un refugio de esclavos fugitivos en el pasado.<\/p>\n<\/div>\n<\/div>\n<div class=\"slide horizontal\" data-slide=\"6\" id=\"slide-6\">\n<figure class=\"thumb photo\">&#13;<\/p>\n<div class=\"photo-container\">\n<img loading=\"lazy\" decoding=\"async\" sizes=\"auto, 100vw\" srcset=\"https:\/\/viajes.nationalgeographic.com.es\/medio\/2022\/06\/09\/geoparque-montanas-de-o-courel_922fdc11_521x321.jpg 521w,https:\/\/viajes.nationalgeographic.com.es\/medio\/2022\/06\/09\/geoparque-montanas-de-o-courel_51fdfa69_782x483.jpg 782w,https:\/\/viajes.nationalgeographic.com.es\/medio\/2022\/06\/09\/geoparque-montanas-de-o-courel_b90ab76f_1303x805.jpg 1303w\" src=\"https:\/\/viajes.nationalgeographic.com.es\/medio\/2022\/06\/09\/geoparque-montanas-de-o-courel_b90ab76f_1303x805.jpg\" alt=\"iStock-1328289580. Geoparque Monta\u00f1as de O Courel\" class=\"lazyload lazyload\" width=\"1303\" height=\"805\" data-aspectratio=\"1303\/805\"\/><noscript><img decoding=\"async\" src=\"https:\/\/viajes.nationalgeographic.com.es\/medio\/2022\/06\/09\/geoparque-montanas-de-o-courel_b90ab76f_1303x805.jpg\" alt=\"iStock-1328289580. Geoparque Monta\u00f1as de O Courel\"\/><\/noscript>\n<\/div>\n<p>&#13;<figcaption>&#13;&#13;<\/figcaption>&#13;<\/figure>\n<div class=\"txt\">\n<h3 class=\"title\">&#13;Geoparque Monta\u00f1as de O Courel<\/h3>\n<p>Ribas de Sil es el punto de partida para explorar este geoparque  del inside de Lugo, un territorio de leyendas con un gran valor paisaj\u00edstico y etnogr\u00e1fico. Sus bosques son el hogar de lobos y osos, y sus pueblos albergan vestigios de minas romanas y de herrer\u00edas que recuerdan \u00e9pocas pasadas. Los senderos que surcan el geoparque son todos fascinantes y las caminatas siempre pueden acabarse sentados a una buena mesa probando el sabroso vino de las riberas del Sil.&#13;<\/p>\n<\/div>\n<\/div>\n<div class=\"slide horizontal\" data-slide=\"7\" id=\"slide-7\">\n<figure class=\"thumb photo\">&#13;&#13;<figcaption>&#13;&#13;<\/figcaption>&#13;<\/figure>\n<div class=\"txt\">\n<h3 class=\"title\">&#13;Donegal, el Wild West de Irlanda<\/h3>\n<p>La esquina noroeste de Irlanda re\u00fane todo lo que se busca en un viaje a la isla esmeralda, pero a lo salvaje. La ruta por el litoral hasta los cabos m\u00e1s septentrionales atraviesa un paisaje que alterna prados, p\u00e1ramos y montes tapizados de brezo con una costa de acantilados, playas de enviornment o de cantos rodados. En los pueblos, tranquilos y de pocas calles, se oye hablar ga\u00e9lico y la m\u00fasica tradicional llena de ritmo los pubs por la tarde.<\/p>\n<p>\u00a0<\/p>\n<\/div>\n<\/div>\n<\/div>\n<\/div>\n<\/div>\n<div class=\"entry-content ng-container-text gallery\" id=\"article-text\">\n<div class=\"txt\">\n<aside class=\"subscription-highlighted\">\n<div class=\"subscription-container\">\n<div class=\"non-subscribed\">\n<p class=\"description\">Somos de rutas, no de rutinas. Descubre Viajes Nationwide Geographic<\/p>\n<p><a rel=\"nofollow noopener\" target=\"_blank\" href=\"https:\/\/tienda.rbarevistas.com\/por-que-viajes-national-geographic.html?rba_source=viajes.nationalgeographic.com.es&amp;rba_medium=referral&amp;rba_campaign=NGMV&amp;rba_content=frase-articulo\" class=\"more-link\">SABER M\u00c1S<\/a><\/div>\n<\/div>\n<\/aside>\n<p style=\"display: none;\"><img decoding=\"async\" id=\"ctl01_ctl00_phMain_phMain_ctl00_ctl02_ctl17_ctl01_imgContent\" src=\"https:\/\/viajes.nationalgeographic.com.es\/medio\/2022\/06\/09\/istock-1361423560_70574fed_800x800.jpg\" alt=\"iStock-1361423560\" style=\"border-width:0px;\"\/><\/p>\n<aside class=\"add300x250 publi-interior-top ad-container-r1 ad-inline\"\/>\n<aside class=\"add300x600 publi-interior-bot ad-inline ad-container-r2\"\/><\/div>\n<p><!-- START: tags-rel  --><!-- END: tags-rel   --><br \/>\n<!-- START:toolbar --><!-- END:toolbar --><\/div>\n<div id=\"contentFullImg\" class=\"contentFullImg\" style=\"display: none\">\n<div id=\"divFull\" class=\"divFullImg\">\n<img id=\"imgFull\" alt=\"imagen full\" onclick=\"\" class=\"imgFull lazyload\"\/><\/div>\n<\/div>\n<p><!-- END : detail --><\/article>\n<section class=\"block01 recommend ng-container\">&#13;<\/section>\n<\/div>\n<\/div>\n<\/div>\n<p>&#13;<\/main><br \/>\n<!-- START: footer --><!-- END: footer -->\n<\/div>\n<p>&#13;&#13;<\/p><\/form>\n<div class=\"sticky-bottom\">\n<div class=\"ng-container\">\n<!-- START: ExtraSticky --><\/p>\n<aside class=\"sticky-subscription\">\n<div class=\"row\">\n<div class=\"catchphrase col-xs-12 col-sm-12 col-md-12 col-lg-12\">\n<p class=\"claim\" id=\"claimsticky\">BIENVENIDO, EL MUNDO TE ESPERA<\/p>\n<p><i class=\"icon-close-thin\"\/><\/div>\n<div class=\"magazines col-xs-12 col-sm-12 col-md-12 col-lg-12\">\n<h3 class=\"title\">&#13;Escoge tu revista<\/h3>\n<p class=\"subtitle\">Y disfruta de un espectacular n\u00famero cada mes en tu casa<\/p>\n<\/div>\n<\/div>\n<\/aside>\n<p><!-- END: ExtraSticky --><\/div>\n<\/div>\n<p>&#13;<\/p>\n<div id=\"dialog-confirm\">\n<p>\u00bfDeseas dejar de recibir las noticias m\u00e1s destacadas de Viajes Nationwide Geographic?<\/p>\n<\/div>\n<p>&#13;&#13;<!-- AD DFP Manager -->&#13;&#13;<\/body><\/div>\n\n<p><em> &#8221; Fuentes viajes.nationalgeographic.com.es &#8221; <\/em><\/p>\n","protected":false},"excerpt":{"rendered":"<p>&#13;Los grandes viajes y escapadas del n\u00famero de julio de Viajes Nationwide Geographic&#13;&#13;&#13; &#13; &#13;&#13; &#13;&#13; &#13;10 de junio de 2022 \u00b7 11:11&#13; &#13;&#13; &#13; &#13;&#13;&#13;&#13; &#13;Picos de Urbi\u00f3n &#13; La sierra que se extiende entre Soria y La Rioja alberga un fabuloso paisaje de cumbres y lagos que invita a emprender excursiones a pie [&hellip;]<\/p>\n","protected":false},"author":4,"featured_media":332912,"comment_status":"open","ping_status":"closed","sticky":false,"template":"","format":"standard","meta":{"om_disable_all_campaigns":false,"jnews-multi-image_gallery":[],"jnews_single_post":[],"jnews_primary_category":[],"jnews_social_meta":[],"footnotes":""},"categories":[39],"tags":[47258,47257],"class_list":["post-332911","post","type-post","status-publish","format-standard","has-post-thumbnail","hentry","category-viajes","tag-cargado-desde-el-fichero-de-recursos","tag-keywords-por-defecto"],"_links":{"self":[{"href":"https:\/\/dimensionturistica.com\/es\/wp-json\/wp\/v2\/posts\/332911","targetHints":{"allow":["GET"]}}],"collection":[{"href":"https:\/\/dimensionturistica.com\/es\/wp-json\/wp\/v2\/posts"}],"about":[{"href":"https:\/\/dimensionturistica.com\/es\/wp-json\/wp\/v2\/types\/post"}],"author":[{"embeddable":true,"href":"https:\/\/dimensionturistica.com\/es\/wp-json\/wp\/v2\/users\/4"}],"replies":[{"embeddable":true,"href":"https:\/\/dimensionturistica.com\/es\/wp-json\/wp\/v2\/comments?post=332911"}],"version-history":[{"count":0,"href":"https:\/\/dimensionturistica.com\/es\/wp-json\/wp\/v2\/posts\/332911\/revisions"}],"wp:featuredmedia":[{"embeddable":true,"href":"https:\/\/dimensionturistica.com\/es\/wp-json\/wp\/v2\/media\/332912"}],"wp:attachment":[{"href":"https:\/\/dimensionturistica.com\/es\/wp-json\/wp\/v2\/media?parent=332911"}],"wp:term":[{"taxonomy":"category","embeddable":true,"href":"https:\/\/dimensionturistica.com\/es\/wp-json\/wp\/v2\/categories?post=332911"},{"taxonomy":"post_tag","embeddable":true,"href":"https:\/\/dimensionturistica.com\/es\/wp-json\/wp\/v2\/tags?post=332911"}],"curies":[{"name":"wp","href":"https:\/\/api.w.org\/{rel}","templated":true}]}}