{"id":332902,"date":"2022-06-16T15:59:15","date_gmt":"2022-06-16T15:59:15","guid":{"rendered":"https:\/\/dimensionturistica.com\/es\/?p=332902"},"modified":"2022-06-16T15:59:16","modified_gmt":"2022-06-16T15:59:16","slug":"sin-certificado-covid-ni-mascarilla-pero-con-muchas-novedades","status":"publish","type":"post","link":"https:\/\/dimensionturistica.com\/es\/sin-certificado-covid-ni-mascarilla-pero-con-muchas-novedades\/","title":{"rendered":"sin certificado COVID ni mascarilla&#8230; pero con muchas novedades"},"content":{"rendered":"<p> <br \/>\n<\/p>\n<div id=\"article-sumary\">\n<div class=\"article-txt ad-mobile-top\">\n<p>Desde que el d\u00eda 1 de abril de 2022\u00a0Italia decidi\u00f3 poner fin al estado de emergencia que hab\u00eda decretado el d\u00eda\u00a031 de enero de 2020, el gobierno ha anunciado medidas que eliminan las restricciones para viajar al pa\u00eds. La primera lleg\u00f3 el\u00a01 de mayo, cuando el Ministerio de Salud anunci\u00f3 que ya no period necesario rellenar ni presentar el Formulario Digital de Localizaci\u00f3n del Pasajero (dLPF) para entrar a Italia. Un mes m\u00e1s tarde, el 1 de junio, <strong>dej\u00f3 de ser obligatorio el Certificado COVID digital de la Uni\u00f3n Europea, as\u00ed como la necesidad de presentar un resultado negativo de prueba diagn\u00f3stica PCR o de ant\u00edgenos.<\/strong><\/p>\n<p>Junto a estas medidas, Italia da la bienvenida al viajero con novedades que permiten common el turismo, pero tambi\u00e9n con aperturas e inauguraciones que arrojan luz sobre la historia y la cultura italiana.<\/p>\n<\/div>\n<\/div>\n<div id=\"article-text\">\n<div class=\"txt\">\n<aside class=\"subscription-highlighted\">\n<div class=\"subscription-container\">\n<div class=\"non-subscribed\">\n<p class=\"description\">Somos de rutas, no de rutinas. Descubre Viajes Nationwide Geographic<\/p>\n<p><a rel=\"nofollow noopener\" target=\"_blank\" href=\"https:\/\/tienda.rbarevistas.com\/por-que-viajes-national-geographic.html?rba_source=viajes.nationalgeographic.com.es&amp;rba_medium=referral&amp;rba_campaign=NGMV&amp;rba_content=frase-articulo\" class=\"more-link\">SABER M\u00c1S<\/a><\/div>\n<\/div>\n<\/aside>\n<p style=\"display: none;\"><img decoding=\"async\" id=\"ctl01_ctl00_phMain_phMain_ctl00_ctl02_ctl17_ctl01_imgContent\" src=\"https:\/\/viajes.nationalgeographic.com.es\/medio\/2022\/06\/13\/cinque-terre_32298e4e_800x800.jpg\" alt=\"Cinque Terre\" style=\"border-width:0px;\"\/><\/p>\n<aside class=\"add300x250 publi-interior-top ad-container-r1 ad-inline\"\/>\n<h2>Adi\u00f3s a las mascarillas<\/h2>\n<p>Desde el pasado 1 de mayo tampoco es necesario presentar el certificado COVID de la Uni\u00f3n Europeo para acceder a hoteles, restaurantes, museos o el transporte p\u00fablico, siendo solo estrictamente necesario para los sanitarios y hospitales. A partir del d\u00eda 15 de junio, <strong>tampoco ser\u00e1 necesario usar la mascarilla FFP2<\/strong> hasta ahora obligatoria en el transporte p\u00fablico native e interurbano, en los cines, teatros, espect\u00e1culos en espacios cerrados, eventos deportivos, salas de concierto y otros locales de ocio. Eso s\u00ed, se sigue recomendando la mascarilla en lugares con aglomeraciones o centros comerciales. Tampoco es necesario guardar cuarentena si se ha tenido un contacto con un positivo.<\/p>\n<p>Asimismo, aquellas personas que den resultado positivo en un take a look at COVID estando en Italia, est\u00e1n obligadas a someterse a un per\u00edodo de cuarentena de 7 d\u00edas de aislamiento, con seguimiento de las autoridades sanitarias y hasta dar negativo. Si no se dispone de un lugar en el que pasar el per\u00edodo de aislamiento, las autoridades sanitarias ofrecen lugares donde poder prolongar la estancia en Italia, pero los gastos corren a cuenta propia.<\/p>\n<figure class=\"thumb zoom\"><img loading=\"lazy\" decoding=\"async\" sizes=\"auto, 100vw\" srcset=\"https:\/\/viajes.nationalgeographic.com.es\/medio\/2022\/06\/13\/venecia_c3cb2fe6_720x480.jpg 720w,https:\/\/viajes.nationalgeographic.com.es\/medio\/2022\/06\/13\/venecia_b61a95ba_1200x800.jpg 1200w\" src=\"https:\/\/viajes.nationalgeographic.com.es\/medio\/2022\/06\/13\/venecia_b61a95ba_1200x800.jpg\" alt=\"Venecia\" class=\"lazyload\" width=\"1200\" height=\"800\" data-aspectratio=\"1200\/800\"\/><noscript><img decoding=\"async\" src=\"https:\/\/viajes.nationalgeographic.com.es\/medio\/2022\/06\/13\/venecia_b61a95ba_1200x800.jpg\" alt=\"Venecia\"\/><\/noscript><\/p>\n<p>&#13;<figcaption class=\"by\">&#13;Foto: iStock<\/figcaption>&#13;<\/p>\n<\/figure>\n<p>Con estas medidas para poner fin al estado de emergencia que se decret\u00f3 hace m\u00e1s de dos a\u00f1os, el turismo regresa a Italia sin restricciones ni el sistema de sem\u00e1foros por regiones seg\u00fan su situaci\u00f3n epidemiol\u00f3gica.<\/p>\n<p>Echando la vista atr\u00e1s, el 3 de junio de 2020 Italia reabri\u00f3 sus fronteras para salvar el turismo despu\u00e9s de cinco meses. Las im\u00e1genes de calles vac\u00edas en Roma o de <a rel=\"nofollow noopener\" target=\"_blank\" href=\"https:\/\/viajes.nationalgeographic.com.es\/lifestyle\/venecia-cisnes-y-peces-canales_15321\">la vuelta de la naturaleza a los canales de Venecia<\/a> sorprendieron al mundo, pero pronto quedaron atr\u00e1s con el regreso a la normalidad. Fue paso a paso y con idas y venidas, pero el verano de 2021 el pa\u00eds de la bota volvi\u00f3 a ser uno de los favoritos entre los europeos para pasar sus vacaciones.<\/p>\n<h2>\u00bfQu\u00e9 hay de nuevo en Italia?<\/h2>\n<p>Destinos como Venecia han vuelto a cifras de visitantes previas a la pandemia y han necesitado volver a tomar medidas para common el turismo. Ya en marzo de 2021, el Gobierno de Italia acord\u00f3 un plan para <a rel=\"nofollow noopener\" target=\"_blank\" href=\"https:\/\/viajes.nationalgeographic.com.es\/lifestyle\/cruceros-venecia-dejaran-navegar-por-delante-san-marcos_16667\">desviar temporalmente el tr\u00e1fico de los cruceros<\/a> de Venecia hacia Marghera hasta la realizaci\u00f3n de un plan definitivo que saque los barcos de la Laguna. Este 2022 pone en marcha <a rel=\"nofollow noopener\" target=\"_blank\" href=\"https:\/\/viajes.nationalgeographic.com.es\/lifestyle\/sin-tasa-pero-reserva-asi-regulara-venecia-turismo-este-verano_18091\">la prueba piloto de la reserva previa<\/a>, aunque su obligatoriedad se retrasa hasta 2023. Aquellos viajeros de d\u00eda que no pernocten a la ciudad, deber\u00e1n reservar con antelaci\u00f3n y pagar una tasa. De momento es voluntario, pero quienes lo hagan recibir\u00e1n descuentos en museos y transporte p\u00fablico.<\/p>\n<p>El 23 de abril se inaugur\u00f3 a 59a Bienal de Venecia como uno de los alicientes culturales de la ciudad. Junto a las exposiciones a Giardini, Arsenale y numerosos palacios de la ciudad, otros centros cultuales como la Fundaci\u00f3n Peggy Guggenheim inauguran espectaculares exposiciones como <a rel=\"nofollow noopener\" target=\"_blank\" href=\"https:\/\/viajes.nationalgeographic.com.es\/lifestyle\/venecia-modo-surrealista-exposicion-modernidad-encantada_18260\"><em>Surrealismo y magia: modernidad encantada<\/em><\/a>, que puede visitarse hasta el 26 de septiembre.<\/p>\n<figure class=\"thumb zoom\"><img loading=\"lazy\" decoding=\"async\" sizes=\"auto, 100vw\" srcset=\"https:\/\/viajes.nationalgeographic.com.es\/medio\/2022\/06\/13\/cinque-terre_69b1c486_720x480.jpg 720w,https:\/\/viajes.nationalgeographic.com.es\/medio\/2022\/06\/13\/cinque-terre_4c412a5c_1000x667.jpg 1000w\" src=\"https:\/\/viajes.nationalgeographic.com.es\/medio\/2022\/06\/13\/cinque-terre_4c412a5c_1000x667.jpg\" alt=\"Cinque Terre\" class=\"lazyload\" width=\"1000\" height=\"667\" data-aspectratio=\"1000\/667\"\/><noscript><img decoding=\"async\" src=\"https:\/\/viajes.nationalgeographic.com.es\/medio\/2022\/06\/13\/cinque-terre_4c412a5c_1000x667.jpg\" alt=\"Cinque Terre\"\/><\/noscript><\/p>\n<p>&#13;<figcaption class=\"by\">&#13;Foto: iStock<\/figcaption>&#13;<\/p>\n<\/figure>\n<p>Pero si hay que hablar de arte y cultura en Italia, este a\u00f1o <strong>el destino protagonista es Procida. Capital Italiana de la Cultura 2022, <\/strong>cuenta con un whole de 330 d\u00edas de programaciones, la participaci\u00f3n de 240 artistas y una cuarentena de proyectos cultuales que llenar\u00e1n la isla de arte y vida durante todo el verano. De hecho, <a rel=\"nofollow noopener\" target=\"_blank\" href=\"https:\/\/viajes.nationalgeographic.com.es\/a\/viaje-por-tesoros-golfo-napoles_18243\">el golfo de N\u00e1poles<\/a> es uno de los destinos m\u00e1s deseados entre los italianos y extranjeros para conocer este 2022 junto a otros como <a rel=\"nofollow noopener\" target=\"_blank\" href=\"https:\/\/viajes.nationalgeographic.com.es\/c\/sicilia\">Sicilia<\/a>, <a rel=\"nofollow noopener\" target=\"_blank\" href=\"https:\/\/viajes.nationalgeographic.com.es\/a\/puglia-secreto-mejor-guardado_8285\">la Puglia<\/a> y <a rel=\"nofollow noopener\" target=\"_blank\" href=\"https:\/\/viajes.nationalgeographic.com.es\/a\/cinque-terre-a_14336\">Cinque Terre<\/a>.<\/p>\n<p>Procida toma el relieve de la ciudad de Parma que, aparte de por todo su patrimonio cultural, es uno de los destinos gastron\u00f3micos m\u00e1s interesantes de Italia con sus imprescindibles <em>prosciutto de parma<\/em> y <em><a rel=\"nofollow noopener\" target=\"_blank\" href=\"https:\/\/viajes.nationalgeographic.com.es\/gastronomia\/busca-origen-queso-parmigiano-reggiano_17503\">parmigiano reggiano<\/a><\/em>. Otra de las rutas culinarias m\u00e1s interesantes de este a\u00f1o se puede realizar por los pueblos de <a rel=\"nofollow noopener\" target=\"_blank\" href=\"https:\/\/viajes.nationalgeographic.com.es\/gastronomia\/le-marche-ruta-gastronomica-para-saborear-pueblos-esta-region-italia_17188\">la regi\u00f3n de Le Marche<\/a>.<\/p>\n<figure class=\"thumb zoom\"><img loading=\"lazy\" decoding=\"async\" sizes=\"auto, 100vw\" srcset=\"https:\/\/viajes.nationalgeographic.com.es\/medio\/2022\/06\/13\/procida_8e583ec6_720x487.jpg 720w,https:\/\/viajes.nationalgeographic.com.es\/medio\/2022\/06\/13\/procida_b8e26796_1200x812.jpg 1200w\" src=\"https:\/\/viajes.nationalgeographic.com.es\/medio\/2022\/06\/13\/procida_b8e26796_1200x812.jpg\" alt=\"Procida\" class=\"lazyload\" width=\"1200\" height=\"812\" data-aspectratio=\"1200\/812\"\/><noscript><img decoding=\"async\" src=\"https:\/\/viajes.nationalgeographic.com.es\/medio\/2022\/06\/13\/procida_b8e26796_1200x812.jpg\" alt=\"Procida\"\/><\/noscript><\/p>\n<p>&#13;<figcaption class=\"by\">&#13;Foto: iStock<\/figcaption>&#13;<\/p>\n<\/figure>\n<p>Y c\u00f3mo olvidar las grandes ciudades. <a rel=\"nofollow noopener\" target=\"_blank\" href=\"https:\/\/viajes.nationalgeographic.com.es\/lifestyle\/roma-abrira-publico-largo-di-torre-argentina-lugar-donde-julio-cesar-fue-asesinado_16738\">Roma llega a este 2022 con la inauguraci\u00f3n de Largo di Torre Argentina<\/a>, el lugar donde Julio C\u00e9sar fue asesinado. En el Palacio del Quirinale tambi\u00e9n aterriza <em><a rel=\"nofollow noopener\" target=\"_blank\" href=\"https:\/\/viajes.nationalgeographic.com.es\/lifestyle\/idolos-superbarocco-visitan-roma_18090\">Superbarocco. Arte en G\u00e9nova, de Rubens a Magnasco<\/a><\/em>como una de las exposiciones del a\u00f1o.<\/p>\n<p>Pompeya acoge una de las exposiciones m\u00e1s ambiciosas sobre el sexo y el erotismo en la antigua roma con <a rel=\"nofollow noopener\" target=\"_blank\" href=\"https:\/\/viajes.nationalgeographic.com.es\/lifestyle\/pompeya-acoge-exposicion-mas-ambiciosa-sobre-sexo-y-erotismo-antigua-roma_18121\"><em>Arte y sensualidad en las casas de Pompeya<\/em><\/a>. Adem\u00e1s, este verano ser\u00e1 posible viajar desde N\u00e1poles hasta G\u00e9nova en menos de siete horas gracias a <a rel=\"nofollow noopener\" target=\"_blank\" href=\"https:\/\/viajes.nationalgeographic.com.es\/a\/italia-estrena-cinco-nuevas-rutas-tren_17841\">las nuevas rutas en tren <\/a>que ha estrenado recientemente el pa\u00eds de la bota.<\/p>\n<aside class=\"add300x600 publi-interior-bot ad-inline ad-container-r2\"\/><\/div>\n<p><!-- START: tags-rel  --><!-- END: tags-rel   --><br \/>\n<!-- START:toolbar --><!-- END:toolbar --><\/div>\n\n<p><em> &#8221; Fuentes viajes.nationalgeographic.com.es &#8221; <\/em><\/p>\n","protected":false},"excerpt":{"rendered":"<p>Desde que el d\u00eda 1 de abril de 2022\u00a0Italia decidi\u00f3 poner fin al estado de emergencia que hab\u00eda decretado el d\u00eda\u00a031 de enero de 2020, el gobierno ha anunciado medidas que eliminan las restricciones para viajar al pa\u00eds. La primera lleg\u00f3 el\u00a01 de mayo, cuando el Ministerio de Salud anunci\u00f3 que ya no period necesario [&hellip;]<\/p>\n","protected":false},"author":4,"featured_media":332903,"comment_status":"open","ping_status":"closed","sticky":false,"template":"","format":"standard","meta":{"om_disable_all_campaigns":false,"jnews-multi-image_gallery":[],"jnews_single_post":[],"jnews_primary_category":[],"jnews_social_meta":[],"footnotes":""},"categories":[39],"tags":[47258,47257],"class_list":["post-332902","post","type-post","status-publish","format-standard","has-post-thumbnail","hentry","category-viajes","tag-cargado-desde-el-fichero-de-recursos","tag-keywords-por-defecto"],"_links":{"self":[{"href":"https:\/\/dimensionturistica.com\/es\/wp-json\/wp\/v2\/posts\/332902","targetHints":{"allow":["GET"]}}],"collection":[{"href":"https:\/\/dimensionturistica.com\/es\/wp-json\/wp\/v2\/posts"}],"about":[{"href":"https:\/\/dimensionturistica.com\/es\/wp-json\/wp\/v2\/types\/post"}],"author":[{"embeddable":true,"href":"https:\/\/dimensionturistica.com\/es\/wp-json\/wp\/v2\/users\/4"}],"replies":[{"embeddable":true,"href":"https:\/\/dimensionturistica.com\/es\/wp-json\/wp\/v2\/comments?post=332902"}],"version-history":[{"count":0,"href":"https:\/\/dimensionturistica.com\/es\/wp-json\/wp\/v2\/posts\/332902\/revisions"}],"wp:featuredmedia":[{"embeddable":true,"href":"https:\/\/dimensionturistica.com\/es\/wp-json\/wp\/v2\/media\/332903"}],"wp:attachment":[{"href":"https:\/\/dimensionturistica.com\/es\/wp-json\/wp\/v2\/media?parent=332902"}],"wp:term":[{"taxonomy":"category","embeddable":true,"href":"https:\/\/dimensionturistica.com\/es\/wp-json\/wp\/v2\/categories?post=332902"},{"taxonomy":"post_tag","embeddable":true,"href":"https:\/\/dimensionturistica.com\/es\/wp-json\/wp\/v2\/tags?post=332902"}],"curies":[{"name":"wp","href":"https:\/\/api.w.org\/{rel}","templated":true}]}}