{"id":332783,"date":"2022-06-16T14:16:42","date_gmt":"2022-06-16T14:16:42","guid":{"rendered":"https:\/\/dimensionturistica.com\/es\/?p=332783"},"modified":"2022-06-16T14:16:43","modified_gmt":"2022-06-16T14:16:43","slug":"mallorcaleads-estrena-en-imex-frankfurt-el-mejor-escaparate-del-mice-para-mallorca","status":"publish","type":"post","link":"https:\/\/dimensionturistica.com\/es\/mallorcaleads-estrena-en-imex-frankfurt-el-mejor-escaparate-del-mice-para-mallorca\/","title":{"rendered":"MallorcaLeads estrena en IMEX Frankfurt el mejor escaparate del MICE para Mallorca"},"content":{"rendered":"<p> <br \/>\n<\/p>\n<div>\n<p>IMEX Frankfurt ha vuelto a ser el punto de encuentro presencial para los profesionales del sector MICE a nivel internacional. Una feria en la que se dan cita los miembros de la comunidad mundial de eventos empresariales y es uno de los puntos de encuentro m\u00e1s importantes para dar a conocer los destinos a los organizadores de eventos corporativos.<\/p>\n<p>Para MallorcaLeads \u00e9sta ha sido su cuarta edici\u00f3n en 6 a\u00f1os desde su creaci\u00f3n, teniendo en cuenta que por motivos de la pandemia esta feria no se ha celebrado durante 2 a\u00f1os. De esta manera los Companions de MallorcaLeads se encuentran representados en dos de las ferias internacionales m\u00e1s importantes del sector: IMEX Frankfurt y IBTM Barcelona. Este gran trabajo en ferias se refleja en cifras durante el per\u00edodo del a\u00f1o 2017 al 2022 con 431 nuevos contactos de Hosted Patrons (citas one2one) y 45 peticiones de grupo (citas one2one). Unos n\u00fameros que representan la esencia del trabajo que realiza MallorcaLeads en cada una de las ferias que asiste para dar visibilidad a los proveedores de servicios que se dedican a la organizaci\u00f3n de eventos ante los Hosted Patrons y Assembly Planners que buscan en Mallorca y en esas empresas la puesta en marcha de sus eventos.<\/p>\n<p>Aunque han pasado dos a\u00f1os muy complicados para el sector, durante el vig\u00e9simo aniversario de IMEX Frankfurt 2022, Michelle Mason, presidente y CEO de ASE (The Heart for Affiliation Management) se\u00f1al\u00f3 que el mundo no puede \u2013 no quiere \u2013 vivir sin reuniones o eventos corporativos y que la regeneraci\u00f3n econ\u00f3mica ni las relaciones laborales o la conexi\u00f3n con los p\u00fablicos de inter\u00e9s ser\u00edan las mismas sin el MICE.<\/p>\n<p>Coincidiendo con este gran evento para el sector, MallorcaLeads, la empresa fundada y dirigida por Asun Prats, ha lanzado su nueva p\u00e1gina internet, el que es hasta el momento, uno de los proyectos on-line m\u00e1s ambiciosos que existen para ofrecer visibilizad a los proveedores que ofrecen servicios para el sector de los eventos en la isla.<\/p>\n<p>El escaparate de servicios y proveedores de la industria MICE en Mallorca para Companions y Assembly Planners o Hosted Patrons es un nuevo proyecto en el que se ha avanzado en dise\u00f1o, accesibilidad y lo m\u00e1s importante, en un intenso trabajo de web optimization para posicionar mejor a cada uno de los Companions en el entorno on-line y posicionar Mallorca entre las mejores opciones para organizar eventos. Un Look &amp; Really feel Prime UX, 100% m\u00e1s responsive, en definitiva, un proyecto sumamente trabajado con auditor\u00eda web optimization para que Mallorca llegue a cada rinc\u00f3n del mundo.<\/p>\n<p>Adem\u00e1s, en la nueva internet de MallorcaLeads los Assembly Planners podr\u00e1n acceder a las fichas de los Companions con mapeo en la isla, disponer de toda la informaci\u00f3n para organizar su evento en<\/p>\n<p>Mallorca en el men\u00fa \u201cMallorca\u201d y consultar la nueva secci\u00f3n \u2018MallorcaLeads Magazine\u2019, un weblog que ofrece novedades y recomendaciones de la industria del sector y una agenda editorial de contenidos de porqu\u00e9 Mallorca es sin duda uno de los mejores destinos MICE.<\/p>\n<p>MallorcaLeads<\/p>\n<p>MallorcaLeads es una gran familia profesional compuesta por algunos de los mejores especialistas en reuniones de negocio, incentivos, eventos y conferencias de Espa\u00f1a. Junto a Asun Prats, trabaja una decena de MICE Expertise Companions de Mallorca. Nuestro grupo de networking est\u00e1 formado por expertos en consultor\u00eda MICE, desarrollo internet, advertising and marketing digital, creaci\u00f3n de contenido audiovisual, copywriting u organizaci\u00f3n de eventos corporativos, entre otros \u00e1mbitos. Gracias a su selecta comunidad de aliados profesionales y a su pink de companions proveedores de locales de confianza, MallorcaLeads es garant\u00eda de \u00e9xito y de calidad para la organizaci\u00f3n de cualquier tipo de evento de negocios en las Islas Baleares.<\/p>\n<\/p><\/div>\n\n<p><em> &#8221; Fuentes www.hosteltur.com &#8221; <\/em><\/p>\n","protected":false},"excerpt":{"rendered":"<p>IMEX Frankfurt ha vuelto a ser el punto de encuentro presencial para los profesionales del sector MICE a nivel internacional. Una feria en la que se dan cita los miembros de la comunidad mundial de eventos empresariales y es uno de los puntos de encuentro m\u00e1s importantes para dar a conocer los destinos a los [&hellip;]<\/p>\n","protected":false},"author":4,"featured_media":327349,"comment_status":"open","ping_status":"closed","sticky":false,"template":"","format":"standard","meta":{"om_disable_all_campaigns":false,"jnews-multi-image_gallery":[],"jnews_single_post":[],"jnews_primary_category":[],"jnews_social_meta":[],"footnotes":""},"categories":[39],"tags":[572],"class_list":["post-332783","post","type-post","status-publish","format-standard","has-post-thumbnail","hentry","category-viajes","tag-distribucion"],"_links":{"self":[{"href":"https:\/\/dimensionturistica.com\/es\/wp-json\/wp\/v2\/posts\/332783","targetHints":{"allow":["GET"]}}],"collection":[{"href":"https:\/\/dimensionturistica.com\/es\/wp-json\/wp\/v2\/posts"}],"about":[{"href":"https:\/\/dimensionturistica.com\/es\/wp-json\/wp\/v2\/types\/post"}],"author":[{"embeddable":true,"href":"https:\/\/dimensionturistica.com\/es\/wp-json\/wp\/v2\/users\/4"}],"replies":[{"embeddable":true,"href":"https:\/\/dimensionturistica.com\/es\/wp-json\/wp\/v2\/comments?post=332783"}],"version-history":[{"count":0,"href":"https:\/\/dimensionturistica.com\/es\/wp-json\/wp\/v2\/posts\/332783\/revisions"}],"wp:featuredmedia":[{"embeddable":true,"href":"https:\/\/dimensionturistica.com\/es\/wp-json\/wp\/v2\/media\/327349"}],"wp:attachment":[{"href":"https:\/\/dimensionturistica.com\/es\/wp-json\/wp\/v2\/media?parent=332783"}],"wp:term":[{"taxonomy":"category","embeddable":true,"href":"https:\/\/dimensionturistica.com\/es\/wp-json\/wp\/v2\/categories?post=332783"},{"taxonomy":"post_tag","embeddable":true,"href":"https:\/\/dimensionturistica.com\/es\/wp-json\/wp\/v2\/tags?post=332783"}],"curies":[{"name":"wp","href":"https:\/\/api.w.org\/{rel}","templated":true}]}}