{"id":332507,"date":"2022-06-16T00:17:21","date_gmt":"2022-06-16T00:17:21","guid":{"rendered":"https:\/\/dimensionturistica.com\/es\/?p=332507"},"modified":"2022-06-16T00:17:21","modified_gmt":"2022-06-16T00:17:21","slug":"viva-aerobus-realizo-su-1er-vuelo-con-combustible-sostenible-y-revela-en-nuevo-diseno-de-un-a321-con-motivo-de-su-cultura-ambiental","status":"publish","type":"post","link":"https:\/\/dimensionturistica.com\/es\/viva-aerobus-realizo-su-1er-vuelo-con-combustible-sostenible-y-revela-en-nuevo-diseno-de-un-a321-con-motivo-de-su-cultura-ambiental\/","title":{"rendered":"Viva Aerobus realizo su 1er vuelo con combustible sostenible y revela en nuevo dise\u00f1o de un A321 con motivo de su cultura ambiental"},"content":{"rendered":"<p><img decoding=\"async\" class=\"size-medium wp-image-332509 alignright\" src=\"https:\/\/dimensionturistica.com\/es\/wp-content\/uploads\/2022\/06\/Viva-Aerobus_Vuelo-con-combustible-sostenible-7-300x168.jpeg\" alt=\"\" width=\"300\" height=\"168\" srcset=\"https:\/\/dimensionturistica.com\/es\/wp-content\/uploads\/2022\/06\/Viva-Aerobus_Vuelo-con-combustible-sostenible-7-300x168.jpeg 300w, https:\/\/dimensionturistica.com\/es\/wp-content\/uploads\/2022\/06\/Viva-Aerobus_Vuelo-con-combustible-sostenible-7-1024x574.jpeg 1024w, https:\/\/dimensionturistica.com\/es\/wp-content\/uploads\/2022\/06\/Viva-Aerobus_Vuelo-con-combustible-sostenible-7-768x431.jpeg 768w, https:\/\/dimensionturistica.com\/es\/wp-content\/uploads\/2022\/06\/Viva-Aerobus_Vuelo-con-combustible-sostenible-7-750x421.jpeg 750w, https:\/\/dimensionturistica.com\/es\/wp-content\/uploads\/2022\/06\/Viva-Aerobus_Vuelo-con-combustible-sostenible-7-1140x639.jpeg 1140w, https:\/\/dimensionturistica.com\/es\/wp-content\/uploads\/2022\/06\/Viva-Aerobus_Vuelo-con-combustible-sostenible-7.jpeg 1280w\" sizes=\"(max-width: 300px) 100vw, 300px\" \/>Hoy a las 15:30 horas, con 186 pasajeros a bordo, despeg\u00f3 del Aeropuerto Internacional de Los \u00c1ngeles, con destino a Guadalajara, Jalisco, el primer vuelo de Viva Aerobus con combustible sostenible, mismo que recorrer\u00e1 m\u00e1s de 2 mil 200 kil\u00f3metros.<br \/>\nSe trata de un combustible suministrado por la empresa finlandesa Neste, l\u00edder global en producci\u00f3n de energ\u00e9ticos renovables para el sector de la aviaci\u00f3n, y producido a base de desperdicios de residuos renovables y materias primas residuales, tales como restos de grasa animal. Este ser\u00e1 el<img decoding=\"async\" class=\"size-medium wp-image-332510 alignright\" src=\"https:\/\/dimensionturistica.com\/es\/wp-content\/uploads\/2022\/06\/Viva-Aerobus_Vuelo-con-combustible-sostenible-6-300x168.jpeg\" alt=\"\" width=\"300\" height=\"168\" srcset=\"https:\/\/dimensionturistica.com\/es\/wp-content\/uploads\/2022\/06\/Viva-Aerobus_Vuelo-con-combustible-sostenible-6-300x168.jpeg 300w, https:\/\/dimensionturistica.com\/es\/wp-content\/uploads\/2022\/06\/Viva-Aerobus_Vuelo-con-combustible-sostenible-6-1024x574.jpeg 1024w, https:\/\/dimensionturistica.com\/es\/wp-content\/uploads\/2022\/06\/Viva-Aerobus_Vuelo-con-combustible-sostenible-6-768x431.jpeg 768w, https:\/\/dimensionturistica.com\/es\/wp-content\/uploads\/2022\/06\/Viva-Aerobus_Vuelo-con-combustible-sostenible-6-750x421.jpeg 750w, https:\/\/dimensionturistica.com\/es\/wp-content\/uploads\/2022\/06\/Viva-Aerobus_Vuelo-con-combustible-sostenible-6-1140x639.jpeg 1140w, https:\/\/dimensionturistica.com\/es\/wp-content\/uploads\/2022\/06\/Viva-Aerobus_Vuelo-con-combustible-sostenible-6.jpeg 1280w\" sizes=\"(max-width: 300px) 100vw, 300px\" \/> primero de m\u00e1s vuelos \u201cverdes\u201d ya que Viva Aerobus acord\u00f3 desarrollar un acuerdo comercial de largo plazo con Neste para la compra de un mill\u00f3n de litros de este energ\u00e9tico.<br \/>\nEl vuelo VB 511 cont\u00f3 con 35% de combustible sostenible, mismo que reduce la emisi\u00f3n de gases de efecto invernadero (GEI) en 80% en comparaci\u00f3n con el combustible f\u00f3sil tradicional. Es decir, se requirieron 7,200 litros de combustible, de los cuales 2,520 fueron sostenibles. De esta manera, tan s\u00f3lo con este vuelo, Viva<img decoding=\"async\" class=\"size-medium wp-image-332511 alignright\" src=\"https:\/\/dimensionturistica.com\/es\/wp-content\/uploads\/2022\/06\/Viva-Aerobus_Vuelo-con-combustible-sostenible-5-300x225.jpeg\" alt=\"\" width=\"300\" height=\"225\" srcset=\"https:\/\/dimensionturistica.com\/es\/wp-content\/uploads\/2022\/06\/Viva-Aerobus_Vuelo-con-combustible-sostenible-5-300x225.jpeg 300w, https:\/\/dimensionturistica.com\/es\/wp-content\/uploads\/2022\/06\/Viva-Aerobus_Vuelo-con-combustible-sostenible-5-768x576.jpeg 768w, https:\/\/dimensionturistica.com\/es\/wp-content\/uploads\/2022\/06\/Viva-Aerobus_Vuelo-con-combustible-sostenible-5-750x563.jpeg 750w, https:\/\/dimensionturistica.com\/es\/wp-content\/uploads\/2022\/06\/Viva-Aerobus_Vuelo-con-combustible-sostenible-5.jpeg 1024w\" sizes=\"(max-width: 300px) 100vw, 300px\" \/> evit\u00f3 la emisi\u00f3n de 6.3 toneladas de CO2, lo que equivale a la emisi\u00f3n de CO2 de una persona a lo largo de un a\u00f1o.<br \/>\n\u201cEn Los Angeles World Airports (LAWA) estamos liderando la transici\u00f3n de la industria hacia un futuro m\u00e1s sostenible mediante un s\u00f3lido plan para lograr cero emisiones y ello incluye trabajar con las aerol\u00edneas y nuestros socios para un mayor aprovechamiento del combustible sostenible\u201d, dijo Justin Erbacci, Director General de LAWA. \u201cNos entusiasma ver crecer la demanda de este combustible sostenible en el Aeropuerto Internacional de Los \u00c1ngeles y agradecemos a Viva Aerobus<img decoding=\"async\" class=\"size-medium wp-image-332512 alignright\" src=\"https:\/\/dimensionturistica.com\/es\/wp-content\/uploads\/2022\/06\/Viva-Aerobus_Vuelo-con-combustible-sostenible-4-300x225.jpeg\" alt=\"\" width=\"300\" height=\"225\" srcset=\"https:\/\/dimensionturistica.com\/es\/wp-content\/uploads\/2022\/06\/Viva-Aerobus_Vuelo-con-combustible-sostenible-4-300x225.jpeg 300w, https:\/\/dimensionturistica.com\/es\/wp-content\/uploads\/2022\/06\/Viva-Aerobus_Vuelo-con-combustible-sostenible-4-768x576.jpeg 768w, https:\/\/dimensionturistica.com\/es\/wp-content\/uploads\/2022\/06\/Viva-Aerobus_Vuelo-con-combustible-sostenible-4-750x563.jpeg 750w, https:\/\/dimensionturistica.com\/es\/wp-content\/uploads\/2022\/06\/Viva-Aerobus_Vuelo-con-combustible-sostenible-4.jpeg 1024w\" sizes=\"(max-width: 300px) 100vw, 300px\" \/> por estar a la vanguardia en la adopci\u00f3n de este producto\u201d.<br \/>\nAsimismo, durante el vuelo y con el objetivo de sensibilizar a los pasajeros sobre el cuidado medioambiental, se les entreg\u00f3 una bolsa de algod\u00f3n reciclado y un certificado de su participaci\u00f3n en este primer vuelo verde de la aerol\u00ednea. Este certificado est\u00e1 elaborado en papel semilla, lo que permitir\u00e1 a los pasajeros sembrarlo para que puedan disfrutar del crecimiento de una planta.<br \/>\n&#8220;Nos enorgullece trabajar mano a mano con Neste en el camino hacia la des-carbonizaci\u00f3n de la industria a\u00e9rea. En 2019, previo a la pandemia COVID-19, las emisiones generadas por esta industria representaron el 2.8% de las emisiones globales de acuerdo con la Agencia Internacional de Energ\u00eda. En Viva nos tomamos muy en serio este llamado al sector y debemos trabajar en equipo en la implementaci\u00f3n de medidas de reducci\u00f3n de emisiones en el corto y mediano plazo&#8221;, afirm\u00f3 Juan Carlos Zuazua, Director General de Viva Aerobus.<br \/>\nEn celebraci\u00f3n de este nuevo compromiso de la aerol\u00ednea con el medioambiente, Viva Aerobus revel\u00f3 que bautizar\u00e1 a una de sus aeronaves Airbus A321 con un dise\u00f1o alusivo a su cultura medioambiental El Futuro es Verde. Este avi\u00f3n estar\u00e1 listo en los pr\u00f3ximos meses y surcar\u00e1 los cielos realizando alrededor de 2 mil vuelos al a\u00f1o para convertirse en un embajador de la sostenibilidad al generar un recordatorio visual de la importancia de proteger al planeta Tierra.<br \/>\nAl respecto, cabe a\u00f1adir que los Airbus A321 son aviones altamente eco-eficientes. Gracias a la tecnolog\u00eda de \u00faltima generaci\u00f3n de sus motores Pratt &amp; Whitney, avances aerodin\u00e1micos, aforo para 240 pasajeros e innovaciones en cabina, ofrecen una reducci\u00f3n en el consumo de combustible en 15% y disminuyen significativamente la huella ac\u00fastica.<br \/>\nTodas estas labores que buscan reducir la huella de carbono responden a los compromisos planteados por la aerol\u00ednea. Viva estableci\u00f3 el objetivo de reducir en m\u00e1s de 15% sus emisiones de CO2 por pasajero\/kil\u00f3metro para el 2025. De esta manera, Viva Aerobus trabaja para fortalecerse como la l\u00ednea a\u00e9rea m\u00e1s verde de M\u00e9xico dado que, a la fecha, cuenta con el menor n\u00famero de emisiones de CO2 por pasajero en el pa\u00eds gracias a su eficiencia operativa y su flota, la m\u00e1s joven de M\u00e9xico.<br \/>\nPara m\u00e1s informaci\u00f3n sobre la cultura ambiental de Viva Aerobus, por favor visitar: https:\/\/content.vivaaerobus.com\/cdn\/efev\/dist\/Cultura-Ambiental-Viva-Aerobus.pdf<\/p>\n","protected":false},"excerpt":{"rendered":"<p>Hoy a las 15:30 horas, con 186 pasajeros a bordo, despeg\u00f3 del Aeropuerto Internacional de Los \u00c1ngeles, con destino a Guadalajara, Jalisco, el primer vuelo de Viva Aerobus con combustible sostenible, mismo que recorrer\u00e1 m\u00e1s de 2 mil 200 kil\u00f3metros. Se trata de un combustible suministrado por la empresa finlandesa Neste, l\u00edder global en producci\u00f3n [&hellip;]<\/p>\n","protected":false},"author":1,"featured_media":332513,"comment_status":"open","ping_status":"closed","sticky":false,"template":"","format":"standard","meta":{"om_disable_all_campaigns":false,"jnews-multi-image_gallery":[],"jnews_single_post":{"source_name":"","source_url":"","via_name":"","via_url":"","override_template":"0","override":[{"template":"1","single_blog_custom":"","parallax":"1","fullscreen":"1","layout":"right-sidebar","sidebar":"default-sidebar","second_sidebar":"default-sidebar","sticky_sidebar":"1","share_position":"top","share_float_style":"share-monocrhome","show_share_counter":"1","show_view_counter":"1","show_featured":"1","show_post_meta":"1","show_post_author":"1","show_post_author_image":"1","show_post_date":"1","post_date_format":"default","post_date_format_custom":"Y\/m\/d","show_post_category":"1","show_post_reading_time":"0","post_reading_time_wpm":"300","show_zoom_button":"0","zoom_button_out_step":"2","zoom_button_in_step":"3","show_post_tag":"1","show_prev_next_post":"1","show_popup_post":"1","number_popup_post":"1","show_author_box":"0","show_post_related":"0","show_inline_post_related":"0"}],"override_image_size":"0","image_override":[{"single_post_thumbnail_size":"crop-500","single_post_gallery_size":"crop-500"}],"trending_post":"0","trending_post_position":"meta","trending_post_label":"Trending","sponsored_post":"0","sponsored_post_label":"Sponsored by","sponsored_post_name":"","sponsored_post_url":"","sponsored_post_logo_enable":"0","sponsored_post_logo":"","sponsored_post_desc":"","disable_ad":"0"},"jnews_primary_category":{"id":""},"jnews_social_meta":{"fb_title":"","fb_description":"","fb_image":"","twitter_title":"","twitter_description":"","twitter_image":""},"footnotes":""},"categories":[40],"tags":[],"class_list":["post-332507","post","type-post","status-publish","format-standard","has-post-thumbnail","hentry","category-industria"],"_links":{"self":[{"href":"https:\/\/dimensionturistica.com\/es\/wp-json\/wp\/v2\/posts\/332507","targetHints":{"allow":["GET"]}}],"collection":[{"href":"https:\/\/dimensionturistica.com\/es\/wp-json\/wp\/v2\/posts"}],"about":[{"href":"https:\/\/dimensionturistica.com\/es\/wp-json\/wp\/v2\/types\/post"}],"author":[{"embeddable":true,"href":"https:\/\/dimensionturistica.com\/es\/wp-json\/wp\/v2\/users\/1"}],"replies":[{"embeddable":true,"href":"https:\/\/dimensionturistica.com\/es\/wp-json\/wp\/v2\/comments?post=332507"}],"version-history":[{"count":0,"href":"https:\/\/dimensionturistica.com\/es\/wp-json\/wp\/v2\/posts\/332507\/revisions"}],"wp:featuredmedia":[{"embeddable":true,"href":"https:\/\/dimensionturistica.com\/es\/wp-json\/wp\/v2\/media\/332513"}],"wp:attachment":[{"href":"https:\/\/dimensionturistica.com\/es\/wp-json\/wp\/v2\/media?parent=332507"}],"wp:term":[{"taxonomy":"category","embeddable":true,"href":"https:\/\/dimensionturistica.com\/es\/wp-json\/wp\/v2\/categories?post=332507"},{"taxonomy":"post_tag","embeddable":true,"href":"https:\/\/dimensionturistica.com\/es\/wp-json\/wp\/v2\/tags?post=332507"}],"curies":[{"name":"wp","href":"https:\/\/api.w.org\/{rel}","templated":true}]}}