{"id":332259,"date":"2022-06-15T16:21:56","date_gmt":"2022-06-15T16:21:56","guid":{"rendered":"https:\/\/dimensionturistica.com\/es\/?p=332259"},"modified":"2022-06-15T16:23:36","modified_gmt":"2022-06-15T16:23:36","slug":"juventud-tamaulipeca-participa-en-la-semana-del-turismo-2022","status":"publish","type":"post","link":"https:\/\/dimensionturistica.com\/es\/juventud-tamaulipeca-participa-en-la-semana-del-turismo-2022\/","title":{"rendered":"Juventud tamaulipeca participa en la Semana del Turismo 2022"},"content":{"rendered":"<p><img decoding=\"async\" class=\"size-medium wp-image-332263 alignright\" src=\"https:\/\/dimensionturistica.com\/es\/wp-content\/uploads\/2022\/06\/1-2-300x200.jpg\" alt=\"\" width=\"300\" height=\"200\" srcset=\"https:\/\/dimensionturistica.com\/es\/wp-content\/uploads\/2022\/06\/1-2-300x200.jpg 300w, https:\/\/dimensionturistica.com\/es\/wp-content\/uploads\/2022\/06\/1-2-1024x682.jpg 1024w, https:\/\/dimensionturistica.com\/es\/wp-content\/uploads\/2022\/06\/1-2-768x512.jpg 768w, https:\/\/dimensionturistica.com\/es\/wp-content\/uploads\/2022\/06\/1-2-750x500.jpg 750w, https:\/\/dimensionturistica.com\/es\/wp-content\/uploads\/2022\/06\/1-2-1140x760.jpg 1140w, https:\/\/dimensionturistica.com\/es\/wp-content\/uploads\/2022\/06\/1-2.jpg 1280w\" sizes=\"(max-width: 300px) 100vw, 300px\" \/>Impulsando en los j\u00f3venes el conocimiento y amor por su estado, la Secretar\u00eda de Turismo de Tamaulipas coordina las actividades de la Semana del Turismo 2022. Evento donde 150 estudiantes universitarios recorrer\u00e1n los principales destinos tur\u00edsticos de la zona centro y sur de \u201cLa Sorpresa de M\u00e9xico\u201d.<br \/>\nLos participantes provenientes de los municipios de Nuevo Laredo, Reynosa, Soto la Marina, Ciudad Victoria y Tampico, representan el presente<img decoding=\"async\" class=\"size-medium wp-image-332265 alignright\" src=\"https:\/\/dimensionturistica.com\/es\/wp-content\/uploads\/2022\/06\/2-2-300x200.jpg\" alt=\"\" width=\"300\" height=\"200\" srcset=\"https:\/\/dimensionturistica.com\/es\/wp-content\/uploads\/2022\/06\/2-2-300x200.jpg 300w, https:\/\/dimensionturistica.com\/es\/wp-content\/uploads\/2022\/06\/2-2-1024x682.jpg 1024w, https:\/\/dimensionturistica.com\/es\/wp-content\/uploads\/2022\/06\/2-2-768x512.jpg 768w, https:\/\/dimensionturistica.com\/es\/wp-content\/uploads\/2022\/06\/2-2-750x500.jpg 750w, https:\/\/dimensionturistica.com\/es\/wp-content\/uploads\/2022\/06\/2-2-1140x760.jpg 1140w, https:\/\/dimensionturistica.com\/es\/wp-content\/uploads\/2022\/06\/2-2.jpg 1280w\" sizes=\"(max-width: 300px) 100vw, 300px\" \/> y futuro del turismo en Tamaulipas, de ah\u00ed la importancia de aprovechar las jornadas, d\u00e1ndoles a conocer el potencial tur\u00edstico que posee el estado, inform\u00f3 el secretario de Turismo en Tamaulipas, Fernando Olvera Rocha.<br \/>\nDesde su origen, la realizaci\u00f3n de \u201cLa Semana del Turismo\u201d ha permitido dar a conocer entre los j\u00f3venes la oportunidad que representa el turismo para Tamaulipas. En su tercera edici\u00f3n, se reafirma como un valioso espacio<img decoding=\"async\" class=\"size-medium wp-image-332267 alignright\" src=\"https:\/\/dimensionturistica.com\/es\/wp-content\/uploads\/2022\/06\/5-300x200.jpg\" alt=\"\" width=\"300\" height=\"200\" srcset=\"https:\/\/dimensionturistica.com\/es\/wp-content\/uploads\/2022\/06\/5-300x200.jpg 300w, https:\/\/dimensionturistica.com\/es\/wp-content\/uploads\/2022\/06\/5-1024x682.jpg 1024w, https:\/\/dimensionturistica.com\/es\/wp-content\/uploads\/2022\/06\/5-768x512.jpg 768w, https:\/\/dimensionturistica.com\/es\/wp-content\/uploads\/2022\/06\/5-750x500.jpg 750w, https:\/\/dimensionturistica.com\/es\/wp-content\/uploads\/2022\/06\/5-1140x760.jpg 1140w, https:\/\/dimensionturistica.com\/es\/wp-content\/uploads\/2022\/06\/5.jpg 1280w\" sizes=\"(max-width: 300px) 100vw, 300px\" \/> para unir el sector educativo con el trabajo realizado por el Gobierno del Estado en materia de promoci\u00f3n tur\u00edstica.<br \/>\nDurante su di\u00e1logo inicial con los j\u00f3venes, Olivera Rocha los invit\u00f3 a conocer y enamorarse de todos los segmentos, destinos y oportunidades que brinda Tamaulipas. Un estado que lo tiene todo y que en materia tur\u00edstica, durante el gobierno de Francisco Garc\u00eda Cabeza de Vaca ha destacado a nivel nacional.<br \/>\nLas visitas a los municipios son enriquecidas con pl\u00e1ticas, foros y actividades donde profesionales de la industria del turismo ayudar\u00e1n a los j\u00f3venes a conocer diversas \u00e1reas de la actividad. Promoviendo el trabajo en<img decoding=\"async\" class=\"size-medium wp-image-332268 alignright\" src=\"https:\/\/dimensionturistica.com\/es\/wp-content\/uploads\/2022\/06\/6-2-300x200.jpg\" alt=\"\" width=\"300\" height=\"200\" srcset=\"https:\/\/dimensionturistica.com\/es\/wp-content\/uploads\/2022\/06\/6-2-300x200.jpg 300w, https:\/\/dimensionturistica.com\/es\/wp-content\/uploads\/2022\/06\/6-2-1024x682.jpg 1024w, https:\/\/dimensionturistica.com\/es\/wp-content\/uploads\/2022\/06\/6-2-768x512.jpg 768w, https:\/\/dimensionturistica.com\/es\/wp-content\/uploads\/2022\/06\/6-2-750x500.jpg 750w, https:\/\/dimensionturistica.com\/es\/wp-content\/uploads\/2022\/06\/6-2-1140x760.jpg 1140w, https:\/\/dimensionturistica.com\/es\/wp-content\/uploads\/2022\/06\/6-2.jpg 1280w\" sizes=\"(max-width: 300px) 100vw, 300px\" \/> equipo y el desarrollo de proyectos tur\u00edsticos que les permita ver desde otra \u00f3ptica su futuro profesional.<br \/>\nEn su viaje por Tamaulipas, los j\u00f3venes visitar\u00e1n atractivos tur\u00edsticos que distinguen a cada uno de los municipios que recorrer\u00e1n en la semana. El Museo TAMUX, el Parque del Camino Real a Tula, la zona de Janambres y el parador tur\u00edstico de \u201cLas Guacamayas\u201d. Disfrutando del balneario \u201cEl Ojito\u201d, el vi\u00f1edo \u201cMonterredondo\u201d, el \u201cArroyo Loco\u201d, el Nacimiento y el castillo de Nueva Apolonia. Concluyendo con el Cerro del Bernal, la Laguna del Champay\u00e1n, el Paseo de La Cortadura y playa Miramar.<\/p>\n<p>&nbsp;<\/p>\n","protected":false},"excerpt":{"rendered":"<p>Impulsando en los j\u00f3venes el conocimiento y amor por su estado, la Secretar\u00eda de Turismo de Tamaulipas coordina las actividades de la Semana del Turismo 2022. Evento donde 150 estudiantes universitarios recorrer\u00e1n los principales destinos tur\u00edsticos de la zona centro y sur de \u201cLa Sorpresa de M\u00e9xico\u201d. Los participantes provenientes de los municipios de Nuevo [&hellip;]<\/p>\n","protected":false},"author":1,"featured_media":332266,"comment_status":"open","ping_status":"closed","sticky":false,"template":"","format":"standard","meta":{"om_disable_all_campaigns":false,"jnews-multi-image_gallery":[],"jnews_single_post":{"source_name":"","source_url":"","via_name":"","via_url":"","override_template":"0","override":[{"template":"1","single_blog_custom":"","parallax":"1","fullscreen":"1","layout":"right-sidebar","sidebar":"default-sidebar","second_sidebar":"default-sidebar","sticky_sidebar":"1","share_position":"top","share_float_style":"share-monocrhome","show_share_counter":"1","show_view_counter":"1","show_featured":"1","show_post_meta":"1","show_post_author":"1","show_post_author_image":"1","show_post_date":"1","post_date_format":"default","post_date_format_custom":"Y\/m\/d","show_post_category":"1","show_post_reading_time":"0","post_reading_time_wpm":"300","show_zoom_button":"0","zoom_button_out_step":"2","zoom_button_in_step":"3","show_post_tag":"1","show_prev_next_post":"1","show_popup_post":"1","number_popup_post":"1","show_author_box":"0","show_post_related":"0","show_inline_post_related":"0"}],"override_image_size":"0","image_override":[{"single_post_thumbnail_size":"crop-500","single_post_gallery_size":"crop-500"}],"trending_post":"0","trending_post_position":"meta","trending_post_label":"Trending","sponsored_post":"0","sponsored_post_label":"Sponsored by","sponsored_post_name":"","sponsored_post_url":"","sponsored_post_logo_enable":"0","sponsored_post_logo":"","sponsored_post_desc":"","disable_ad":"0"},"jnews_primary_category":{"id":""},"jnews_social_meta":{"fb_title":"","fb_description":"","fb_image":"","twitter_title":"","twitter_description":"","twitter_image":""},"footnotes":""},"categories":[39],"tags":[],"class_list":["post-332259","post","type-post","status-publish","format-standard","has-post-thumbnail","hentry","category-viajes"],"_links":{"self":[{"href":"https:\/\/dimensionturistica.com\/es\/wp-json\/wp\/v2\/posts\/332259","targetHints":{"allow":["GET"]}}],"collection":[{"href":"https:\/\/dimensionturistica.com\/es\/wp-json\/wp\/v2\/posts"}],"about":[{"href":"https:\/\/dimensionturistica.com\/es\/wp-json\/wp\/v2\/types\/post"}],"author":[{"embeddable":true,"href":"https:\/\/dimensionturistica.com\/es\/wp-json\/wp\/v2\/users\/1"}],"replies":[{"embeddable":true,"href":"https:\/\/dimensionturistica.com\/es\/wp-json\/wp\/v2\/comments?post=332259"}],"version-history":[{"count":0,"href":"https:\/\/dimensionturistica.com\/es\/wp-json\/wp\/v2\/posts\/332259\/revisions"}],"wp:featuredmedia":[{"embeddable":true,"href":"https:\/\/dimensionturistica.com\/es\/wp-json\/wp\/v2\/media\/332266"}],"wp:attachment":[{"href":"https:\/\/dimensionturistica.com\/es\/wp-json\/wp\/v2\/media?parent=332259"}],"wp:term":[{"taxonomy":"category","embeddable":true,"href":"https:\/\/dimensionturistica.com\/es\/wp-json\/wp\/v2\/categories?post=332259"},{"taxonomy":"post_tag","embeddable":true,"href":"https:\/\/dimensionturistica.com\/es\/wp-json\/wp\/v2\/tags?post=332259"}],"curies":[{"name":"wp","href":"https:\/\/api.w.org\/{rel}","templated":true}]}}