{"id":332209,"date":"2022-06-15T15:04:46","date_gmt":"2022-06-15T15:04:46","guid":{"rendered":"https:\/\/dimensionturistica.com\/es\/?p=332209"},"modified":"2022-06-15T16:12:01","modified_gmt":"2022-06-15T16:12:01","slug":"newind-foods-renueva-su-patrocinio-al-equipo-ganador-de-la-copa-de-espana-j80-2021","status":"publish","type":"post","link":"https:\/\/dimensionturistica.com\/es\/newind-foods-renueva-su-patrocinio-al-equipo-ganador-de-la-copa-de-espana-j80-2021\/","title":{"rendered":"NeWind Foods renueva su patrocinio al equipo ganador de la Copa de Espa\u00f1a J80 2021"},"content":{"rendered":"<p>Patrocinar\u00e1 por segundo a\u00f1o consecutivo al equipo campe\u00f3n que tratar\u00e1 de revalidar su t\u00edtulo. La tripulaci\u00f3n estar\u00e1 formada por: Javier Padr\u00f3n, patr\u00f3n de la embarcaci\u00f3n, Daniel de la Pedraja, Alberto Padr\u00f3n, Jon Larrazabal y Pedro Pombo<\/p>\n<div>\n<p align=\"justify\">NeWind Meals, la marca espa\u00f1ola pionera en la elaboraci\u00f3n de productos de prote\u00edna 100% vegetal, patrocina por segundo a\u00f1o consecutivo al equipo ganador de la edici\u00f3n anterior de la Copa de Espa\u00f1a J80 de vela, que celebra este verano su XV edici\u00f3n.<\/p>\n<p align=\"justify\">Organizado por el Actual Ayuntamiento Mar\u00edtimo de Santander por delegaci\u00f3n de la Actual Federaci\u00f3n Espa\u00f1ola de Vela, el evento forma parte de la VII Semana Internacional de Vela Ciudad de Santander y tendr\u00e1 lugar entre el 16 y el 19 de junio en la capital c\u00e1ntabra.<\/p>\n<p align=\"justify\">Con la colaboraci\u00f3n del Ayuntamiento de Santander, el Gobierno de Cantabria, la Federaci\u00f3n C\u00e1ntabra de vela y la Asociaci\u00f3n de Propietarios J80 de Espa\u00f1a, se trata de una regata puntuable para las J80 Crusing Collection, donde el equipo de NeWind Meals se medir\u00e1 con m\u00e1s de 20 embarcaciones con el objetivo de renovar el t\u00edtulo obtenido en la pasada edici\u00f3n.<\/p>\n<p align=\"justify\">Al mando de la nave estar\u00e1 Javier Padr\u00f3n que dirigir\u00e1 a la tripulaci\u00f3n formada por Daniel de la Pedraja, Jon Larrazabal, Alberto Padr\u00f3n y Pedro Pombo, todos ellos con una amplia experiencia en esta disciplina deportiva.<\/p>\n<p align=\"justify\">Para la marca, este patrocinio representa un paso m\u00e1s en su inter\u00e9s por difundir un estilo de vida saludable donde deporte y alimentaci\u00f3n resultan el t\u00e1ndem perfecto para conseguirlo.<\/p>\n<h3 align=\"justify\">Productos de prote\u00edna 100% vegetal<\/h3>\n<p align=\"justify\">NeWind Meals, que acaba de cumplir su primer a\u00f1o de lanzamiento en el mercado, ha logrado posicionarse como marca de referencia en el \u00e1mbito alimenticio especializado en productos elaborados a base de prote\u00edna vegetal, gracias a su propuesta plant-based.<\/p>\n<p align=\"justify\">Un compromiso alimenticio que la marca traslada m\u00e1s all\u00e1 del p\u00fablico vegano y se centra tambi\u00e9n en todos aquellos interesados en reducir el consumo de productos c\u00e1rnicos, sin renunciar a la calidad y el sabor de un producto 100% vegetal elaborado con prote\u00edna de guisante, soja y trigo, con sabor a pollo y vacuno.<\/p>\n<p align=\"justify\">Un total de seis variedades que mantienen toda la textura y sabor caracter\u00edsticos de la prote\u00edna animal, a partir de un producto congelado, sin conservantes, ni colorantes artificiales, ofreciendo al consumidor una alternativa alimenticia de gran calidad, al mismo tiempo que contribuye a un mayor equilibrio entre el ser humano y la naturaleza.<\/p>\n<p align=\"justify\">En su apuesta por un desarrollo sostenible NeWind Meals ha adoptado una filosof\u00eda enfocada a preservar el medio ambiente, implantando una serie de acciones en la cadena de producci\u00f3n, tales como la utilizaci\u00f3n de energ\u00eda el\u00e9ctrica procedente de fuentes 100% renovables, la gesti\u00f3n de residuos o el uso de materiales reciclados para sus envases y embalajes.<\/p>\n<h3 align=\"justify\">Nota al editor<\/h3>\n<p align=\"justify\">NeWind Meals, marca espa\u00f1ola pionera en la elaboraci\u00f3n de productos de prote\u00edna 100% vegetal, tiene su origen en 2021.<\/p>\n<p align=\"justify\">Desde sus inicios cuenta con el respaldo de Aviko, l\u00edder europeo en soluciones globales en el mercado de productos derivados de la patata, y Eurofrits, empresa espa\u00f1ola referente en la fabricaci\u00f3n de productos precocinados congelados para grandes superficies de alimentaci\u00f3n tanto en Espa\u00f1a, como Europa y el resto del mundo.<\/p>\n<p align=\"justify\">La compa\u00f1\u00eda cuenta con una planta propia de producci\u00f3n en Burgos, donde elabora la totalidad de sus productos y que actualmente emplea a 160 profesionales.<\/p>\n<\/div>\n<p><span style=\"font-weight: 400;\">Gracias por leer Columna Digital, puedes seguirnos en<\/span><span style=\"color: #ff0000;\"><a style=\"color: #ff0000;\" href=\"https:\/\/www.facebook.com\/Columna-Digital-106135781655116\"> <span style=\"font-weight: 400;\">Facebook<\/span><\/a><\/span><span style=\"font-weight: 400;\">,<\/span><span style=\"color: #ff0000;\"><a style=\"color: #ff0000;\" href=\"https:\/\/twitter.com\/Columna_Digital\"> <span style=\"font-weight: 400;\">Twitter<\/span><\/a><\/span><span style=\"font-weight: 400;\">,<\/span><span style=\"color: #ff0000;\"><a style=\"color: #ff0000;\" href=\"https:\/\/www.instagram.com\/columna_digital\/\"> <span style=\"font-weight: 400;\">Instagram<\/span><\/a><\/span><span style=\"font-weight: 400;\"> o visitar nuestra p\u00e1gina oficial.<\/span><\/p>\n<p><em>Some details of this article were extracted from the following source www.murcia.com \u2019 <\/em><\/p>\n","protected":false},"excerpt":{"rendered":"<p>Patrocinar\u00e1 por segundo a\u00f1o consecutivo al equipo campe\u00f3n que tratar\u00e1 de revalidar su t\u00edtulo. La tripulaci\u00f3n estar\u00e1 formada por: Javier Padr\u00f3n, patr\u00f3n de la embarcaci\u00f3n, Daniel de la Pedraja, Alberto Padr\u00f3n, Jon Larrazabal y Pedro Pombo NeWind Meals, la marca espa\u00f1ola pionera en la elaboraci\u00f3n de productos de prote\u00edna 100% vegetal, patrocina por segundo a\u00f1o [&hellip;]<\/p>\n","protected":false},"author":2,"featured_media":332210,"comment_status":"open","ping_status":"closed","sticky":false,"template":"","format":"standard","meta":{"om_disable_all_campaigns":false,"jnews-multi-image_gallery":[],"jnews_single_post":{"source_name":"","source_url":"","via_name":"","via_url":"","override_template":"0","override":[{"template":"1","single_blog_custom":"","parallax":"1","fullscreen":"1","layout":"right-sidebar","sidebar":"default-sidebar","second_sidebar":"default-sidebar","sticky_sidebar":"1","share_position":"top","share_float_style":"share-monocrhome","show_share_counter":"1","show_view_counter":"1","show_featured":"1","show_post_meta":"1","show_post_author":"1","show_post_author_image":"1","show_post_date":"1","post_date_format":"default","post_date_format_custom":"Y\/m\/d","show_post_category":"1","show_post_reading_time":"0","post_reading_time_wpm":"300","show_zoom_button":"0","zoom_button_out_step":"2","zoom_button_in_step":"3","show_post_tag":"1","show_prev_next_post":"1","show_popup_post":"1","number_popup_post":"1","show_author_box":"0","show_post_related":"0","show_inline_post_related":"0"}],"override_image_size":"0","image_override":[{"single_post_thumbnail_size":"crop-500","single_post_gallery_size":"crop-500"}],"trending_post":"0","trending_post_position":"meta","trending_post_label":"Trending","sponsored_post":"0","sponsored_post_label":"Sponsored by","sponsored_post_name":"","sponsored_post_url":"","sponsored_post_logo_enable":"0","sponsored_post_logo":"","sponsored_post_desc":"","disable_ad":"0"},"jnews_primary_category":{"id":""},"jnews_social_meta":{"fb_title":"","fb_description":"","fb_image":"","twitter_title":"","twitter_description":"","twitter_image":""},"footnotes":""},"categories":[40],"tags":[707,47204,634],"class_list":["post-332209","post","type-post","status-publish","format-standard","has-post-thumbnail","hentry","category-industria","tag-actualidad","tag-copa-de-espana","tag-empresas"],"_links":{"self":[{"href":"https:\/\/dimensionturistica.com\/es\/wp-json\/wp\/v2\/posts\/332209","targetHints":{"allow":["GET"]}}],"collection":[{"href":"https:\/\/dimensionturistica.com\/es\/wp-json\/wp\/v2\/posts"}],"about":[{"href":"https:\/\/dimensionturistica.com\/es\/wp-json\/wp\/v2\/types\/post"}],"author":[{"embeddable":true,"href":"https:\/\/dimensionturistica.com\/es\/wp-json\/wp\/v2\/users\/2"}],"replies":[{"embeddable":true,"href":"https:\/\/dimensionturistica.com\/es\/wp-json\/wp\/v2\/comments?post=332209"}],"version-history":[{"count":0,"href":"https:\/\/dimensionturistica.com\/es\/wp-json\/wp\/v2\/posts\/332209\/revisions"}],"wp:featuredmedia":[{"embeddable":true,"href":"https:\/\/dimensionturistica.com\/es\/wp-json\/wp\/v2\/media\/332210"}],"wp:attachment":[{"href":"https:\/\/dimensionturistica.com\/es\/wp-json\/wp\/v2\/media?parent=332209"}],"wp:term":[{"taxonomy":"category","embeddable":true,"href":"https:\/\/dimensionturistica.com\/es\/wp-json\/wp\/v2\/categories?post=332209"},{"taxonomy":"post_tag","embeddable":true,"href":"https:\/\/dimensionturistica.com\/es\/wp-json\/wp\/v2\/tags?post=332209"}],"curies":[{"name":"wp","href":"https:\/\/api.w.org\/{rel}","templated":true}]}}