{"id":332157,"date":"2022-06-15T14:30:58","date_gmt":"2022-06-15T14:30:58","guid":{"rendered":"https:\/\/dimensionturistica.com\/es\/?p=332157"},"modified":"2022-06-15T14:30:58","modified_gmt":"2022-06-15T14:30:58","slug":"posadas-celebra-la-presentacion-de-viaja-con-sentido-y-la-entrega-de-distintivos-green-key-para-sus-hoteles","status":"publish","type":"post","link":"https:\/\/dimensionturistica.com\/es\/posadas-celebra-la-presentacion-de-viaja-con-sentido-y-la-entrega-de-distintivos-green-key-para-sus-hoteles\/","title":{"rendered":"Posadas celebra la presentaci\u00f3n de VIAJA con Sentido y la entrega de distintivos Green Key para sus hoteles"},"content":{"rendered":"<p><img decoding=\"async\" class=\"size-medium wp-image-332166 alignright\" src=\"https:\/\/dimensionturistica.com\/es\/wp-content\/uploads\/2022\/06\/DSC_7301-200x300.jpg\" alt=\"\" width=\"200\" height=\"300\" srcset=\"https:\/\/dimensionturistica.com\/es\/wp-content\/uploads\/2022\/06\/DSC_7301-200x300.jpg 200w, https:\/\/dimensionturistica.com\/es\/wp-content\/uploads\/2022\/06\/DSC_7301-683x1024.jpg 683w, https:\/\/dimensionturistica.com\/es\/wp-content\/uploads\/2022\/06\/DSC_7301-768x1152.jpg 768w, https:\/\/dimensionturistica.com\/es\/wp-content\/uploads\/2022\/06\/DSC_7301-1024x1536.jpg 1024w, https:\/\/dimensionturistica.com\/es\/wp-content\/uploads\/2022\/06\/DSC_7301-1365x2048.jpg 1365w, https:\/\/dimensionturistica.com\/es\/wp-content\/uploads\/2022\/06\/DSC_7301-750x1125.jpg 750w, https:\/\/dimensionturistica.com\/es\/wp-content\/uploads\/2022\/06\/DSC_7301-1140x1710.jpg 1140w, https:\/\/dimensionturistica.com\/es\/wp-content\/uploads\/2022\/06\/DSC_7301-scaled.jpg 1707w\" sizes=\"(max-width: 200px) 100vw, 200px\" \/>El pasado 13 de junio, se llev\u00f3 a cabo la presentaci\u00f3n de Viaja con Sentido, programa de Posadas que tiene como misi\u00f3n promover la preservaci\u00f3n de los recursos naturales y la biodiversidad, el bienestar social y el crecimiento econ\u00f3mico para el futuro de las pr\u00f3ximas generaciones; partiendo del consumo local para el desarrollo de las comunidades donde operan los hoteles de la compa\u00f1\u00eda, para el beneficio de la sociedad, sentando las bases de una estrategia integral que se alinea al cumplimiento de los Objetivos de Desarrollo Sostenible de la ONU en sus tres dimensiones: Ambiental, Social y de Gobernanza.<br \/>\n\u201cEn Posadas, como la operadora hotelera l\u00edder en M\u00e9xico, asumimos la<img decoding=\"async\" class=\" wp-image-332170 alignright\" src=\"https:\/\/dimensionturistica.com\/es\/wp-content\/uploads\/2022\/06\/DSC_7299-300x200.jpg\" alt=\"\" width=\"231\" height=\"154\" srcset=\"https:\/\/dimensionturistica.com\/es\/wp-content\/uploads\/2022\/06\/DSC_7299-300x200.jpg 300w, https:\/\/dimensionturistica.com\/es\/wp-content\/uploads\/2022\/06\/DSC_7299-1024x683.jpg 1024w, https:\/\/dimensionturistica.com\/es\/wp-content\/uploads\/2022\/06\/DSC_7299-768x512.jpg 768w, https:\/\/dimensionturistica.com\/es\/wp-content\/uploads\/2022\/06\/DSC_7299-1536x1024.jpg 1536w, https:\/\/dimensionturistica.com\/es\/wp-content\/uploads\/2022\/06\/DSC_7299-2048x1365.jpg 2048w, https:\/\/dimensionturistica.com\/es\/wp-content\/uploads\/2022\/06\/DSC_7299-750x500.jpg 750w, https:\/\/dimensionturistica.com\/es\/wp-content\/uploads\/2022\/06\/DSC_7299-1140x760.jpg 1140w\" sizes=\"(max-width: 231px) 100vw, 231px\" \/> responsabilidad de fomentar un turismo sostenible y ser agentes de cambio hacia nuestra comunidad y orgullosamente presentamos hoy nuestro programa Viaja con Sentido; sabemos que tal vez s\u00f3lo es un granito de arena dentro de todo lo que falta por hacer, pero estamos seguros de que con estas acciones podemos devolver, aunque sea s\u00f3lo un poco, de lo mucho que este planeta, nuestro hogar, nos ha dado.\u201d, declar\u00f3 Jos\u00e9 Carlos Azc\u00e1rraga, Director General de Posadas.<img decoding=\"async\" class=\" wp-image-332171 alignright\" src=\"https:\/\/dimensionturistica.com\/es\/wp-content\/uploads\/2022\/06\/DSC_7295-200x300.jpg\" alt=\"\" width=\"158\" height=\"237\" srcset=\"https:\/\/dimensionturistica.com\/es\/wp-content\/uploads\/2022\/06\/DSC_7295-200x300.jpg 200w, https:\/\/dimensionturistica.com\/es\/wp-content\/uploads\/2022\/06\/DSC_7295-683x1024.jpg 683w, https:\/\/dimensionturistica.com\/es\/wp-content\/uploads\/2022\/06\/DSC_7295-768x1152.jpg 768w, https:\/\/dimensionturistica.com\/es\/wp-content\/uploads\/2022\/06\/DSC_7295-1024x1536.jpg 1024w, https:\/\/dimensionturistica.com\/es\/wp-content\/uploads\/2022\/06\/DSC_7295-1365x2048.jpg 1365w, https:\/\/dimensionturistica.com\/es\/wp-content\/uploads\/2022\/06\/DSC_7295-750x1125.jpg 750w, https:\/\/dimensionturistica.com\/es\/wp-content\/uploads\/2022\/06\/DSC_7295-1140x1710.jpg 1140w, https:\/\/dimensionturistica.com\/es\/wp-content\/uploads\/2022\/06\/DSC_7295-scaled.jpg 1707w\" sizes=\"(max-width: 158px) 100vw, 158px\" \/><br \/>\nViajar con sentido es cuidar la biodiversidad de M\u00e9xico, es cuidar la energ\u00eda y del agua, es poner sentido en lo que se desecha y es buscar una sociedad incluyente, de respeto para cada ser humano. Esto se refleja en hoteles libres de humo y su apoyo a huertos urbanos y gastronom\u00eda sostenible, as\u00ed como el control y segregaci\u00f3n de los residuos org\u00e1nicos e inorg\u00e1nicos para su valorizaci\u00f3n y reciclado.<br \/>\nEl compromiso de Posadas se refleja tambi\u00e9n en las acciones que, desde hace 16 a\u00f1os impulsa a trav\u00e9s de Fundaci\u00f3n Posadas, entregando beneficios en los rubros de salud, educaci\u00f3n, apoyo a<img decoding=\"async\" class=\" wp-image-332172 alignright\" src=\"https:\/\/dimensionturistica.com\/es\/wp-content\/uploads\/2022\/06\/DSC_7292-300x200.jpg\" alt=\"\" width=\"194\" height=\"129\" srcset=\"https:\/\/dimensionturistica.com\/es\/wp-content\/uploads\/2022\/06\/DSC_7292-300x200.jpg 300w, https:\/\/dimensionturistica.com\/es\/wp-content\/uploads\/2022\/06\/DSC_7292-1024x683.jpg 1024w, https:\/\/dimensionturistica.com\/es\/wp-content\/uploads\/2022\/06\/DSC_7292-768x512.jpg 768w, https:\/\/dimensionturistica.com\/es\/wp-content\/uploads\/2022\/06\/DSC_7292-1536x1024.jpg 1536w, https:\/\/dimensionturistica.com\/es\/wp-content\/uploads\/2022\/06\/DSC_7292-2048x1365.jpg 2048w, https:\/\/dimensionturistica.com\/es\/wp-content\/uploads\/2022\/06\/DSC_7292-750x500.jpg 750w, https:\/\/dimensionturistica.com\/es\/wp-content\/uploads\/2022\/06\/DSC_7292-1140x760.jpg 1140w\" sizes=\"(max-width: 194px) 100vw, 194px\" \/> damnificados y voluntariado. Ejemplo de esto, fue la participaci\u00f3n en la iniciativa Spotlight, de la Uni\u00f3n Europea y la ONU, a la que Posadas se sum\u00f3 para dar alojamiento gratuito a mujeres con sus hijas e hijos v\u00edctimas de violencia.<br \/>\nEn el \u00e1mbito de ahorro de recursos energ\u00e9ticos, la implementaci\u00f3n de regaderas, sanitarios y lavabos de bajo consumo de agua para reducir la<img decoding=\"async\" class=\" wp-image-332177 alignright\" src=\"https:\/\/dimensionturistica.com\/es\/wp-content\/uploads\/2022\/06\/DSC_7281-1-200x300.jpg\" alt=\"\" width=\"175\" height=\"263\" srcset=\"https:\/\/dimensionturistica.com\/es\/wp-content\/uploads\/2022\/06\/DSC_7281-1-200x300.jpg 200w, https:\/\/dimensionturistica.com\/es\/wp-content\/uploads\/2022\/06\/DSC_7281-1-683x1024.jpg 683w, https:\/\/dimensionturistica.com\/es\/wp-content\/uploads\/2022\/06\/DSC_7281-1-768x1152.jpg 768w, https:\/\/dimensionturistica.com\/es\/wp-content\/uploads\/2022\/06\/DSC_7281-1-1024x1536.jpg 1024w, https:\/\/dimensionturistica.com\/es\/wp-content\/uploads\/2022\/06\/DSC_7281-1-1365x2048.jpg 1365w, https:\/\/dimensionturistica.com\/es\/wp-content\/uploads\/2022\/06\/DSC_7281-1-750x1125.jpg 750w, https:\/\/dimensionturistica.com\/es\/wp-content\/uploads\/2022\/06\/DSC_7281-1-1140x1710.jpg 1140w, https:\/\/dimensionturistica.com\/es\/wp-content\/uploads\/2022\/06\/DSC_7281-1-scaled.jpg 1707w\" sizes=\"(max-width: 175px) 100vw, 175px\" \/>\u00a0huella h\u00eddrica. Sistemas de automatizaci\u00f3n de aire acondicionados e iluminaci\u00f3n, sensores de presencia, calentadores de agua solares, recuperadores de calor y calentadores de alta eficiencia para reducir la huella de carb\u00f3n.<br \/>\nEn cuanto a la relaci\u00f3n con el medio ambiente, la participaci\u00f3n en programas de cuidado de \u00e1reas verdes, reforestaci\u00f3n y riego responsable, limpieza de playas y liberaci\u00f3n de tortugas marinas. As\u00ed como implementaci\u00f3n de est\u00e1ndares para erradicar los pl\u00e1sticos de un solo uso, reemplaz\u00e1ndolos por contenedores compostables y bolsas biodegradables y la instalaci\u00f3n de dispensadores para amenidades como shampoo y jab\u00f3n.<br \/>\nGracias a la ardua labor de Posadas por el cuidado del planeta a trav\u00e9s del<img decoding=\"async\" class=\" wp-image-332176 alignright\" src=\"https:\/\/dimensionturistica.com\/es\/wp-content\/uploads\/2022\/06\/DSC_7286-200x300.jpg\" alt=\"\" width=\"159\" height=\"239\" srcset=\"https:\/\/dimensionturistica.com\/es\/wp-content\/uploads\/2022\/06\/DSC_7286-200x300.jpg 200w, https:\/\/dimensionturistica.com\/es\/wp-content\/uploads\/2022\/06\/DSC_7286-683x1024.jpg 683w, https:\/\/dimensionturistica.com\/es\/wp-content\/uploads\/2022\/06\/DSC_7286-768x1152.jpg 768w, https:\/\/dimensionturistica.com\/es\/wp-content\/uploads\/2022\/06\/DSC_7286-1024x1536.jpg 1024w, https:\/\/dimensionturistica.com\/es\/wp-content\/uploads\/2022\/06\/DSC_7286-1365x2048.jpg 1365w, https:\/\/dimensionturistica.com\/es\/wp-content\/uploads\/2022\/06\/DSC_7286-750x1125.jpg 750w, https:\/\/dimensionturistica.com\/es\/wp-content\/uploads\/2022\/06\/DSC_7286-1140x1710.jpg 1140w, https:\/\/dimensionturistica.com\/es\/wp-content\/uploads\/2022\/06\/DSC_7286-scaled.jpg 1707w\" sizes=\"(max-width: 159px) 100vw, 159px\" \/> programa Viaja con Sentido, \u201cThe Foundation for Environmental Education\u201d (FEE), organizaci\u00f3n internacional no-gubernamental y sin fines de lucro, otorg\u00f3 150 distintivos Green Key a hoteles de las marcas Live Aqua, Grand Fiesta Americana, Curamoria Collection, Fiesta Americana, The Explorean, IOH, Fiesta Inn, Gamma y one. El distintivo Green Key es un reconocimiento internacional que impulsa pr\u00e1cticas sostenibles en establecimientos tur\u00edsticos.<br \/>\n\u201cComo parte de nuestro compromiso y gracias a los resultados del programa Viaja con Sentido, el d\u00eda de hoy, estamos muy honrados de recibir por parte de The Foundation for Environmental Education (FEE) M\u00e9xico, estos distintivos para nuestros hoteles, que suman<img decoding=\"async\" class=\"size-medium wp-image-332178 alignright\" src=\"https:\/\/dimensionturistica.com\/es\/wp-content\/uploads\/2022\/06\/DSC_7272-300x200.jpg\" alt=\"\" width=\"300\" height=\"200\" srcset=\"https:\/\/dimensionturistica.com\/es\/wp-content\/uploads\/2022\/06\/DSC_7272-300x200.jpg 300w, https:\/\/dimensionturistica.com\/es\/wp-content\/uploads\/2022\/06\/DSC_7272-1024x683.jpg 1024w, https:\/\/dimensionturistica.com\/es\/wp-content\/uploads\/2022\/06\/DSC_7272-768x512.jpg 768w, https:\/\/dimensionturistica.com\/es\/wp-content\/uploads\/2022\/06\/DSC_7272-1536x1024.jpg 1536w, https:\/\/dimensionturistica.com\/es\/wp-content\/uploads\/2022\/06\/DSC_7272-2048x1365.jpg 2048w, https:\/\/dimensionturistica.com\/es\/wp-content\/uploads\/2022\/06\/DSC_7272-750x500.jpg 750w, https:\/\/dimensionturistica.com\/es\/wp-content\/uploads\/2022\/06\/DSC_7272-1140x760.jpg 1140w\" sizes=\"(max-width: 300px) 100vw, 300px\" \/> 150 en total ya con este reconocimiento, lo que representa el reflejo de todo el compromiso de la familia Posadas.\u201d, comparti\u00f3 Jos\u00e9 Carlos Azc\u00e1rraga durante la premiaci\u00f3n.<br \/>\nEn el evento de presentaci\u00f3n, se cont\u00f3 con la presencia de el Licenciado Miguel Torruco Marqu\u00e9s, Secretario de Turismo de M\u00e9xico; Jos\u00e9 Carlos Azc\u00e1rraga, Director General de Posadas; Maestro Humberto Hern\u00e1ndez Haddad, Subsecretario de Turismo de M\u00e9xico; Enrique Calder\u00f3n, Vicepresidente de Operaci\u00f3n Hotelera de Posadas y el Licenciado Joaqu\u00edn D\u00edaz, Director de The Foundation for Environmental Education M\u00e9xico.<br \/>\nPor su parte, Joaqu\u00edn D\u00edaz, de FEE, puntualiz\u00f3 que \u201clos hoteles que recibieron este distintivo se sometieron a una rigurosa evaluaci\u00f3n en trece categor\u00edas que abarcan la gesti\u00f3n ambiental, participaci\u00f3n del personal, responsabilidad social, actividades verdes y administraci\u00f3n, entre otras \u00e1reas\u201d. Los inmuebles de Posadas se destacaron con el Distintivo Internacional Green Key gracias a sus iniciativas sostenibles, la renovaci\u00f3n estructural en varios de sus desarrollos y la constante renovaci\u00f3n de las pr\u00e1cticas y servicios en sus hoteles.<br \/>\nEl titular de la Secretar\u00eda de Turismo, Miguel Torruco Marqu\u00e9s, resalt\u00f3 \u201cestos esfuerzos coordinados en materia de capacitaci\u00f3n, operaci\u00f3n, mantenimiento y regulaci\u00f3n posicionan a Posadas como un ejemplo a seguir en materia de desarrollo sostenible en la industria del turismo en M\u00e9xico\u201d.<br \/>\nCon el compromiso de seguir impulsando un turismo de respeto hacia el medio ambiente y nuestras comunidades, Posadas contin\u00faa implementando en los hoteles acciones que generan importantes cambios para un bienestar en el presente y para el futuro.<\/p>\n","protected":false},"excerpt":{"rendered":"<p>El pasado 13 de junio, se llev\u00f3 a cabo la presentaci\u00f3n de Viaja con Sentido, programa de Posadas que tiene como misi\u00f3n promover la preservaci\u00f3n de los recursos naturales y la biodiversidad, el bienestar social y el crecimiento econ\u00f3mico para el futuro de las pr\u00f3ximas generaciones; partiendo del consumo local para el desarrollo de las [&hellip;]<\/p>\n","protected":false},"author":1,"featured_media":332189,"comment_status":"open","ping_status":"closed","sticky":false,"template":"","format":"standard","meta":{"om_disable_all_campaigns":false,"jnews-multi-image_gallery":[],"jnews_single_post":{"source_name":"","source_url":"","via_name":"","via_url":"","override_template":"0","override":[{"template":"1","single_blog_custom":"","parallax":"1","fullscreen":"1","layout":"right-sidebar","sidebar":"default-sidebar","second_sidebar":"default-sidebar","sticky_sidebar":"1","share_position":"top","share_float_style":"share-monocrhome","show_share_counter":"1","show_view_counter":"1","show_featured":"1","show_post_meta":"1","show_post_author":"1","show_post_author_image":"1","show_post_date":"1","post_date_format":"default","post_date_format_custom":"Y\/m\/d","show_post_category":"1","show_post_reading_time":"0","post_reading_time_wpm":"300","show_zoom_button":"0","zoom_button_out_step":"2","zoom_button_in_step":"3","show_post_tag":"1","show_prev_next_post":"1","show_popup_post":"1","number_popup_post":"1","show_author_box":"0","show_post_related":"0","show_inline_post_related":"0"}],"override_image_size":"0","image_override":[{"single_post_thumbnail_size":"crop-500","single_post_gallery_size":"crop-500"}],"trending_post":"0","trending_post_position":"meta","trending_post_label":"Trending","sponsored_post":"0","sponsored_post_label":"Sponsored by","sponsored_post_name":"","sponsored_post_url":"","sponsored_post_logo_enable":"0","sponsored_post_logo":"","sponsored_post_desc":"","disable_ad":"0"},"jnews_primary_category":{"id":""},"jnews_social_meta":{"fb_title":"","fb_description":"","fb_image":"","twitter_title":"","twitter_description":"","twitter_image":""},"footnotes":""},"categories":[39],"tags":[],"class_list":["post-332157","post","type-post","status-publish","format-standard","has-post-thumbnail","hentry","category-viajes"],"_links":{"self":[{"href":"https:\/\/dimensionturistica.com\/es\/wp-json\/wp\/v2\/posts\/332157","targetHints":{"allow":["GET"]}}],"collection":[{"href":"https:\/\/dimensionturistica.com\/es\/wp-json\/wp\/v2\/posts"}],"about":[{"href":"https:\/\/dimensionturistica.com\/es\/wp-json\/wp\/v2\/types\/post"}],"author":[{"embeddable":true,"href":"https:\/\/dimensionturistica.com\/es\/wp-json\/wp\/v2\/users\/1"}],"replies":[{"embeddable":true,"href":"https:\/\/dimensionturistica.com\/es\/wp-json\/wp\/v2\/comments?post=332157"}],"version-history":[{"count":0,"href":"https:\/\/dimensionturistica.com\/es\/wp-json\/wp\/v2\/posts\/332157\/revisions"}],"wp:featuredmedia":[{"embeddable":true,"href":"https:\/\/dimensionturistica.com\/es\/wp-json\/wp\/v2\/media\/332189"}],"wp:attachment":[{"href":"https:\/\/dimensionturistica.com\/es\/wp-json\/wp\/v2\/media?parent=332157"}],"wp:term":[{"taxonomy":"category","embeddable":true,"href":"https:\/\/dimensionturistica.com\/es\/wp-json\/wp\/v2\/categories?post=332157"},{"taxonomy":"post_tag","embeddable":true,"href":"https:\/\/dimensionturistica.com\/es\/wp-json\/wp\/v2\/tags?post=332157"}],"curies":[{"name":"wp","href":"https:\/\/api.w.org\/{rel}","templated":true}]}}