{"id":332142,"date":"2022-06-15T13:32:54","date_gmt":"2022-06-15T13:32:54","guid":{"rendered":"https:\/\/dimensionturistica.com\/es\/?p=332142"},"modified":"2022-06-15T13:33:49","modified_gmt":"2022-06-15T13:33:49","slug":"cinco-cosas-que-hacer-en-monterrey-antes-del-machaca-fest","status":"publish","type":"post","link":"https:\/\/dimensionturistica.com\/es\/cinco-cosas-que-hacer-en-monterrey-antes-del-machaca-fest\/","title":{"rendered":"Cinco cosas que hacer en Monterrey antes del Machaca Fest"},"content":{"rendered":"<p><img decoding=\"async\" class=\"size-medium wp-image-332144 alignright\" src=\"https:\/\/dimensionturistica.com\/es\/wp-content\/uploads\/2022\/06\/Cabrito-300x169.jpg\" alt=\"\" width=\"300\" height=\"169\" srcset=\"https:\/\/dimensionturistica.com\/es\/wp-content\/uploads\/2022\/06\/Cabrito-300x169.jpg 300w, https:\/\/dimensionturistica.com\/es\/wp-content\/uploads\/2022\/06\/Cabrito.jpg 512w\" sizes=\"(max-width: 300px) 100vw, 300px\" \/>Se acerca el s\u00e1bado 25 de junio y con \u00e9l una nueva edici\u00f3n del Machaca Fest en el Parque Fundidora, en Monterrey, que este 2022 reunir\u00e1 a artistas de la talla de Slipknot, Pante\u00f3n Rococ\u00f3, Ozuna, Paulina Rubio, Nicky Jam, Belinda, El Gran Silencio, Kumbia Kings y Cartel de Santa, entre muchos otros.<br \/>\nPoco m\u00e1s de 10 d\u00edas faltan para este esperado evento, y por ello la Secretar\u00eda de Turismo del estado de Nuevo Le\u00f3n, recomienda a la comunidad festivalera realizar la experiencia norte\u00f1a completa, a trav\u00e9s de<img decoding=\"async\" class=\"size-medium wp-image-332143 alignright\" src=\"https:\/\/dimensionturistica.com\/es\/wp-content\/uploads\/2022\/06\/Barrio-Antiguo-300x232.jpg\" alt=\"\" width=\"300\" height=\"232\" srcset=\"https:\/\/dimensionturistica.com\/es\/wp-content\/uploads\/2022\/06\/Barrio-Antiguo-300x232.jpg 300w, https:\/\/dimensionturistica.com\/es\/wp-content\/uploads\/2022\/06\/Barrio-Antiguo.jpg 700w\" sizes=\"(max-width: 300px) 100vw, 300px\" \/> las siguientes actividades en la capital regiomontana.<br \/>\nAlgo tranqui<br \/>\nConsiderada como una de las 13 maravillas de M\u00e9xico creadas por el hombre, el Paseo Santa Luc\u00eda es uno de los sitios obligados para todos los turistas que visitan Monterrey. El recorrido contempla alrededor de 2.5kil\u00f3metros de hermosos paisajes, 24 fuentes, un r\u00edo artificial, murales de artistas regiomontanos, \u00e1reas verdes y zonas de esparcimiento, y todo esto se puede recorrer a pie, en bicicleta o en un recorrido guiado a bordo de una lancha que parte del Parque Fundidora hasta el Museo de Historia Mexicana<img decoding=\"async\" class=\"size-medium wp-image-332146 alignright\" src=\"https:\/\/dimensionturistica.com\/es\/wp-content\/uploads\/2022\/06\/MARCO-300x180.jpg\" alt=\"\" width=\"300\" height=\"180\" srcset=\"https:\/\/dimensionturistica.com\/es\/wp-content\/uploads\/2022\/06\/MARCO-300x180.jpg 300w, https:\/\/dimensionturistica.com\/es\/wp-content\/uploads\/2022\/06\/MARCO-1024x614.jpg 1024w, https:\/\/dimensionturistica.com\/es\/wp-content\/uploads\/2022\/06\/MARCO-768x460.jpg 768w, https:\/\/dimensionturistica.com\/es\/wp-content\/uploads\/2022\/06\/MARCO-750x449.jpg 750w, https:\/\/dimensionturistica.com\/es\/wp-content\/uploads\/2022\/06\/MARCO.jpg 1118w\" sizes=\"(max-width: 300px) 100vw, 300px\" \/><br \/>\n\u00bfUna carnita asada o qu\u00e9?<br \/>\nConsiderado uno de los platillos ic\u00f3nicos de la gastronom\u00eda neolonesa, el cabrito es el rey de los platillos norte\u00f1os para celebrar una carnita asada. El asado tradicional se hace con hierbas, ajo, sal y aceite, sin embargo en otros sitios tambi\u00e9n lo hacen al pastor. Usualmente se acompa\u00f1a con brochetas de vegetales o papas asadas. Algunos de los sitios c\u00e9lebres por su preparaci\u00f3n en Monterrey son: Cabrito El Pipiripau, El Gran Pastor, Restaurante San Carlos y en El Rey del Cabrito.<img decoding=\"async\" class=\"size-medium wp-image-332149 alignright\" src=\"https:\/\/dimensionturistica.com\/es\/wp-content\/uploads\/2022\/06\/unnamed-1-17-300x187.jpg\" alt=\"\" width=\"300\" height=\"187\" srcset=\"https:\/\/dimensionturistica.com\/es\/wp-content\/uploads\/2022\/06\/unnamed-1-17-300x187.jpg 300w, https:\/\/dimensionturistica.com\/es\/wp-content\/uploads\/2022\/06\/unnamed-1-17.jpg 700w\" sizes=\"(max-width: 300px) 100vw, 300px\" \/><br \/>\nCultura y conocimiento<br \/>\nUbicado en el coraz\u00f3n de la capital regiomontana, el Museo de Arte Contempor\u00e1neo (MARCO), es una obra arquitect\u00f3nica creada por Ricardo Legorreta y pensada para la promoci\u00f3n del arte contempor\u00e1neo internacional, enfatizando en la difusi\u00f3n de las artes visuales latinoamericanas. Las exposiciones que se encontrar\u00e1n vigentes para el fin de semana del Festival Machaca son: El Ensamble del Ocaso, una exposici\u00f3n colectiva que invoca una trama de<img decoding=\"async\" class=\"size-medium wp-image-332145 alignright\" src=\"https:\/\/dimensionturistica.com\/es\/wp-content\/uploads\/2022\/06\/Macroplaza-300x232.jpg\" alt=\"\" width=\"300\" height=\"232\" srcset=\"https:\/\/dimensionturistica.com\/es\/wp-content\/uploads\/2022\/06\/Macroplaza-300x232.jpg 300w, https:\/\/dimensionturistica.com\/es\/wp-content\/uploads\/2022\/06\/Macroplaza.jpg 700w\" sizes=\"(max-width: 300px) 100vw, 300px\" \/> elementos cuyos signos se cuentan tanto en las estructuras en el paisaje, como en la posici\u00f3n y equilibrio de las energ\u00edas; Gama T\u00e9rmica, de la artista mexicana Sof\u00eda T\u00e1boas, donde explora el espacio habitable, la transformaci\u00f3n y la temperatura del color; y finalmente Escultura Social, del artista Pedro Reyes, donde invita al espectador a participar y a involucrarse en experiencias psicosociales y filos\u00f3ficas.<br \/>\nViaje al pasado<br \/>\nPara todas y todos los amantes de los barrios cl\u00e1sicos, dentro de Monterrey existe uno de los barrios m\u00e1s representativos de la historia central neolonesa. El Barrio Antiguo a un costado de la Macroplaza comprende un sinf\u00edn de casonas \u2013 algunas con entrada libre \u2013 restaurantes, bares, caf\u00e9s, galer\u00edas y casas emblem\u00e1ticos como la Casa de las \u00c1guilas, la Casa de los Bisabuelos o la Casa de los T\u00edteres, entre muchas otras. Un m\u00e1gico imperdible durante tu estancia en Monterrey.<br \/>\nCoraz\u00f3n regiomontano<br \/>\nFamosa por ser el coraz\u00f3n de una de las ciudades m\u00e1s importantes de M\u00e9xico, y tambi\u00e9n por ser sede de incontables celebraciones en torno a los equipos de f\u00fatbol Monterrey y Tigres, la Macroplaza ya cuenta con m\u00e1s de 40 a\u00f1os de historia y es considerada la quinta plaza m\u00e1s grande del mundo. Visita el Faro del Comercio con sus casi 70 metros de altura, el Homenaje al Sol dedicado a Rufino Tamayo, el Kiosco Lucila Sabella, la Fuente de Neptuno y el Teatro de la Ciudad entre muchas otras m\u00e1s actividades. Aprovecha y recorre la plaza mientras pruebas la gastronom\u00eda urbana del lugar.<\/p>\n","protected":false},"excerpt":{"rendered":"<p>Se acerca el s\u00e1bado 25 de junio y con \u00e9l una nueva edici\u00f3n del Machaca Fest en el Parque Fundidora, en Monterrey, que este 2022 reunir\u00e1 a artistas de la talla de Slipknot, Pante\u00f3n Rococ\u00f3, Ozuna, Paulina Rubio, Nicky Jam, Belinda, El Gran Silencio, Kumbia Kings y Cartel de Santa, entre muchos otros. Poco m\u00e1s [&hellip;]<\/p>\n","protected":false},"author":1,"featured_media":332148,"comment_status":"open","ping_status":"closed","sticky":false,"template":"","format":"standard","meta":{"om_disable_all_campaigns":false,"jnews-multi-image_gallery":[],"jnews_single_post":{"source_name":"","source_url":"","via_name":"","via_url":"","override_template":"0","override":[{"template":"1","single_blog_custom":"","parallax":"1","fullscreen":"1","layout":"right-sidebar","sidebar":"default-sidebar","second_sidebar":"default-sidebar","sticky_sidebar":"1","share_position":"top","share_float_style":"share-monocrhome","show_share_counter":"1","show_view_counter":"1","show_featured":"1","show_post_meta":"1","show_post_author":"1","show_post_author_image":"1","show_post_date":"1","post_date_format":"default","post_date_format_custom":"Y\/m\/d","show_post_category":"1","show_post_reading_time":"0","post_reading_time_wpm":"300","show_zoom_button":"0","zoom_button_out_step":"2","zoom_button_in_step":"3","show_post_tag":"1","show_prev_next_post":"1","show_popup_post":"1","number_popup_post":"1","show_author_box":"0","show_post_related":"0","show_inline_post_related":"0"}],"override_image_size":"0","image_override":[{"single_post_thumbnail_size":"crop-500","single_post_gallery_size":"crop-500"}],"trending_post":"0","trending_post_position":"meta","trending_post_label":"Trending","sponsored_post":"0","sponsored_post_label":"Sponsored by","sponsored_post_name":"","sponsored_post_url":"","sponsored_post_logo_enable":"0","sponsored_post_logo":"","sponsored_post_desc":"","disable_ad":"0"},"jnews_primary_category":{"id":""},"jnews_social_meta":{"fb_title":"","fb_description":"","fb_image":"","twitter_title":"","twitter_description":"","twitter_image":""},"footnotes":""},"categories":[43],"tags":[],"class_list":["post-332142","post","type-post","status-publish","format-standard","has-post-thumbnail","hentry","category-gourmet"],"_links":{"self":[{"href":"https:\/\/dimensionturistica.com\/es\/wp-json\/wp\/v2\/posts\/332142","targetHints":{"allow":["GET"]}}],"collection":[{"href":"https:\/\/dimensionturistica.com\/es\/wp-json\/wp\/v2\/posts"}],"about":[{"href":"https:\/\/dimensionturistica.com\/es\/wp-json\/wp\/v2\/types\/post"}],"author":[{"embeddable":true,"href":"https:\/\/dimensionturistica.com\/es\/wp-json\/wp\/v2\/users\/1"}],"replies":[{"embeddable":true,"href":"https:\/\/dimensionturistica.com\/es\/wp-json\/wp\/v2\/comments?post=332142"}],"version-history":[{"count":0,"href":"https:\/\/dimensionturistica.com\/es\/wp-json\/wp\/v2\/posts\/332142\/revisions"}],"wp:featuredmedia":[{"embeddable":true,"href":"https:\/\/dimensionturistica.com\/es\/wp-json\/wp\/v2\/media\/332148"}],"wp:attachment":[{"href":"https:\/\/dimensionturistica.com\/es\/wp-json\/wp\/v2\/media?parent=332142"}],"wp:term":[{"taxonomy":"category","embeddable":true,"href":"https:\/\/dimensionturistica.com\/es\/wp-json\/wp\/v2\/categories?post=332142"},{"taxonomy":"post_tag","embeddable":true,"href":"https:\/\/dimensionturistica.com\/es\/wp-json\/wp\/v2\/tags?post=332142"}],"curies":[{"name":"wp","href":"https:\/\/api.w.org\/{rel}","templated":true}]}}