{"id":332008,"date":"2022-06-15T07:16:10","date_gmt":"2022-06-15T07:16:10","guid":{"rendered":"https:\/\/dimensionturistica.com\/es\/?p=332008"},"modified":"2022-06-15T07:16:13","modified_gmt":"2022-06-15T07:16:13","slug":"forum-business-travel-y-amadeus-analizan-la-tecnologia-para-los-viajes-de-negocios","status":"publish","type":"post","link":"https:\/\/dimensionturistica.com\/es\/forum-business-travel-y-amadeus-analizan-la-tecnologia-para-los-viajes-de-negocios\/","title":{"rendered":"Forum Business Travel y Amadeus analizan la tecnolog\u00eda para los viajes de negocios"},"content":{"rendered":"<p> <br \/>\n<\/p>\n<div>\n<div class=\"wysiwyg-photo\"><img decoding=\"async\" src=\"https:\/\/static.hosteltur.com\/app\/public\/uploads\/img\/releases\/2022\/06\/15\/L_085251_fbt-050522-17.jpg\" alt=\"Imagen nota de prensa Hosteltur\" width=\"2000\" height=\"1333\"\/><\/div>\n<p>Las jornadas tendr\u00e1n lugar en lodge <strong>Meli\u00e1 Barcelona Sarri\u00e0<\/strong>, de la capital catalana, el pr\u00f3ximo <strong>16 de junio<\/strong>; y en el<strong> Meli\u00e1 Barajas<\/strong> de Madrid, el <strong>23 de junio<\/strong>.<\/p>\n<p><strong>Discussion board Enterprise Journey<\/strong> y <strong>Amadeus Espa\u00f1a<\/strong> aportan para estas jornadas toda tu experiencia en el sector de los viajes de empresa y varios paneles de expertos para analizar la <strong>transformaci\u00f3n digital<\/strong> que est\u00e1 ayudando a las empresas a <strong>gestionar mejor sus viajes<\/strong> desde el punto de vista de la seguridad, los costes o la experiencia del viajero, entre otros aspectos.<\/p>\n<p>Las jornadas se abrir\u00e1n con la ponencia titulada <strong>\u201c\u00bfPreparados para la nueva realidad del trabajo?\u201d<\/strong>, que contar\u00e1 con la intervenci\u00f3n de Luis \u00c1ngel Fern\u00e1ndez, director de Proyectos Estrat\u00e9gicos de Cytric Straightforward; y Nicolas Chevillotte, Digital Advisor de Microsoft. Para la sesi\u00f3n de Madrid, en lugar de este \u00faltimo est\u00e1 prevista la participaci\u00f3n de Sonia Marzo, Enterprise Channel Supervisor de la misma compa\u00f1\u00eda.<\/p>\n<p>El plato fuerte ser\u00e1 la mesa redonda que, bajo el lema de <strong>\u201cHacia un verdadero end-to-end\u201d<\/strong>, desvelar\u00e1 el papel de la tecnolog\u00eda en un entorno de trabajo que cada vez tiene m\u00e1s en cuenta los desplazamientos profesionales desde una perspectiva integral, con un seguimiento fiel de los procesos de principio a fin, hasta que llega la liquidaci\u00f3n de gastos.<\/p>\n<p>Para hablar de ello, Discussion board Busines Journey y Amadeus Espa\u00f1a han invitado a Damien Moras, fundador de VAT4U; Esther Mut, socia de Vialto Companions; y Carlos Perell\u00f3, Gross sales Supervisor de Axa Companions, y Manuel Trigo, Enterprise Growth en Karhoo.<\/p>\n<p>La voz de los journey supervisor se har\u00e1 oir en el panel de debate <strong>\u201cEl valor de la tecnolog\u00eda en la nueva realidad de los viajes corporativos\u201d<\/strong>, que contar\u00e1 con la intervenci\u00f3n de Maurici Oliv\u00e9; Technique &amp; Digital Enterprise Transformation en Damm; Juan Pedro L\u00f3pez, Journey Administration and GDPR en Arcelormittal; y Mar Hern\u00e1ndez, Group Journey Supervisor en Amadeus.<\/p>\n<p>Las jornadas se completar\u00e1n con la exposici\u00f3n de un <strong>caso de \u00e9xito<\/strong> en la implantaci\u00f3n de tecnolog\u00eda para el enterprise journey, como es el caso de <strong>Meli\u00e1 Accommodations Worldwide<\/strong>, y que detallar\u00e1 Alicia Moya, gestora de viajes de esta multinacional hotelera, entrevistada por Ernesto Mullor, director Comercial para EMEA de Amadeus Cytric Options. <\/p>\n<\/p><\/div>\n\n<p><em> &#8221; Fuentes www.hosteltur.com &#8221; <\/em><\/p>\n","protected":false},"excerpt":{"rendered":"<p>Las jornadas tendr\u00e1n lugar en lodge Meli\u00e1 Barcelona Sarri\u00e0, de la capital catalana, el pr\u00f3ximo 16 de junio; y en el Meli\u00e1 Barajas de Madrid, el 23 de junio. Discussion board Enterprise Journey y Amadeus Espa\u00f1a aportan para estas jornadas toda tu experiencia en el sector de los viajes de empresa y varios paneles de [&hellip;]<\/p>\n","protected":false},"author":4,"featured_media":332009,"comment_status":"open","ping_status":"closed","sticky":false,"template":"","format":"standard","meta":{"om_disable_all_campaigns":false,"jnews-multi-image_gallery":[],"jnews_single_post":[],"jnews_primary_category":[],"jnews_social_meta":[],"footnotes":""},"categories":[39],"tags":[775],"class_list":["post-332008","post","type-post","status-publish","format-standard","has-post-thumbnail","hentry","category-viajes","tag-innovacion"],"_links":{"self":[{"href":"https:\/\/dimensionturistica.com\/es\/wp-json\/wp\/v2\/posts\/332008","targetHints":{"allow":["GET"]}}],"collection":[{"href":"https:\/\/dimensionturistica.com\/es\/wp-json\/wp\/v2\/posts"}],"about":[{"href":"https:\/\/dimensionturistica.com\/es\/wp-json\/wp\/v2\/types\/post"}],"author":[{"embeddable":true,"href":"https:\/\/dimensionturistica.com\/es\/wp-json\/wp\/v2\/users\/4"}],"replies":[{"embeddable":true,"href":"https:\/\/dimensionturistica.com\/es\/wp-json\/wp\/v2\/comments?post=332008"}],"version-history":[{"count":0,"href":"https:\/\/dimensionturistica.com\/es\/wp-json\/wp\/v2\/posts\/332008\/revisions"}],"wp:featuredmedia":[{"embeddable":true,"href":"https:\/\/dimensionturistica.com\/es\/wp-json\/wp\/v2\/media\/332009"}],"wp:attachment":[{"href":"https:\/\/dimensionturistica.com\/es\/wp-json\/wp\/v2\/media?parent=332008"}],"wp:term":[{"taxonomy":"category","embeddable":true,"href":"https:\/\/dimensionturistica.com\/es\/wp-json\/wp\/v2\/categories?post=332008"},{"taxonomy":"post_tag","embeddable":true,"href":"https:\/\/dimensionturistica.com\/es\/wp-json\/wp\/v2\/tags?post=332008"}],"curies":[{"name":"wp","href":"https:\/\/api.w.org\/{rel}","templated":true}]}}