{"id":331619,"date":"2022-06-14T14:30:52","date_gmt":"2022-06-14T14:30:52","guid":{"rendered":"https:\/\/dimensionturistica.com\/es\/?p=331619"},"modified":"2022-06-14T14:30:52","modified_gmt":"2022-06-14T14:30:52","slug":"lanzarote-ente-los-destinos-mas-deseados-para-este-verano","status":"publish","type":"post","link":"https:\/\/dimensionturistica.com\/es\/lanzarote-ente-los-destinos-mas-deseados-para-este-verano\/","title":{"rendered":"Lanzarote, ente los destinos m\u00e1s deseados para este verano"},"content":{"rendered":"<p> <br \/>\n<\/p>\n<div id=\"\">\n<p><img decoding=\"async\" itemprop=\"image\" src=\"https:\/\/www.lancelotdigital.com\/images\/2022\/06\/WhatsApp_Image_20211101_at_150101.webp\"\/><\/p>\n<p>&#13;<\/p>\n<p><strong>Por Espa\u00f1a y en pareja: as\u00ed viajar\u00e1n los espa\u00f1oles durante sus vacaciones<\/strong><\/p>\n<p>&#13;<br \/>\n &#13;<\/p>\n<p>\u00a0<\/p>\n<p>&#13;<\/p>\n<li class=\"texto\"><i class=\"fa fa-file-text-o\"\/>Lancelot Digital<\/li>\n<p>&#13;<\/p>\n<p>\u00a0<\/p>\n<p>&#13;<\/p>\n<p>Este 2022 se prev\u00e9 una de las mejores temporadas tur\u00edsticas en a\u00f1os, con miles de extranjeros llegando a nuestro pa\u00eds, y tambi\u00e9n miles de espa\u00f1oles que ya tienen decidido su destino en el primer verano sin restricciones. Para saber c\u00f3mo viajar\u00e1n y cu\u00e1les son sus destinos favoritos, la internet de viajes baratos Holidayguru.es ha recogido en el &#8216;Estudio comportamiento de los viajeros espa\u00f1oles 2022&#8217; las principales claves.<\/p>\n<p>&#13;<\/p>\n<p>\u00a0<\/p>\n<p>&#13;<\/p>\n<p>Entre los <strong>destinos m\u00e1s buscados<\/strong>, las islas espa\u00f1olas lideran la lista, con Menorca, Tenerife, Mallorca y <strong>Lanzarote a la cabeza<\/strong>, seguidas de Grecia, Gran Canaria, Roma y Cerde\u00f1a, destinos que coinciden con los paquetes &#8216;vuelos y resort&#8217; m\u00e1s reservados a trav\u00e9s de la internet de Holidayguru (Tenerife, Fuerteventura, Gran Canaria, Mallorca y Cerde\u00f1a).<\/p>\n<p>&#13;<\/p>\n<p>\u00a0<\/p>\n<p>&#13;<\/p>\n<p>En relaci\u00f3n a los destinos internacionales m\u00e1s buscados, los espa\u00f1oles se centran en el Mediterr\u00e1neo, con Grecia, Roma, Egipto, Portugal y Cerde\u00f1a a la cabeza. Por otra parte, Espa\u00f1a se reafirma como destino para los nacionales este verano, y es que los hoteles m\u00e1s reservados se sit\u00faan en Tenerife, Moj\u00e1car, Pe\u00f1\u00edscola, Benidorm y la Costa del Sol.<\/p>\n<p>&#13;<\/p>\n<p>\u00a0<\/p>\n<p>&#13;<\/p>\n<p>En cuanto al comportamiento de los viajeros a la hora de reservar, al 62% de los encuestados les gustar\u00eda poder viajar m\u00e1s pero la falta de presupuesto es su principal impedimento, frente al casi 30% que no lo hace por falta de vacaciones o un 10 por dependencia de familiares o mascotas, as\u00ed como por las restricciones a\u00fan vigentes en muchos pa\u00edses.<\/p>\n<p>&#13;<\/p>\n<p>\u00a0<\/p>\n<p>&#13;<\/p>\n<p>La inflaci\u00f3n, que ha repercutido en el aumento de los precios del carburante, incide tambi\u00e9n en el precio de los viajes. As\u00ed lo creen el 76% de los encuestados, que considera ahora los viajes m\u00e1s caros, comparado con el verano de 2019 -antes de la irrupci\u00f3n de la pandemia-, frente al 15% que creen verlos al mismo precio y un 9%, m\u00e1s baratos.<\/p>\n<p>&#13;<\/p>\n<p>\u00a0<\/p>\n<p>&#13;<\/p>\n<p>A la hora de reservar, un 26% de los viajeros espa\u00f1oles lo hacen a \u00faltimo minuto (tres semanas antes de viajar), aunque tambi\u00e9n un 26% reserva con m\u00e1s de dos meses de antelaci\u00f3n, siendo los viajes en pareja los m\u00e1s demandados, y es que la mitad de los encuestados viajar\u00e1n as\u00ed este verano, frente al 20% que lo har\u00e1 con amigos o familia, y un 9% sin m\u00e1s compa\u00f1\u00eda que su maleta.<\/p>\n<p>&#13;<\/p>\n<p>\u00a0<\/p>\n<p>&#13;<\/p>\n<p>Estos son los resultados del estudio llevado a cabo durante la primera semana de junio a 2000 usuarios de Holidayguru. Datos extra\u00eddos de b\u00fasquedas y reservas realizados a trav\u00e9s de Holidayguru.<\/p>\n<p>&#13;<\/p>\n<p>\u00a0<\/p>\n<p>&#13;<\/p>\n<p>-\u00bfC\u00f3mo viajar\u00e1s este verano?<\/p>\n<p>&#13;<\/p>\n<p>\u00a0<\/p>\n<p>&#13;<\/p>\n<p>Pareja -51%<\/p>\n<p>&#13;<\/p>\n<p>\u00a0<\/p>\n<p>&#13;<\/p>\n<p>Amigos -20%<\/p>\n<p>&#13;<\/p>\n<p>\u00a0<\/p>\n<p>&#13;<\/p>\n<p>Familia &#8211; 20%<\/p>\n<p>&#13;<\/p>\n<p>\u00a0<\/p>\n<p>&#13;<\/p>\n<p>Solo\/a &#8211; 9%<\/p>\n<p>&#13;<\/p>\n<p>\u00a0<\/p>\n<p>&#13;<\/p>\n<p>&#8211; \u00bfCon cu\u00e1nta antelaci\u00f3n sueles reservar?<\/p>\n<p>&#13;<\/p>\n<p>\u00a0<\/p>\n<p>&#13;<\/p>\n<p>\u00daltimo Minuto (menos de 3 semanas antes de viajar) -26&amp;<\/p>\n<p>&#13;<\/p>\n<p>\u00a0<\/p>\n<p>&#13;<\/p>\n<p>Un mes antes 26%<\/p>\n<p>&#13;<\/p>\n<p>\u00a0<\/p>\n<p>&#13;<\/p>\n<p>Dos meses antes &#8211; 22%<\/p>\n<p>&#13;<\/p>\n<p>\u00a0<\/p>\n<p>&#13;<\/p>\n<p>M\u00e1s de dos meses antes &#8211; 26%<\/p>\n<p>&#13;<\/p>\n<p>\u00a0<\/p>\n<p>&#13;<\/p>\n<p>&#8211; Comparado con el verano de 2019, anterior a la pandemia, los viajes en basic los consideras<\/p>\n<p>&#13;<\/p>\n<p>\u00a0<\/p>\n<p>&#13;<\/p>\n<p>M\u00e1s caros &#8211; 76%<\/p>\n<p>&#13;<\/p>\n<p>\u00a0<\/p>\n<p>&#13;<\/p>\n<p>M\u00e1s baratos &#8211; 9%<\/p>\n<p>&#13;<\/p>\n<p>\u00a0<\/p>\n<p>&#13;<\/p>\n<p>Al mismo precio &#8211; 15%<\/p>\n<p>&#13;<\/p>\n<p>\u00a0<\/p>\n<p>&#13;<\/p>\n<p>&#8211; \u00bfCu\u00e1l es el motivo que no te hace viajar m\u00e1s?<\/p>\n<p>&#13;<\/p>\n<p>\u00a0<\/p>\n<p>&#13;<\/p>\n<p>Falta de presupuesto -62%<\/p>\n<p>&#13;<\/p>\n<p>\u00a0<\/p>\n<p>&#13;<\/p>\n<p>D\u00edas de vacaciones -27%<\/p>\n<p>&#13;<\/p>\n<p>\u00a0<\/p>\n<p>&#13;<\/p>\n<p>Restricciones &#8211; 2%<\/p>\n<p>&#13;<\/p>\n<p>\u00a0<\/p>\n<p>&#13;<\/p>\n<p>Dependencia familia, amigos, mascotas &#8211; 9%<\/p>\n<\/p><\/div>\n<p><script src=\"https:\/\/connect.facebook.net\/es_ES\/all.js#xfbml=1\" type=\"text\/javascript\"><\/script><script type=\"text\/javascript\">\n\/\/<![CDATA[\n   \twindow.fbAsyncInit = function() {\n\t\tFB.init({ appId: '171342606239806', \n\t\t\tstatus: true, \n\t\t\tcookie: true,\n\t\t\txfbml: true,\n\t\t\toauth: true\n\t\t});\n   \t\t    \n\t  \t\t};\n    \/\/      \n    jQuery(window).load(function() {\n    \t(function(){\n    \t\tif(!document.getElementById('fb-root')) {\n    \t\t\tvar root = document.createElement('div');\n    \t\t\troot.id = 'fb-root';\n    \t\t\tdocument.getElementById('gkfb-root').appendChild(root);\n    \t\t\tvar e = document.createElement('script');\n    \t\t\te.src = document.location.protocol + '\/\/connect.facebook.net\/es_ES\/all.js';\n    \t\t\te.async = true;\n    \t\t\tdocument.getElementById('fb-root').appendChild(e);\n    \t\t}  \n    \t})();\n    });\n    \/\/]]>\n<\/script><br \/>\n<br \/><\/p>\n<p><em> &#8221; Fuentes www.lancelotdigital.com &#8221; <\/em><\/p>\n","protected":false},"excerpt":{"rendered":"<p>&#13; Por Espa\u00f1a y en pareja: as\u00ed viajar\u00e1n los espa\u00f1oles durante sus vacaciones &#13; &#13; \u00a0 &#13; Lancelot Digital &#13; \u00a0 &#13; Este 2022 se prev\u00e9 una de las mejores temporadas tur\u00edsticas en a\u00f1os, con miles de extranjeros llegando a nuestro pa\u00eds, y tambi\u00e9n miles de espa\u00f1oles que ya tienen decidido su destino en el [&hellip;]<\/p>\n","protected":false},"author":4,"featured_media":331620,"comment_status":"open","ping_status":"closed","sticky":false,"template":"","format":"standard","meta":{"om_disable_all_campaigns":false,"jnews-multi-image_gallery":[],"jnews_single_post":[],"jnews_primary_category":[],"jnews_social_meta":[],"footnotes":""},"categories":[39],"tags":[946],"class_list":["post-331619","post","type-post","status-publish","format-standard","has-post-thumbnail","hentry","category-viajes","tag-lancelot-digital-noticias-lanzarote-diario-digital-periodico-canarias-sucesos-deportes-cultura-vida-social-opinion-semanario-revista"],"_links":{"self":[{"href":"https:\/\/dimensionturistica.com\/es\/wp-json\/wp\/v2\/posts\/331619","targetHints":{"allow":["GET"]}}],"collection":[{"href":"https:\/\/dimensionturistica.com\/es\/wp-json\/wp\/v2\/posts"}],"about":[{"href":"https:\/\/dimensionturistica.com\/es\/wp-json\/wp\/v2\/types\/post"}],"author":[{"embeddable":true,"href":"https:\/\/dimensionturistica.com\/es\/wp-json\/wp\/v2\/users\/4"}],"replies":[{"embeddable":true,"href":"https:\/\/dimensionturistica.com\/es\/wp-json\/wp\/v2\/comments?post=331619"}],"version-history":[{"count":0,"href":"https:\/\/dimensionturistica.com\/es\/wp-json\/wp\/v2\/posts\/331619\/revisions"}],"wp:featuredmedia":[{"embeddable":true,"href":"https:\/\/dimensionturistica.com\/es\/wp-json\/wp\/v2\/media\/331620"}],"wp:attachment":[{"href":"https:\/\/dimensionturistica.com\/es\/wp-json\/wp\/v2\/media?parent=331619"}],"wp:term":[{"taxonomy":"category","embeddable":true,"href":"https:\/\/dimensionturistica.com\/es\/wp-json\/wp\/v2\/categories?post=331619"},{"taxonomy":"post_tag","embeddable":true,"href":"https:\/\/dimensionturistica.com\/es\/wp-json\/wp\/v2\/tags?post=331619"}],"curies":[{"name":"wp","href":"https:\/\/api.w.org\/{rel}","templated":true}]}}