{"id":331422,"date":"2022-06-14T07:22:47","date_gmt":"2022-06-14T07:22:47","guid":{"rendered":"https:\/\/dimensionturistica.com\/es\/?p=331422"},"modified":"2022-06-14T07:22:47","modified_gmt":"2022-06-14T07:22:47","slug":"la-industria-turistica-en-puerto-rico-opera-sin-un-plan-integrado","status":"publish","type":"post","link":"https:\/\/dimensionturistica.com\/es\/la-industria-turistica-en-puerto-rico-opera-sin-un-plan-integrado\/","title":{"rendered":"La industria tur\u00edstica en Puerto Rico opera sin un \u201cplan integrado\u201d"},"content":{"rendered":"<p> <br \/>\n<\/p>\n<div>\n<p class=\"content-element\"><b>La falta de un \u201cplan integrado para el turismo\u201d presenta uno de los escollos m\u00e1s grandes a la hora de competir con destinos internacionales y otras jurisdicciones en Estados Unidos<\/b>, como Miami, argument\u00f3 Joaqu\u00edn Bol\u00edvar, presidente de la junta de directores de la<a rel=\"nofollow noopener\" target=\"_blank\" href=\"https:\/\/www.elnuevodia.com\/topicos\/prhta\/\"> Asociaci\u00f3n de Hoteles y Turismo de Puerto Rico (PRHTA, en ingl\u00e9s)<\/a>.<\/p>\n<p class=\"content-element\">\u201cEsta es una econom\u00eda integrada y el turismo es una parte clave de ella\u201d, argument\u00f3 Bol\u00edvar, mientras que Miguel Vega, presidente electo de la junta de la PRHTA argument\u00f3 que <b>las agencias gubernamentales necesitan trabajar en conjunto en ese plan.<\/b><\/p>\n<p class=\"content-element\">Aunque Bol\u00edvar indic\u00f3 que el sector del turismo est\u00e1 mejorando tras los cierres provocados por la pandemia del <a rel=\"nofollow noopener\" target=\"_blank\" href=\"https:\/\/www.elnuevodia.com\/topicos\/coronavirus\/\">COVID-19<\/a>, incluyendo nuevas construcciones, la falta de un plan integrado lleva a que recursos tur\u00edsticos no se est\u00e1n maximizando. Mencion\u00f3 como ejemplo Roosevelt Roads y municipios costeros como Isabela y Rinc\u00f3n.<\/p>\n<p class=\"content-element\"><b>\u201cA\u00fan hoy, con los nuevos desarrollos, necesitamos poner m\u00e1s esfuerzos en un plan integrado\u201d, sentenci\u00f3 Bol\u00edvar.<\/b><\/p>\n<p class=\"content-element\">Adem\u00e1s de aspectos de infraestructura, que van desde aspectos macro hasta proveer tumbonas de playa y ba\u00f1os para los ba\u00f1istas, otros aspecto a precisar es nuestra clientela, que tanto Bol\u00edvar como Vega, dijeron est\u00e1 en un nivel intermedio en cuanto a ingreso del viajero.<\/p>\n<p class=\"content-element\">El presidente electo indic\u00f3 que la raz\u00f3n para buscar el mercado intermedio est\u00e1 en parte relacionado al costo de hacer negocios en Puerto Rico y que Puerto Rico tiene impuestos y otros costos m\u00e1s elevados que otros destinos del Caribe y Estados Unidos.<\/p>\n<p class=\"content-element\"><b>\u201cEs tan importante balancear a qui\u00e9n le est\u00e1s mercadeando y que los dem\u00e1s lo sigan porque el dinero de mercadeo no es ingreso desechable. Tienes que precisar d\u00f3nde tienes el mejor retorno de la inversi\u00f3n\u201d, argument\u00f3 Vega.<\/b><\/p>\n<p class=\"content-element\">Por su parte, Bol\u00edvar tambi\u00e9n indic\u00f3 que el mercado de los <i>all-inclusive <\/i>es para espacios que esperan que el turista no se salga del resort o zona pero que en Puerto Rico hay el viajero se espera que discover el destino.<\/p>\n<p class=\"content-element\">\u201cLo m\u00e1s que podemos hacer es asegurarnos que las personas est\u00e9n contentas dentro de nuestras cuatro paredes, que nuestras facilidades est\u00e9n a la altura de la expectativa de los viajeros\u201d, dijo Bol\u00edvar y a\u00f1adi\u00f3 \u201cno est\u00e1s viajando al hotel, est\u00e1s viajando al destino\u201d<\/p>\n<\/div>\n\n<p><em> &#8221; Fuentes www.elnuevodia.com &#8221; <\/em><\/p>\n","protected":false},"excerpt":{"rendered":"<p>La falta de un \u201cplan integrado para el turismo\u201d presenta uno de los escollos m\u00e1s grandes a la hora de competir con destinos internacionales y otras jurisdicciones en Estados Unidos, como Miami, argument\u00f3 Joaqu\u00edn Bol\u00edvar, presidente de la junta de directores de la Asociaci\u00f3n de Hoteles y Turismo de Puerto Rico (PRHTA, en ingl\u00e9s). \u201cEsta [&hellip;]<\/p>\n","protected":false},"author":4,"featured_media":331423,"comment_status":"open","ping_status":"closed","sticky":false,"template":"","format":"standard","meta":{"om_disable_all_campaigns":false,"jnews-multi-image_gallery":[],"jnews_single_post":[],"jnews_primary_category":[],"jnews_social_meta":[],"footnotes":""},"categories":[40],"tags":[47129,19926,11677],"class_list":["post-331422","post","type-post","status-publish","format-standard","has-post-thumbnail","hentry","category-industria","tag-asociacion-de-hoteles-y-turismo-de-puerto-rico","tag-hoteles-en-puerto-rico","tag-turismo-en-puerto-rico"],"_links":{"self":[{"href":"https:\/\/dimensionturistica.com\/es\/wp-json\/wp\/v2\/posts\/331422","targetHints":{"allow":["GET"]}}],"collection":[{"href":"https:\/\/dimensionturistica.com\/es\/wp-json\/wp\/v2\/posts"}],"about":[{"href":"https:\/\/dimensionturistica.com\/es\/wp-json\/wp\/v2\/types\/post"}],"author":[{"embeddable":true,"href":"https:\/\/dimensionturistica.com\/es\/wp-json\/wp\/v2\/users\/4"}],"replies":[{"embeddable":true,"href":"https:\/\/dimensionturistica.com\/es\/wp-json\/wp\/v2\/comments?post=331422"}],"version-history":[{"count":0,"href":"https:\/\/dimensionturistica.com\/es\/wp-json\/wp\/v2\/posts\/331422\/revisions"}],"wp:featuredmedia":[{"embeddable":true,"href":"https:\/\/dimensionturistica.com\/es\/wp-json\/wp\/v2\/media\/331423"}],"wp:attachment":[{"href":"https:\/\/dimensionturistica.com\/es\/wp-json\/wp\/v2\/media?parent=331422"}],"wp:term":[{"taxonomy":"category","embeddable":true,"href":"https:\/\/dimensionturistica.com\/es\/wp-json\/wp\/v2\/categories?post=331422"},{"taxonomy":"post_tag","embeddable":true,"href":"https:\/\/dimensionturistica.com\/es\/wp-json\/wp\/v2\/tags?post=331422"}],"curies":[{"name":"wp","href":"https:\/\/api.w.org\/{rel}","templated":true}]}}