{"id":331198,"date":"2022-06-13T22:07:57","date_gmt":"2022-06-13T22:07:57","guid":{"rendered":"https:\/\/dimensionturistica.com\/es\/?p=331198"},"modified":"2022-06-13T22:07:57","modified_gmt":"2022-06-13T22:07:57","slug":"se-manifiestan-trabajadores-de-bg-foods","status":"publish","type":"post","link":"https:\/\/dimensionturistica.com\/es\/se-manifiestan-trabajadores-de-bg-foods\/","title":{"rendered":"Se manifiestan trabajadores de B&#038;G Foods"},"content":{"rendered":"<p> <br \/>\n<\/p>\n<div>\n<p><img decoding=\"async\" loading=\"lazy\" class=\"aligncenter size-full wp-image-198497\" src=\"https:\/\/i0.wp.com\/notus.com.mx\/wp-content\/uploads\/2022\/06\/BG-Foods-Manufacturing-Mexico-S.-de-R.L.-de-C.V_.jpg?resize=708%2C531&amp;ssl=1\" alt=\"\" width=\"708\" height=\"531\" srcset=\"https:\/\/i0.wp.com\/notus.com.mx\/wp-content\/uploads\/2022\/06\/BG-Foods-Manufacturing-Mexico-S.-de-R.L.-de-C.V_.jpg?w=1000&amp;ssl=1 1000w, https:\/\/i0.wp.com\/notus.com.mx\/wp-content\/uploads\/2022\/06\/BG-Foods-Manufacturing-Mexico-S.-de-R.L.-de-C.V_.jpg?resize=300%2C225&amp;ssl=1 300w\" sizes=\"auto, (max-width: 708px) 100vw, 708px\" data-recalc-dims=\"1\"\/><\/p>\n<p><strong>Irapuato, Guanajuato.-<\/strong> Un grupo de obreros de la empresa B&amp;G Meals Manufacturing Mexico, S. de R.L. de C.V. se manifestaron para solicitar que les permitan ingresar al sindicato de la Confederaci\u00f3n de Trabajadores de M\u00e9xico CTM y mejorar las condiciones laborales.<\/p>\n<p>Los manifestantes, dejaron de trabajar en las l\u00edneas 27, 1 y 2 de producci\u00f3n de una empresa que se dedica a manufactura y proceso de alimentos situada en el bulevar Solidaridad, donde empleados decidieron detener actividades para exigir condiciones de trabajo.<\/p>\n<p>Dentro de las consignas se\u00f1alaron a Adriana L\u00f3pez jefa de recursos humanos, por el presunto incumplimiento de peticiones hechas con anterioridad y detallaron que algunos de sus compa\u00f1eros han sido acosados laboralmente.<\/p>\n<p>\u201cPedimos que entrar\u00e1 CTM a representarnos, un compa\u00f1ero fue suspendido sin argumentos suficientes sin justificar un despido injustificado, lo est\u00e1n citando, pero le est\u00e1n negando el acceso; Adriana es la gerente de recursos humanos, dijo que iba a buscar la manera de correrlos\u201d, dijeron.<\/p>\n<p>\u00a0<\/p>\n<p>Sab\u00edas que\u2026 La empresa B&amp;G Meals Manufacturing Mexico, S. de R.L. de C.V. cuenta con m\u00e1s de mil empleados y se dedica a la manufactura y proceso de alimentos.<\/p>\n<\/p><\/div>\n<p><script>\n!function(f,b,e,v,n,t,s){if(f.fbq)return;n=f.fbq=function(){n.callMethod?\nn.callMethod.apply(n,arguments):n.queue.push(arguments)};if(!f._fbq)f._fbq=n;\nn.push=n;n.loaded=!0;n.version='2.0';n.queue=[];t=b.createElement(e);t.async=!0;\nt.src=v;s=b.getElementsByTagName(e)[0];s.parentNode.insertBefore(t,s)}(window,\ndocument,'script','https:\/\/connect.facebook.net\/en_US\/fbevents.js');\nfbq('init', '1107715075955386');\nfbq('track', \"PageView\");<\/script><br \/>\n<br \/><\/p>\n<p><em> \u2018 The preceding article may include information circulated by third parties \u2019 <\/em><\/p>\n<p><em> \u2018 Some details of this article were extracted from the following source notus.com.mx \u2019 <\/em><\/p>\n","protected":false},"excerpt":{"rendered":"<p>Irapuato, Guanajuato.- Un grupo de obreros de la empresa B&amp;G Meals Manufacturing Mexico, S. de R.L. de C.V. se manifestaron para solicitar que les permitan ingresar al sindicato de la Confederaci\u00f3n de Trabajadores de M\u00e9xico CTM y mejorar las condiciones laborales. Los manifestantes, dejaron de trabajar en las l\u00edneas 27, 1 y 2 de producci\u00f3n [&hellip;]<\/p>\n","protected":false},"author":2,"featured_media":331199,"comment_status":"open","ping_status":"closed","sticky":false,"template":"","format":"standard","meta":{"om_disable_all_campaigns":false,"jnews-multi-image_gallery":[],"jnews_single_post":[],"jnews_primary_category":[],"jnews_social_meta":[],"footnotes":""},"categories":[43],"tags":[],"class_list":["post-331198","post","type-post","status-publish","format-standard","has-post-thumbnail","hentry","category-gourmet"],"_links":{"self":[{"href":"https:\/\/dimensionturistica.com\/es\/wp-json\/wp\/v2\/posts\/331198","targetHints":{"allow":["GET"]}}],"collection":[{"href":"https:\/\/dimensionturistica.com\/es\/wp-json\/wp\/v2\/posts"}],"about":[{"href":"https:\/\/dimensionturistica.com\/es\/wp-json\/wp\/v2\/types\/post"}],"author":[{"embeddable":true,"href":"https:\/\/dimensionturistica.com\/es\/wp-json\/wp\/v2\/users\/2"}],"replies":[{"embeddable":true,"href":"https:\/\/dimensionturistica.com\/es\/wp-json\/wp\/v2\/comments?post=331198"}],"version-history":[{"count":0,"href":"https:\/\/dimensionturistica.com\/es\/wp-json\/wp\/v2\/posts\/331198\/revisions"}],"wp:featuredmedia":[{"embeddable":true,"href":"https:\/\/dimensionturistica.com\/es\/wp-json\/wp\/v2\/media\/331199"}],"wp:attachment":[{"href":"https:\/\/dimensionturistica.com\/es\/wp-json\/wp\/v2\/media?parent=331198"}],"wp:term":[{"taxonomy":"category","embeddable":true,"href":"https:\/\/dimensionturistica.com\/es\/wp-json\/wp\/v2\/categories?post=331198"},{"taxonomy":"post_tag","embeddable":true,"href":"https:\/\/dimensionturistica.com\/es\/wp-json\/wp\/v2\/tags?post=331198"}],"curies":[{"name":"wp","href":"https:\/\/api.w.org\/{rel}","templated":true}]}}