{"id":330772,"date":"2022-06-13T14:28:02","date_gmt":"2022-06-13T14:28:02","guid":{"rendered":"https:\/\/dimensionturistica.com\/es\/?p=330772"},"modified":"2022-06-13T14:28:02","modified_gmt":"2022-06-13T14:28:02","slug":"el-caribe-mexicano-presenta-en-los-estados-unidos-su-plan-de-recuperacion","status":"publish","type":"post","link":"https:\/\/dimensionturistica.com\/es\/el-caribe-mexicano-presenta-en-los-estados-unidos-su-plan-de-recuperacion\/","title":{"rendered":"El Caribe Mexicano presenta en los Estados Unidos su Plan de Recuperaci\u00f3n"},"content":{"rendered":"<p>El Consejo de Promoci\u00f3n Tur\u00edstica de Quintana Roo que dirige Dar\u00edo Flota Ocampo, present\u00f3 ante medios de comunicaci\u00f3n especializados de Florida las fortalezas y novedades del Caribe Mexicano, ejemplo a nivel mundial en reactivaci\u00f3n tur\u00edstica.<\/p>\n<p>Con 28 \u00e1reas naturales protegidas, hogar de especies end\u00e9micas y de inmensa riqueza cultural, m\u00e1s de 10 sitios arqueol\u00f3gicos y una infraestructura hotelera que rebasa los 123 mil cuartos de hotel, de los cuales m\u00e1s de 3 mil han sido abiertos en lo que va de este 2022, el Caribe Mexicano con sus destinos: Holbox, Costa Mujeres, Isla Mujeres, Canc\u00fan, Puerto Morelos, Playa del Carmen, Isla Cozumel, Riviera Maya, Tulum, Maya Ka\u2019an y Grand Costa Maya (Chetumal, Bacalar y Mahahual) ha recibido de enero a mayo de este a\u00f1o la llegada de 6,283,000 pasajeros extranjeros y nacionales, lo que representa un crecimiento de 9.6% comparado con el mismo periodo en 2019.<\/p>\n<p><img decoding=\"async\" class=\"size-medium wp-image-330782 alignright\" src=\"https:\/\/dimensionturistica.com\/es\/wp-content\/uploads\/2022\/06\/unnamed-20-300x225.jpg\" alt=\"\" width=\"300\" height=\"225\" srcset=\"https:\/\/dimensionturistica.com\/es\/wp-content\/uploads\/2022\/06\/unnamed-20-300x225.jpg 300w, https:\/\/dimensionturistica.com\/es\/wp-content\/uploads\/2022\/06\/unnamed-20-1024x768.jpg 1024w, https:\/\/dimensionturistica.com\/es\/wp-content\/uploads\/2022\/06\/unnamed-20-768x576.jpg 768w, https:\/\/dimensionturistica.com\/es\/wp-content\/uploads\/2022\/06\/unnamed-20-750x563.jpg 750w, https:\/\/dimensionturistica.com\/es\/wp-content\/uploads\/2022\/06\/unnamed-20-1140x855.jpg 1140w, https:\/\/dimensionturistica.com\/es\/wp-content\/uploads\/2022\/06\/unnamed-20.jpg 1280w\" sizes=\"(max-width: 300px) 100vw, 300px\" \/>\u201cSi Quintana Roo fuera un pa\u00eds ser\u00edamos el tercero m\u00e1s visitado del continente americano durante 2021 solo detr\u00e1s de M\u00e9xico y Estados Unidos, y por encima de Rep\u00fablica Dominicana y Canad\u00e1. La conectividad con la que cuenta el Caribe Mexicano ha sido clave para el regreso del turismo, incluso con n\u00fameros que rebasan los registrados en 2019. Es as\u00ed que, en 2021, Estados Unidos creci\u00f3 de tal manera que lleg\u00f3 a ser nuestro principal mercado superando al nacional, esto, en gran parte debido a la conectividad a\u00e9rea que de manera directa enlaza a 44 ciudades de ese pa\u00eds con el Caribe Mexicano, destacando la confianza que aerol\u00edneas como American Airlines han tenido hacia nuestros destinos, ya que a pesar de la pandemia nunca ces\u00f3 sus<img decoding=\"async\" class=\"size-medium wp-image-330797 alignright\" src=\"https:\/\/dimensionturistica.com\/es\/wp-content\/uploads\/2022\/06\/unnamed-1-15-225x300.jpg\" alt=\"\" width=\"225\" height=\"300\" srcset=\"https:\/\/dimensionturistica.com\/es\/wp-content\/uploads\/2022\/06\/unnamed-1-15-225x300.jpg 225w, https:\/\/dimensionturistica.com\/es\/wp-content\/uploads\/2022\/06\/unnamed-1-15-768x1024.jpg 768w, https:\/\/dimensionturistica.com\/es\/wp-content\/uploads\/2022\/06\/unnamed-1-15-750x1000.jpg 750w, https:\/\/dimensionturistica.com\/es\/wp-content\/uploads\/2022\/06\/unnamed-1-15.jpg 960w\" sizes=\"(max-width: 225px) 100vw, 225px\" \/> operaciones hacia Quintana Roo, y se tiene programado un incremento en un 34% de su oferta a\u00e9rea a los aeropuertos del Estado para este a\u00f1o\u201d, coment\u00f3 el director general del CPTQ, Dar\u00edo Flota Ocampo.<br \/>\nEn esta presentaci\u00f3n realizada durante un desayuno, se dio a conocer que en este a\u00f1o 60 aerol\u00edneas conectan al Caribe Mexicano con 132 ciudades en 31 pa\u00edses a trav\u00e9s de 95 mil vuelos, de los cuales 42,600 s\u00f3lo son de Estados Unidos, resalt\u00e1ndose tambi\u00e9n que a dos a\u00f1os de la reactivaci\u00f3n tur\u00edstica de Quintana Roo, desde junio de 2020, han arribado al destino m\u00e1s de 20 millones de visitantes.<\/p>\n","protected":false},"excerpt":{"rendered":"<p>El Consejo de Promoci\u00f3n Tur\u00edstica de Quintana Roo que dirige Dar\u00edo Flota Ocampo, present\u00f3 ante medios de comunicaci\u00f3n especializados de Florida las fortalezas y novedades del Caribe Mexicano, ejemplo a nivel mundial en reactivaci\u00f3n tur\u00edstica. Con 28 \u00e1reas naturales protegidas, hogar de especies end\u00e9micas y de inmensa riqueza cultural, m\u00e1s de 10 sitios arqueol\u00f3gicos y [&hellip;]<\/p>\n","protected":false},"author":1,"featured_media":330796,"comment_status":"open","ping_status":"closed","sticky":false,"template":"","format":"standard","meta":{"om_disable_all_campaigns":false,"jnews-multi-image_gallery":[],"jnews_single_post":{"source_name":"","source_url":"","via_name":"","via_url":"","override_template":"0","override":[{"template":"1","single_blog_custom":"","parallax":"1","fullscreen":"1","layout":"right-sidebar","sidebar":"default-sidebar","second_sidebar":"default-sidebar","sticky_sidebar":"1","share_position":"top","share_float_style":"share-monocrhome","show_share_counter":"1","show_view_counter":"1","show_featured":"1","show_post_meta":"1","show_post_author":"1","show_post_author_image":"1","show_post_date":"1","post_date_format":"default","post_date_format_custom":"Y\/m\/d","show_post_category":"1","show_post_reading_time":"0","post_reading_time_wpm":"300","show_zoom_button":"0","zoom_button_out_step":"2","zoom_button_in_step":"3","show_post_tag":"1","show_prev_next_post":"1","show_popup_post":"1","number_popup_post":"1","show_author_box":"0","show_post_related":"0","show_inline_post_related":"0"}],"override_image_size":"0","image_override":[{"single_post_thumbnail_size":"crop-500","single_post_gallery_size":"crop-500"}],"trending_post":"0","trending_post_position":"meta","trending_post_label":"Trending","sponsored_post":"0","sponsored_post_label":"Sponsored by","sponsored_post_name":"","sponsored_post_url":"","sponsored_post_logo_enable":"0","sponsored_post_logo":"","sponsored_post_desc":"","disable_ad":"0"},"jnews_primary_category":{"id":""},"jnews_social_meta":{"fb_title":"","fb_description":"","fb_image":"","twitter_title":"","twitter_description":"","twitter_image":""},"footnotes":""},"categories":[39],"tags":[],"class_list":["post-330772","post","type-post","status-publish","format-standard","has-post-thumbnail","hentry","category-viajes"],"_links":{"self":[{"href":"https:\/\/dimensionturistica.com\/es\/wp-json\/wp\/v2\/posts\/330772","targetHints":{"allow":["GET"]}}],"collection":[{"href":"https:\/\/dimensionturistica.com\/es\/wp-json\/wp\/v2\/posts"}],"about":[{"href":"https:\/\/dimensionturistica.com\/es\/wp-json\/wp\/v2\/types\/post"}],"author":[{"embeddable":true,"href":"https:\/\/dimensionturistica.com\/es\/wp-json\/wp\/v2\/users\/1"}],"replies":[{"embeddable":true,"href":"https:\/\/dimensionturistica.com\/es\/wp-json\/wp\/v2\/comments?post=330772"}],"version-history":[{"count":0,"href":"https:\/\/dimensionturistica.com\/es\/wp-json\/wp\/v2\/posts\/330772\/revisions"}],"wp:featuredmedia":[{"embeddable":true,"href":"https:\/\/dimensionturistica.com\/es\/wp-json\/wp\/v2\/media\/330796"}],"wp:attachment":[{"href":"https:\/\/dimensionturistica.com\/es\/wp-json\/wp\/v2\/media?parent=330772"}],"wp:term":[{"taxonomy":"category","embeddable":true,"href":"https:\/\/dimensionturistica.com\/es\/wp-json\/wp\/v2\/categories?post=330772"},{"taxonomy":"post_tag","embeddable":true,"href":"https:\/\/dimensionturistica.com\/es\/wp-json\/wp\/v2\/tags?post=330772"}],"curies":[{"name":"wp","href":"https:\/\/api.w.org\/{rel}","templated":true}]}}