{"id":330761,"date":"2022-06-13T14:01:33","date_gmt":"2022-06-13T14:01:33","guid":{"rendered":"https:\/\/dimensionturistica.com\/es\/?p=330761"},"modified":"2022-06-13T14:01:33","modified_gmt":"2022-06-13T14:01:33","slug":"aumento-la-contratacion-de-seguros-durante-pandemia-amis","status":"publish","type":"post","link":"https:\/\/dimensionturistica.com\/es\/aumento-la-contratacion-de-seguros-durante-pandemia-amis\/","title":{"rendered":"Aument\u00f3 la contrataci\u00f3n de seguros durante pandemia: AMIS"},"content":{"rendered":"<p><img decoding=\"async\" class=\"size-medium wp-image-330767 alignright\" src=\"https:\/\/dimensionturistica.com\/es\/wp-content\/uploads\/2022\/06\/insurance-gbebde9eee_1920-300x129.png\" alt=\"\" width=\"300\" height=\"129\" srcset=\"https:\/\/dimensionturistica.com\/es\/wp-content\/uploads\/2022\/06\/insurance-gbebde9eee_1920-300x129.png 300w, https:\/\/dimensionturistica.com\/es\/wp-content\/uploads\/2022\/06\/insurance-gbebde9eee_1920-1024x439.png 1024w, https:\/\/dimensionturistica.com\/es\/wp-content\/uploads\/2022\/06\/insurance-gbebde9eee_1920-768x329.png 768w, https:\/\/dimensionturistica.com\/es\/wp-content\/uploads\/2022\/06\/insurance-gbebde9eee_1920-1536x658.png 1536w, https:\/\/dimensionturistica.com\/es\/wp-content\/uploads\/2022\/06\/insurance-gbebde9eee_1920-750x321.png 750w, https:\/\/dimensionturistica.com\/es\/wp-content\/uploads\/2022\/06\/insurance-gbebde9eee_1920-1140x489.png 1140w, https:\/\/dimensionturistica.com\/es\/wp-content\/uploads\/2022\/06\/insurance-gbebde9eee_1920.png 1920w\" sizes=\"(max-width: 300px) 100vw, 300px\" \/>Contrario a lo que se pensaba, la Asociaci\u00f3n Mexicana de Instituciones de Seguros (AMIS) afirm\u00f3 que la contrataci\u00f3n de seguros s\u00ed aument\u00f3 durante la pandemia. Esto despu\u00e9s de que el Instituto Nacional de Estad\u00edstica y Geograf\u00eda (INEGI) publicara la Encuesta Nacional Financiera 2021 en la que se\u00f1al\u00f3 que la poblaci\u00f3n que contaba con un seguro pas\u00f3 de 20.1 millones a 17.6 millones.<br \/>\nJuan Patricio Riveroll, presidente de la AMIS, alude que es precisamente la metodolog\u00eda con la cual se recaban los datos lo que la hace tan inconsistente. \u201cPudieron haber pensado que se hablaba del Seguro Popular que ya no existe\u201d. Por su parte, la directora general del INEGI, Norma Alicia de Rosas, confirma que una encuesta no puede reflejar lo que realmente pas\u00f3 en el sector asegurador.<br \/>\nOtro dato que arroj\u00f3 el INEGI fue que un 5% de la poblaci\u00f3n jam\u00e1s ha<img decoding=\"async\" class=\"size-medium wp-image-330768 alignright\" src=\"https:\/\/dimensionturistica.com\/es\/wp-content\/uploads\/2022\/06\/insurance-ge6cb36748_1920-300x211.jpg\" alt=\"\" width=\"300\" height=\"211\" srcset=\"https:\/\/dimensionturistica.com\/es\/wp-content\/uploads\/2022\/06\/insurance-ge6cb36748_1920-300x211.jpg 300w, https:\/\/dimensionturistica.com\/es\/wp-content\/uploads\/2022\/06\/insurance-ge6cb36748_1920-1024x720.jpg 1024w, https:\/\/dimensionturistica.com\/es\/wp-content\/uploads\/2022\/06\/insurance-ge6cb36748_1920-768x540.jpg 768w, https:\/\/dimensionturistica.com\/es\/wp-content\/uploads\/2022\/06\/insurance-ge6cb36748_1920-1536x1080.jpg 1536w, https:\/\/dimensionturistica.com\/es\/wp-content\/uploads\/2022\/06\/insurance-ge6cb36748_1920-750x527.jpg 750w, https:\/\/dimensionturistica.com\/es\/wp-content\/uploads\/2022\/06\/insurance-ge6cb36748_1920-1140x802.jpg 1140w, https:\/\/dimensionturistica.com\/es\/wp-content\/uploads\/2022\/06\/insurance-ge6cb36748_1920.jpg 1920w\" sizes=\"(max-width: 300px) 100vw, 300px\" \/> adquirido un seguro debido, principalmente, a que no tienen confianza en las aseguradoras. El presidente de la AMIS dijo al respecto que posiblemente se debe a una falta de informaci\u00f3n sobre ellas. Sin embargo, existen comparadores de seguros que facilitan la informaci\u00f3n sobre las aseguradoras y ayudan, precisamente, en la b\u00fasqueda del cliente por encontrar lo que necesita.<br \/>\nUno de estos es Rastreator.mx, el cual es el \u00fanico comparador de seguros de autos sin comisiones ni intermediarios. La plataforma puede comparar con m\u00e1s de 10 aseguradoras para que as\u00ed el usuario pueda optar por una que se ajuste a su presupuesto, necesidades y tipo de coberturas.<br \/>\nEn cuanto a tipos de seguros se refiere, las p\u00f3lizas de gastos m\u00e9dicos aumentaron debido a la pandemia, mientras que los seguros de vida se mantuvieron. Ello como consecuencia de las hospitalizaciones y los fallecimientos provocados por el COVID. Aun as\u00ed, una realidad es que en cuanto a los dem\u00e1s seguros se refiere, s\u00ed hubo una disminuci\u00f3n.<br \/>\nLa AMIS concluy\u00f3 que la tarea que se espera es quitarles de la mente a las personas la idea de que las aseguradoras no les van a pagar y hacerles saber que existen comparadores como Rastreator.mx que facilitan el acceso a la informaci\u00f3n sobre la diversidad de opciones que hay este rubro. \u201cProteger a m\u00e1s mexicanos\u201d dice Alicia de Rosas que es la tarea que tienen pendiente las aseguradoras-.<\/p>\n","protected":false},"excerpt":{"rendered":"<p>Contrario a lo que se pensaba, la Asociaci\u00f3n Mexicana de Instituciones de Seguros (AMIS) afirm\u00f3 que la contrataci\u00f3n de seguros s\u00ed aument\u00f3 durante la pandemia. Esto despu\u00e9s de que el Instituto Nacional de Estad\u00edstica y Geograf\u00eda (INEGI) publicara la Encuesta Nacional Financiera 2021 en la que se\u00f1al\u00f3 que la poblaci\u00f3n que contaba con un seguro [&hellip;]<\/p>\n","protected":false},"author":1,"featured_media":330765,"comment_status":"open","ping_status":"closed","sticky":false,"template":"","format":"standard","meta":{"om_disable_all_campaigns":false,"jnews-multi-image_gallery":[],"jnews_single_post":{"source_name":"","source_url":"","via_name":"","via_url":"","override_template":"0","override":[{"template":"1","single_blog_custom":"","parallax":"1","fullscreen":"1","layout":"right-sidebar","sidebar":"default-sidebar","second_sidebar":"default-sidebar","sticky_sidebar":"1","share_position":"top","share_float_style":"share-monocrhome","show_share_counter":"1","show_view_counter":"1","show_featured":"1","show_post_meta":"1","show_post_author":"1","show_post_author_image":"1","show_post_date":"1","post_date_format":"default","post_date_format_custom":"Y\/m\/d","show_post_category":"1","show_post_reading_time":"0","post_reading_time_wpm":"300","show_zoom_button":"0","zoom_button_out_step":"2","zoom_button_in_step":"3","show_post_tag":"1","show_prev_next_post":"1","show_popup_post":"1","number_popup_post":"1","show_author_box":"0","show_post_related":"0","show_inline_post_related":"0"}],"override_image_size":"0","image_override":[{"single_post_thumbnail_size":"crop-500","single_post_gallery_size":"crop-500"}],"trending_post":"0","trending_post_position":"meta","trending_post_label":"Trending","sponsored_post":"0","sponsored_post_label":"Sponsored by","sponsored_post_name":"","sponsored_post_url":"","sponsored_post_logo_enable":"0","sponsored_post_logo":"","sponsored_post_desc":"","disable_ad":"0"},"jnews_primary_category":{"id":""},"jnews_social_meta":{"fb_title":"","fb_description":"","fb_image":"","twitter_title":"","twitter_description":"","twitter_image":""},"footnotes":""},"categories":[40],"tags":[],"class_list":["post-330761","post","type-post","status-publish","format-standard","has-post-thumbnail","hentry","category-industria"],"_links":{"self":[{"href":"https:\/\/dimensionturistica.com\/es\/wp-json\/wp\/v2\/posts\/330761","targetHints":{"allow":["GET"]}}],"collection":[{"href":"https:\/\/dimensionturistica.com\/es\/wp-json\/wp\/v2\/posts"}],"about":[{"href":"https:\/\/dimensionturistica.com\/es\/wp-json\/wp\/v2\/types\/post"}],"author":[{"embeddable":true,"href":"https:\/\/dimensionturistica.com\/es\/wp-json\/wp\/v2\/users\/1"}],"replies":[{"embeddable":true,"href":"https:\/\/dimensionturistica.com\/es\/wp-json\/wp\/v2\/comments?post=330761"}],"version-history":[{"count":0,"href":"https:\/\/dimensionturistica.com\/es\/wp-json\/wp\/v2\/posts\/330761\/revisions"}],"wp:featuredmedia":[{"embeddable":true,"href":"https:\/\/dimensionturistica.com\/es\/wp-json\/wp\/v2\/media\/330765"}],"wp:attachment":[{"href":"https:\/\/dimensionturistica.com\/es\/wp-json\/wp\/v2\/media?parent=330761"}],"wp:term":[{"taxonomy":"category","embeddable":true,"href":"https:\/\/dimensionturistica.com\/es\/wp-json\/wp\/v2\/categories?post=330761"},{"taxonomy":"post_tag","embeddable":true,"href":"https:\/\/dimensionturistica.com\/es\/wp-json\/wp\/v2\/tags?post=330761"}],"curies":[{"name":"wp","href":"https:\/\/api.w.org\/{rel}","templated":true}]}}