{"id":330369,"date":"2022-06-12T15:04:21","date_gmt":"2022-06-12T15:04:21","guid":{"rendered":"https:\/\/dimensionturistica.com\/es\/?p=330369"},"modified":"2022-06-12T15:04:21","modified_gmt":"2022-06-12T15:04:21","slug":"el-secretario-de-turismo-miguel-torruco-marques-participo-en-el-seminario-politico-hacia-el-relevo-generacional-en-la-camara-de-diputados","status":"publish","type":"post","link":"https:\/\/dimensionturistica.com\/es\/el-secretario-de-turismo-miguel-torruco-marques-participo-en-el-seminario-politico-hacia-el-relevo-generacional-en-la-camara-de-diputados\/","title":{"rendered":"El secretario de Turismo, Miguel Torruco Marqu\u00e9s, particip\u00f3 en el Seminario Pol\u00edtico \u201cHacia el Relevo Generacional\u201d, en la C\u00e1mara de Diputados."},"content":{"rendered":"<p>El secretario de Turismo del Gobierno de M\u00e9xico, Miguel Torruco Marqu\u00e9s, destac\u00f3 la importancia del papel que desempe\u00f1a la juventud como parte activa en el \u00e9xito de la actividad tur\u00edstica de nuestro pa\u00eds.<br \/>\nAl participar en el Seminario Pol\u00edtico \u201cHacia el Relevo Generacional\u201d que se<img decoding=\"async\" class=\"size-medium wp-image-330370 alignleft\" src=\"https:\/\/dimensionturistica.com\/es\/wp-content\/uploads\/2022\/06\/Seminario-Politico-Hacia-el-Relevo-Generacional-6-300x200.jpeg\" alt=\"\" width=\"300\" height=\"200\" srcset=\"https:\/\/dimensionturistica.com\/es\/wp-content\/uploads\/2022\/06\/Seminario-Politico-Hacia-el-Relevo-Generacional-6-300x200.jpeg 300w, https:\/\/dimensionturistica.com\/es\/wp-content\/uploads\/2022\/06\/Seminario-Politico-Hacia-el-Relevo-Generacional-6-768x512.jpeg 768w, https:\/\/dimensionturistica.com\/es\/wp-content\/uploads\/2022\/06\/Seminario-Politico-Hacia-el-Relevo-Generacional-6-750x500.jpeg 750w, https:\/\/dimensionturistica.com\/es\/wp-content\/uploads\/2022\/06\/Seminario-Politico-Hacia-el-Relevo-Generacional-6.jpeg 1024w\" sizes=\"(max-width: 300px) 100vw, 300px\" \/> llev\u00f3 a cabo en la C\u00e1mara de Diputados, el titular de la Secretar\u00eda de Turismo (Sectur) se\u00f1al\u00f3 que los j\u00f3venes tienen algo que aportar en el presente y futuro del sector, junto con los otros grupos generacionales.<br \/>\n\u201cLa juventud no puede, ni debe ser un factor aislado, sino una parte activa de la comunidad, ello no debe dar margen a indiferencia ni lucha de generaciones, al contrario, la comunicaci\u00f3n directa es la mejor f\u00f3rmula para el entendimiento y una ayuda mutua m\u00e1s eficaz\u201d, declar\u00f3 el secretario de Turismo.<br \/>\n\u201cLa anterior y la actual generaci\u00f3n se necesitan mutuamente, ambas con igual derecho, porque cada una puede exponer sus juicios, demandar una de la otra su comprensi\u00f3n y solidaridad. Ambas deben entender que el n\u00famero de a\u00f1os vividos es solamente una circunstancia cronol\u00f3gica, nunca una l\u00ednea divisoria ni una distancia espiritual\u201d, agreg\u00f3.<br \/>\nEn este encuentro democr\u00e1tico, Torruco Marqu\u00e9s reconoci\u00f3 la importancia del respeto por las ideolog\u00edas, la diversidad y la pluralidad de ideas. \u201cLos ancianos, los hombres maduros, los j\u00f3venes, los ni\u00f1os, todos tenemos algo que aportar y formamos parte del pasado, el presente y el futuro, porque lo vivido y lo por vivir, la experiencia y la promesa todos son M\u00e9xico y M\u00e9xico necesita de todos\u201d.<br \/>\nAnte un aforo de m\u00e1s de 300 j\u00f3venes, comparti\u00f3 su trayectoria de 51 a\u00f1os <img decoding=\"async\" class=\"size-medium wp-image-330371 alignleft\" src=\"https:\/\/dimensionturistica.com\/es\/wp-content\/uploads\/2022\/06\/Seminario-Politico-Hacia-el-Relevo-Generacional-5-300x200.jpeg\" alt=\"\" width=\"300\" height=\"200\" srcset=\"https:\/\/dimensionturistica.com\/es\/wp-content\/uploads\/2022\/06\/Seminario-Politico-Hacia-el-Relevo-Generacional-5-300x200.jpeg 300w, https:\/\/dimensionturistica.com\/es\/wp-content\/uploads\/2022\/06\/Seminario-Politico-Hacia-el-Relevo-Generacional-5-768x512.jpeg 768w, https:\/\/dimensionturistica.com\/es\/wp-content\/uploads\/2022\/06\/Seminario-Politico-Hacia-el-Relevo-Generacional-5-750x500.jpeg 750w, https:\/\/dimensionturistica.com\/es\/wp-content\/uploads\/2022\/06\/Seminario-Politico-Hacia-el-Relevo-Generacional-5.jpeg 1024w\" sizes=\"(max-width: 300px) 100vw, 300px\" \/>en el sector tur\u00edstico, tiempo en el que se enfrent\u00f3 a adversidades y ante las cuales no se rindi\u00f3, lo que le permiti\u00f3 alcanzar los logros y metas que se propuso desde temprana edad, siempre con la motivaci\u00f3n de la familia.<br \/>\nTorruco Marqu\u00e9s detall\u00f3 c\u00f3mo trabaj\u00f3 por cumplir las tres principales metas que se fij\u00f3 en los sectores: hotelero, acad\u00e9mico y pol\u00edtico. En su recorrido por la hoteler\u00eda, ocup\u00f3 diferentes cargos y lleg\u00f3 a ser presidente de la Asociaci\u00f3n Mexicana de Hoteles y Moteles. Desde sus inicios en este ramo, tuvo la motivaci\u00f3n para fundar el Museo de la Hoteler\u00eda, que hoy es una realidad, al estar ubicado en Orizaba, Veracruz.<br \/>\nIndic\u00f3 que a los 25 a\u00f1os fund\u00f3 la Escuela Panamericana de Hoteler\u00eda, que lleg\u00f3 a ser la m\u00e1s importante del sector privado, y llegar a tener m\u00e1s de mil 800 alumnos. Ello lo impuls\u00f3 m\u00e1s adelante a convocar a otros pa\u00edses de la regi\u00f3n para realizar el Primer Congreso Panamericano de Escuelas de <img decoding=\"async\" class=\"size-medium wp-image-330372 alignleft\" src=\"https:\/\/dimensionturistica.com\/es\/wp-content\/uploads\/2022\/06\/Seminario-Politico-Hacia-el-Relevo-Generacional-2-300x192.jpeg\" alt=\"\" width=\"300\" height=\"192\" srcset=\"https:\/\/dimensionturistica.com\/es\/wp-content\/uploads\/2022\/06\/Seminario-Politico-Hacia-el-Relevo-Generacional-2-300x192.jpeg 300w, https:\/\/dimensionturistica.com\/es\/wp-content\/uploads\/2022\/06\/Seminario-Politico-Hacia-el-Relevo-Generacional-2-1024x657.jpeg 1024w, https:\/\/dimensionturistica.com\/es\/wp-content\/uploads\/2022\/06\/Seminario-Politico-Hacia-el-Relevo-Generacional-2-768x493.jpeg 768w, https:\/\/dimensionturistica.com\/es\/wp-content\/uploads\/2022\/06\/Seminario-Politico-Hacia-el-Relevo-Generacional-2-1536x986.jpeg 1536w, https:\/\/dimensionturistica.com\/es\/wp-content\/uploads\/2022\/06\/Seminario-Politico-Hacia-el-Relevo-Generacional-2-750x481.jpeg 750w, https:\/\/dimensionturistica.com\/es\/wp-content\/uploads\/2022\/06\/Seminario-Politico-Hacia-el-Relevo-Generacional-2-1140x731.jpeg 1140w, https:\/\/dimensionturistica.com\/es\/wp-content\/uploads\/2022\/06\/Seminario-Politico-Hacia-el-Relevo-Generacional-2.jpeg 1599w\" sizes=\"(max-width: 300px) 100vw, 300px\" \/>Hoteler\u00eda, Gastronom\u00eda y Turismo, y de ah\u00ed surgi\u00f3 la Confederaci\u00f3n, que ya cumpli\u00f3 32 a\u00f1os.<br \/>\nEl secretario de Turismo platic\u00f3 a los j\u00f3venes su trayectoria en el sector p\u00fablico y su llegada a Sectur, en donde se trabaja para cumplir la pol\u00edtica del presidente Andr\u00e9s Manuel L\u00f3pez Obrador, de hacer del turismo una herramienta de reconciliaci\u00f3n social.<br \/>\nComent\u00f3 los proyectos estructurales que se llevan a cabo, como la apertura del Aeropuerto Internacional Felipe \u00c1ngeles (AIFA), que cuenta adem\u00e1s con tres museos y en tres meses estar\u00e1 m\u00e1s concurrido.<br \/>\nAdem\u00e1s, el Tren Maya que beneficiar\u00e1 a Yucat\u00e1n, Quintana Roo, Campeche, Tabasco, Chiapas, con mil 500 kil\u00f3metros de v\u00eda, 20 estaciones, cada una con un mercado artesanal. \u201cYa no m\u00e1s para\u00edsos tur\u00edsticos conviviendo con infiernos de marginaci\u00f3n. Apoyemos parejo a la poblaci\u00f3n, que todos se beneficien\u201d, indic\u00f3.<br \/>\nPuntualiz\u00f3 que se trabaja en diversificar la actividad tur\u00edstica, ya que el 92% se concentra en solo seis destinos, cuando M\u00e9xico cuenta con 235 plazas con vocaci\u00f3n tur\u00edstica, de las cuales 132 son Pueblos M\u00e1gicos. \u201cHagamos acciones que beneficien a la poblaci\u00f3n\u201d, dijo.<br \/>\nTorruco Marqu\u00e9s destac\u00f3 que la pandemia permiti\u00f3 innovar, pues mientras todos los pa\u00edses cancelaron sus ferias tur\u00edsticas, en M\u00e9xico se hizo el Tianguis Tur\u00edstico Digital, y participaron 61 pa\u00edses.<br \/>\n\u201cHoy en d\u00eda, con la pol\u00edtica que implement\u00f3 el presidente Andr\u00e9s Manuel L\u00f3pez Obrador durante la pandemia: no restricci\u00f3n de vuelos internacionales, hacer los protocolos biosanitarios y ser el primer pa\u00eds de Am\u00e9rica Latina en lanzarlos, en coordinaci\u00f3n Turismo, Salud y el sector privado que jug\u00f3 un papel fundamental, m\u00e1s el no endeudamiento, la adquisici\u00f3n de vacunas, en el 2020 aparecimos en el tercer sitio de llegada de turistas internacionales, y el a\u00f1o pasado, con 31.4 millones de turistas aparecimos en el lugar n\u00famero dos\u201d, declar\u00f3 el secretario de Turismo.<br \/>\nSubray\u00f3 que, para este a\u00f1o, superaremos los 40 millones de turistas internacionales, sin embargo, reiter\u00f3 que la potencialidad no se mide por el n\u00famero de turistas, sino en base a las divisas, de las que captaremos poco m\u00e1s de 25 mil millones de d\u00f3lares, superando el 2019.<br \/>\n\u201cS\u00ed funcion\u00f3 la pol\u00edtica que instrument\u00f3 el presidente de la Rep\u00fablica, que tanta cr\u00edtica recibi\u00f3 y que hoy estamos repuestos y m\u00e1s que nunca, la actividad tur\u00edstica seguir\u00e1 fortaleci\u00e9ndose\u201d.<br \/>\nEl titular de Sectur inst\u00f3 a los j\u00f3venes a seguir en el camino de la honestidad y la disciplina. \u201cV\u00e1monos al \u00e9xito, v\u00e1monos a donde es el lugar de todos nosotros, triunfar para hacer historia\u201d, concluy\u00f3.<\/p>\n","protected":false},"excerpt":{"rendered":"<p>El secretario de Turismo del Gobierno de M\u00e9xico, Miguel Torruco Marqu\u00e9s, destac\u00f3 la importancia del papel que desempe\u00f1a la juventud como parte activa en el \u00e9xito de la actividad tur\u00edstica de nuestro pa\u00eds. Al participar en el Seminario Pol\u00edtico \u201cHacia el Relevo Generacional\u201d que se llev\u00f3 a cabo en la C\u00e1mara de Diputados, el titular [&hellip;]<\/p>\n","protected":false},"author":1,"featured_media":330373,"comment_status":"open","ping_status":"closed","sticky":false,"template":"","format":"standard","meta":{"om_disable_all_campaigns":false,"jnews-multi-image_gallery":[],"jnews_single_post":{"source_name":"","source_url":"","via_name":"","via_url":"","override_template":"0","override":[{"template":"1","single_blog_custom":"","parallax":"1","fullscreen":"1","layout":"right-sidebar","sidebar":"default-sidebar","second_sidebar":"default-sidebar","sticky_sidebar":"1","share_position":"top","share_float_style":"share-monocrhome","show_share_counter":"1","show_view_counter":"1","show_featured":"1","show_post_meta":"1","show_post_author":"1","show_post_author_image":"1","show_post_date":"1","post_date_format":"default","post_date_format_custom":"Y\/m\/d","show_post_category":"1","show_post_reading_time":"0","post_reading_time_wpm":"300","show_zoom_button":"0","zoom_button_out_step":"2","zoom_button_in_step":"3","show_post_tag":"1","show_prev_next_post":"1","show_popup_post":"1","number_popup_post":"1","show_author_box":"0","show_post_related":"0","show_inline_post_related":"0"}],"override_image_size":"0","image_override":[{"single_post_thumbnail_size":"crop-500","single_post_gallery_size":"crop-500"}],"trending_post":"0","trending_post_position":"meta","trending_post_label":"Trending","sponsored_post":"0","sponsored_post_label":"Sponsored by","sponsored_post_name":"","sponsored_post_url":"","sponsored_post_logo_enable":"0","sponsored_post_logo":"","sponsored_post_desc":"","disable_ad":"0"},"jnews_primary_category":{"id":""},"jnews_social_meta":{"fb_title":"","fb_description":"","fb_image":"","twitter_title":"","twitter_description":"","twitter_image":""},"footnotes":""},"categories":[39],"tags":[],"class_list":["post-330369","post","type-post","status-publish","format-standard","has-post-thumbnail","hentry","category-viajes"],"_links":{"self":[{"href":"https:\/\/dimensionturistica.com\/es\/wp-json\/wp\/v2\/posts\/330369","targetHints":{"allow":["GET"]}}],"collection":[{"href":"https:\/\/dimensionturistica.com\/es\/wp-json\/wp\/v2\/posts"}],"about":[{"href":"https:\/\/dimensionturistica.com\/es\/wp-json\/wp\/v2\/types\/post"}],"author":[{"embeddable":true,"href":"https:\/\/dimensionturistica.com\/es\/wp-json\/wp\/v2\/users\/1"}],"replies":[{"embeddable":true,"href":"https:\/\/dimensionturistica.com\/es\/wp-json\/wp\/v2\/comments?post=330369"}],"version-history":[{"count":0,"href":"https:\/\/dimensionturistica.com\/es\/wp-json\/wp\/v2\/posts\/330369\/revisions"}],"wp:featuredmedia":[{"embeddable":true,"href":"https:\/\/dimensionturistica.com\/es\/wp-json\/wp\/v2\/media\/330373"}],"wp:attachment":[{"href":"https:\/\/dimensionturistica.com\/es\/wp-json\/wp\/v2\/media?parent=330369"}],"wp:term":[{"taxonomy":"category","embeddable":true,"href":"https:\/\/dimensionturistica.com\/es\/wp-json\/wp\/v2\/categories?post=330369"},{"taxonomy":"post_tag","embeddable":true,"href":"https:\/\/dimensionturistica.com\/es\/wp-json\/wp\/v2\/tags?post=330369"}],"curies":[{"name":"wp","href":"https:\/\/api.w.org\/{rel}","templated":true}]}}