{"id":330354,"date":"2022-06-12T14:53:17","date_gmt":"2022-06-12T14:53:17","guid":{"rendered":"https:\/\/dimensionturistica.com\/es\/?p=330354"},"modified":"2022-06-12T14:53:17","modified_gmt":"2022-06-12T14:53:17","slug":"cancun-lima-peru-la-nueva-ruta-de-volaris","status":"publish","type":"post","link":"https:\/\/dimensionturistica.com\/es\/cancun-lima-peru-la-nueva-ruta-de-volaris\/","title":{"rendered":"Canc\u00fan-Lima, Per\u00fa la nueva ruta de Volaris"},"content":{"rendered":"<p><img decoding=\"async\" class=\"size-medium wp-image-330364 alignright\" src=\"https:\/\/dimensionturistica.com\/es\/wp-content\/uploads\/2022\/06\/unnamed-3-9-300x199.jpg\" alt=\"\" width=\"300\" height=\"199\" srcset=\"https:\/\/dimensionturistica.com\/es\/wp-content\/uploads\/2022\/06\/unnamed-3-9-300x199.jpg 300w, https:\/\/dimensionturistica.com\/es\/wp-content\/uploads\/2022\/06\/unnamed-3-9-1024x678.jpg 1024w, https:\/\/dimensionturistica.com\/es\/wp-content\/uploads\/2022\/06\/unnamed-3-9-768x508.jpg 768w, https:\/\/dimensionturistica.com\/es\/wp-content\/uploads\/2022\/06\/unnamed-3-9-750x496.jpg 750w, https:\/\/dimensionturistica.com\/es\/wp-content\/uploads\/2022\/06\/unnamed-3-9-1140x754.jpg 1140w, https:\/\/dimensionturistica.com\/es\/wp-content\/uploads\/2022\/06\/unnamed-3-9.jpg 1280w\" sizes=\"(max-width: 300px) 100vw, 300px\" \/>La conectividad a\u00e9rea del Caribe Mexicano se fortalece cada vez m\u00e1s con la llegada de nuevos vuelos y rutas a los destinos de Quintana Roo consolidando su liderazgo a nivel mundial. El pasado primero de junio, se llev\u00f3 a ca3. QW2 bo el vuelo inaugural Lima-Canc\u00fan con la aerol\u00ednea de bajo costo Volaris.<\/p>\n<p>En el marco de este inicio de operaciones, la Secretar\u00eda de Turismo de Quintana Roo, representada por su titular Bernardo Cueto y Lizzie Cole,<img decoding=\"async\" class=\"size-medium wp-image-330365 alignright\" src=\"https:\/\/dimensionturistica.com\/es\/wp-content\/uploads\/2022\/06\/unnamed-2-14-300x199.jpg\" alt=\"\" width=\"300\" height=\"199\" srcset=\"https:\/\/dimensionturistica.com\/es\/wp-content\/uploads\/2022\/06\/unnamed-2-14-300x199.jpg 300w, https:\/\/dimensionturistica.com\/es\/wp-content\/uploads\/2022\/06\/unnamed-2-14-1024x678.jpg 1024w, https:\/\/dimensionturistica.com\/es\/wp-content\/uploads\/2022\/06\/unnamed-2-14-768x508.jpg 768w, https:\/\/dimensionturistica.com\/es\/wp-content\/uploads\/2022\/06\/unnamed-2-14-750x496.jpg 750w, https:\/\/dimensionturistica.com\/es\/wp-content\/uploads\/2022\/06\/unnamed-2-14-1140x754.jpg 1140w, https:\/\/dimensionturistica.com\/es\/wp-content\/uploads\/2022\/06\/unnamed-2-14.jpg 1280w\" sizes=\"(max-width: 300px) 100vw, 300px\" \/> directora ejecutiva de Promoci\u00f3n del Consejo de Promoci\u00f3n Tur\u00edstica de Quintana Roo, acompa\u00f1ados de una delegaci\u00f3n integrada por hoteleros y empresarios tur\u00edsticos, ofrecieron un cocktail presentaci\u00f3n de destino a m\u00e1s de 190 tour operadores y agentes de viajes con el prop\u00f3sito de dar a conocer las novedades del Caribe Mexicano.<br \/>\nDurante el evento, se cont\u00f3 con la valiosa participaci\u00f3n de invitados especiales como Holger Blankenstein, vicepresidente ejecutivo de Volaris, Omar Carrera, director Comercial de Volaris, Pablo Monroy Conesa, Embajador de Mexico en Per\u00fa y Humberto Hern\u00e1ndez Hadad, subsecretario de turismo de Mexico.<br \/>\nLas empresas y asociaciones que fueron parte de la presentaci\u00f3n de<img decoding=\"async\" class=\"size-medium wp-image-330366 alignright\" src=\"https:\/\/dimensionturistica.com\/es\/wp-content\/uploads\/2022\/06\/unnamed-1-14-300x199.jpg\" alt=\"\" width=\"300\" height=\"199\" srcset=\"https:\/\/dimensionturistica.com\/es\/wp-content\/uploads\/2022\/06\/unnamed-1-14-300x199.jpg 300w, https:\/\/dimensionturistica.com\/es\/wp-content\/uploads\/2022\/06\/unnamed-1-14-1024x678.jpg 1024w, https:\/\/dimensionturistica.com\/es\/wp-content\/uploads\/2022\/06\/unnamed-1-14-768x508.jpg 768w, https:\/\/dimensionturistica.com\/es\/wp-content\/uploads\/2022\/06\/unnamed-1-14-750x496.jpg 750w, https:\/\/dimensionturistica.com\/es\/wp-content\/uploads\/2022\/06\/unnamed-1-14-1140x754.jpg 1140w, https:\/\/dimensionturistica.com\/es\/wp-content\/uploads\/2022\/06\/unnamed-1-14.jpg 1280w\" sizes=\"(max-width: 300px) 100vw, 300px\" \/> destino fueron: la Asociaci\u00f3n de Hoteles de Riviera Maya, la Asociaci\u00f3n de Hoteles de Canc\u00fan y Puerto Morelos, ALOFT Cancun, Park Royal Hotels &amp; Resort, Hilton Cancun &amp; Hilton Tulum Riviera Maya, Paradisus Canc\u00fan, Emporio Canc\u00fan, Royalton Riviera Cancun, Planet Hollywood, Hotel Dos Playas Faranda Canc\u00fan, Princess Hotels &amp; Resorts, Grupo Lomas, Bluebay Hotels, Viva Wyndham, Tukan Hotels, At Travel &amp; DMC, grupo Xcaret, Crown Paradise &amp; Sensira Resorts, Beachscape Kin Ha Villas &amp; Suites Cancun, Atelier de Hoteles, Iberostar Hotels &amp; resorts, Oasis Hotels &amp; Resorts, The Reef Resorts.<br \/>\nLa nueva ruta Lima-Canc\u00fan enfocada principalmente al turismo recreativo con siete frecuencias a la semana atendiendo directamente a la creciente demanda de los viajeros peruanos, de los cuales tan solo en el primer cuatrimestre del a\u00f1o, el Caribe Mexicano registr\u00f3 m\u00e1s de 33 mil llegadas.<br \/>\nDe acuerdo con datos de la Secretar\u00eda de Turismo Federal, la llegada de turistas peruanos al territorio nacional aumento un 64% de 2020 a 2021 y este sector tuvo una participaci\u00f3n de 2.5% del Producto Interno Bruto (PIB) en 2021 y su participaci\u00f3n prepandemia, antes de 2020, fue de 3.9%.<br \/>\nQuienes deseen experimentar las nuevas rutas al Per\u00fa pueden hacerlo desde 99 d\u00f3lares, vuelo sencillo e impuestos incluidos, a trav\u00e9s de www.volaris.com en los siguientes itinerarios:<br \/>\nSaliendo de Canc\u00fan a las 00:14 hrs., llegando a Lima a las 05:30 hrs.<br \/>\nSaliendo de Lima a las 06:25 hrs., llegando a Canc\u00fan a las 11:58 hrs.<\/p>\n","protected":false},"excerpt":{"rendered":"<p>La conectividad a\u00e9rea del Caribe Mexicano se fortalece cada vez m\u00e1s con la llegada de nuevos vuelos y rutas a los destinos de Quintana Roo consolidando su liderazgo a nivel mundial. El pasado primero de junio, se llev\u00f3 a ca3. QW2 bo el vuelo inaugural Lima-Canc\u00fan con la aerol\u00ednea de bajo costo Volaris. En el [&hellip;]<\/p>\n","protected":false},"author":1,"featured_media":330363,"comment_status":"open","ping_status":"closed","sticky":false,"template":"","format":"standard","meta":{"om_disable_all_campaigns":false,"jnews-multi-image_gallery":[],"jnews_single_post":{"source_name":"","source_url":"","via_name":"","via_url":"","override_template":"0","override":[{"template":"1","single_blog_custom":"","parallax":"1","fullscreen":"1","layout":"right-sidebar","sidebar":"default-sidebar","second_sidebar":"default-sidebar","sticky_sidebar":"1","share_position":"top","share_float_style":"share-monocrhome","show_share_counter":"1","show_view_counter":"1","show_featured":"1","show_post_meta":"1","show_post_author":"1","show_post_author_image":"1","show_post_date":"1","post_date_format":"default","post_date_format_custom":"Y\/m\/d","show_post_category":"1","show_post_reading_time":"0","post_reading_time_wpm":"300","show_zoom_button":"0","zoom_button_out_step":"2","zoom_button_in_step":"3","show_post_tag":"1","show_prev_next_post":"1","show_popup_post":"1","number_popup_post":"1","show_author_box":"0","show_post_related":"0","show_inline_post_related":"0"}],"override_image_size":"0","image_override":[{"single_post_thumbnail_size":"crop-500","single_post_gallery_size":"crop-500"}],"trending_post":"0","trending_post_position":"meta","trending_post_label":"Trending","sponsored_post":"0","sponsored_post_label":"Sponsored by","sponsored_post_name":"","sponsored_post_url":"","sponsored_post_logo_enable":"0","sponsored_post_logo":"","sponsored_post_desc":"","disable_ad":"0"},"jnews_primary_category":{"id":""},"jnews_social_meta":{"fb_title":"","fb_description":"","fb_image":"","twitter_title":"","twitter_description":"","twitter_image":""},"footnotes":""},"categories":[39],"tags":[],"class_list":["post-330354","post","type-post","status-publish","format-standard","has-post-thumbnail","hentry","category-viajes"],"_links":{"self":[{"href":"https:\/\/dimensionturistica.com\/es\/wp-json\/wp\/v2\/posts\/330354","targetHints":{"allow":["GET"]}}],"collection":[{"href":"https:\/\/dimensionturistica.com\/es\/wp-json\/wp\/v2\/posts"}],"about":[{"href":"https:\/\/dimensionturistica.com\/es\/wp-json\/wp\/v2\/types\/post"}],"author":[{"embeddable":true,"href":"https:\/\/dimensionturistica.com\/es\/wp-json\/wp\/v2\/users\/1"}],"replies":[{"embeddable":true,"href":"https:\/\/dimensionturistica.com\/es\/wp-json\/wp\/v2\/comments?post=330354"}],"version-history":[{"count":0,"href":"https:\/\/dimensionturistica.com\/es\/wp-json\/wp\/v2\/posts\/330354\/revisions"}],"wp:featuredmedia":[{"embeddable":true,"href":"https:\/\/dimensionturistica.com\/es\/wp-json\/wp\/v2\/media\/330363"}],"wp:attachment":[{"href":"https:\/\/dimensionturistica.com\/es\/wp-json\/wp\/v2\/media?parent=330354"}],"wp:term":[{"taxonomy":"category","embeddable":true,"href":"https:\/\/dimensionturistica.com\/es\/wp-json\/wp\/v2\/categories?post=330354"},{"taxonomy":"post_tag","embeddable":true,"href":"https:\/\/dimensionturistica.com\/es\/wp-json\/wp\/v2\/tags?post=330354"}],"curies":[{"name":"wp","href":"https:\/\/api.w.org\/{rel}","templated":true}]}}