{"id":330341,"date":"2022-06-12T14:23:10","date_gmt":"2022-06-12T14:23:10","guid":{"rendered":"https:\/\/dimensionturistica.com\/es\/?p=330341"},"modified":"2022-06-12T14:24:53","modified_gmt":"2022-06-12T14:24:53","slug":"viceroy-los-cabos-se-complace-en-anunciar-un-concierto-frente-al-mar","status":"publish","type":"post","link":"https:\/\/dimensionturistica.com\/es\/viceroy-los-cabos-se-complace-en-anunciar-un-concierto-frente-al-mar\/","title":{"rendered":"Viceroy Los Cabos se complace en anunciar un concierto frente al mar,"},"content":{"rendered":"<p><img decoding=\"async\" class=\"size-medium wp-image-330342 alignright\" src=\"https:\/\/dimensionturistica.com\/es\/wp-content\/uploads\/2022\/06\/unnamed-9-200x300.png\" alt=\"\" width=\"200\" height=\"300\" srcset=\"https:\/\/dimensionturistica.com\/es\/wp-content\/uploads\/2022\/06\/unnamed-9-200x300.png 200w, https:\/\/dimensionturistica.com\/es\/wp-content\/uploads\/2022\/06\/unnamed-9-682x1024.png 682w, https:\/\/dimensionturistica.com\/es\/wp-content\/uploads\/2022\/06\/unnamed-9.png 726w\" sizes=\"(max-width: 200px) 100vw, 200px\" \/>\u00a0demostrando que el arte se vive en uno de los hoteles m\u00e1s espectaculares de Cabo.<br \/>\nAdem\u00e1s de su arquitectura impresionante, los juegos de luces que se crean en cada muro, su gran oferta gastron\u00f3mica y las piezas de arte que conviven entre los hu\u00e9spedes, Viceroy Los Cabos desea que la m\u00fasica sea parte de su oferta cultural.<br \/>\nEste concierto especial y tan esperado por el destino, es el primer paso para crear una conexi\u00f3n importante con la m\u00fasica cl\u00e1sica, los talentos nacionales y aquellos que han sido reconocidos por su excepcional talento al rededor de mundo. Es as\u00ed como Daniel D\u2019 Lizanka ha sido invitado para deleitar a propios y extra\u00f1os con su gran calidad musical.<br \/>\nEl cantautor hace su regreso triunfal a su tierra adoptiva, San Jos\u00e9 del<img decoding=\"async\" class=\"size-medium wp-image-330345 alignright\" src=\"https:\/\/dimensionturistica.com\/es\/wp-content\/uploads\/2022\/06\/unnamed-18-300x178.jpg\" alt=\"\" width=\"300\" height=\"178\" srcset=\"https:\/\/dimensionturistica.com\/es\/wp-content\/uploads\/2022\/06\/unnamed-18-300x178.jpg 300w, https:\/\/dimensionturistica.com\/es\/wp-content\/uploads\/2022\/06\/unnamed-18-1024x606.jpg 1024w, https:\/\/dimensionturistica.com\/es\/wp-content\/uploads\/2022\/06\/unnamed-18-768x455.jpg 768w, https:\/\/dimensionturistica.com\/es\/wp-content\/uploads\/2022\/06\/unnamed-18-750x444.jpg 750w, https:\/\/dimensionturistica.com\/es\/wp-content\/uploads\/2022\/06\/unnamed-18-1140x675.jpg 1140w, https:\/\/dimensionturistica.com\/es\/wp-content\/uploads\/2022\/06\/unnamed-18.jpg 1520w\" sizes=\"(max-width: 300px) 100vw, 300px\" \/> Cabo, despu\u00e9s de un gran \u00e9xito en Espa\u00f1a, donde sus conciertos tuvieron llenos totales, desde Madrid hasta Sevilla. En este concierto esperamos escuchar sus grandes \u00e9xitos entre los que se encuentra \u201cAunque Sea En Otra Vida\u201d, que se coloc\u00f3 entre los top charts durante el 2019 y contin\u00faa siendo reconocida tanto por sus seguidores como por los de Edith Marquez.<br \/>\nEste concierto imperdible, se llevar\u00e1 a cabo el 24 de junio de 7 pm a 11 pm con tel\u00f3n de fondo la maravillosa puesta de sol y el Mar de Cort\u00e9s que<img decoding=\"async\" class=\"size-medium wp-image-330347 alignright\" src=\"https:\/\/dimensionturistica.com\/es\/wp-content\/uploads\/2022\/06\/unnamed-3-8-300x200.jpg\" alt=\"\" width=\"300\" height=\"200\" srcset=\"https:\/\/dimensionturistica.com\/es\/wp-content\/uploads\/2022\/06\/unnamed-3-8-300x200.jpg 300w, https:\/\/dimensionturistica.com\/es\/wp-content\/uploads\/2022\/06\/unnamed-3-8-1024x683.jpg 1024w, https:\/\/dimensionturistica.com\/es\/wp-content\/uploads\/2022\/06\/unnamed-3-8-768x512.jpg 768w, https:\/\/dimensionturistica.com\/es\/wp-content\/uploads\/2022\/06\/unnamed-3-8-750x500.jpg 750w, https:\/\/dimensionturistica.com\/es\/wp-content\/uploads\/2022\/06\/unnamed-3-8-1140x760.jpg 1140w, https:\/\/dimensionturistica.com\/es\/wp-content\/uploads\/2022\/06\/unnamed-3-8.jpg 1350w\" sizes=\"(max-width: 300px) 100vw, 300px\" \/> ba\u00f1a las costas donde se enclava Viceroys.<br \/>\nEl costo de los boletos depender\u00e1 de la experiencia que desees vivir dentro del resort, ya que van de los $75 US por acceso General, $125 US con acceso VIP 2 (Acceso al hotel en asientos generales,KKKKKKKKKKKKL NBBB3SSSS coctel de bienvenida) hasta los $175 US del acceso VIP 1 (Acceso al hotel en asientos lounge, coctel de bienvenida y servicio de mesa).<br \/>\nPara obtener m\u00e1s informaci\u00f3n sobre Viceroy Los Cabos, visita www.viceroyloscabos.com<\/p>\n","protected":false},"excerpt":{"rendered":"<p>\u00a0demostrando que el arte se vive en uno de los hoteles m\u00e1s espectaculares de Cabo. Adem\u00e1s de su arquitectura impresionante, los juegos de luces que se crean en cada muro, su gran oferta gastron\u00f3mica y las piezas de arte que conviven entre los hu\u00e9spedes, Viceroy Los Cabos desea que la m\u00fasica sea parte de su [&hellip;]<\/p>\n","protected":false},"author":1,"featured_media":330349,"comment_status":"open","ping_status":"closed","sticky":false,"template":"","format":"standard","meta":{"om_disable_all_campaigns":false,"jnews-multi-image_gallery":[],"jnews_single_post":{"source_name":"","source_url":"","via_name":"","via_url":"","override_template":"0","override":[{"template":"1","single_blog_custom":"","parallax":"1","fullscreen":"1","layout":"right-sidebar","sidebar":"default-sidebar","second_sidebar":"default-sidebar","sticky_sidebar":"1","share_position":"top","share_float_style":"share-monocrhome","show_share_counter":"1","show_view_counter":"1","show_featured":"1","show_post_meta":"1","show_post_author":"1","show_post_author_image":"1","show_post_date":"1","post_date_format":"default","post_date_format_custom":"Y\/m\/d","show_post_category":"1","show_post_reading_time":"0","post_reading_time_wpm":"300","show_zoom_button":"0","zoom_button_out_step":"2","zoom_button_in_step":"3","show_post_tag":"1","show_prev_next_post":"1","show_popup_post":"1","number_popup_post":"1","show_author_box":"0","show_post_related":"0","show_inline_post_related":"0"}],"override_image_size":"0","image_override":[{"single_post_thumbnail_size":"crop-500","single_post_gallery_size":"crop-500"}],"trending_post":"0","trending_post_position":"meta","trending_post_label":"Trending","sponsored_post":"0","sponsored_post_label":"Sponsored by","sponsored_post_name":"","sponsored_post_url":"","sponsored_post_logo_enable":"0","sponsored_post_logo":"","sponsored_post_desc":"","disable_ad":"0"},"jnews_primary_category":{"id":""},"jnews_social_meta":{"fb_title":"","fb_description":"","fb_image":"","twitter_title":"","twitter_description":"","twitter_image":""},"footnotes":""},"categories":[40],"tags":[],"class_list":["post-330341","post","type-post","status-publish","format-standard","has-post-thumbnail","hentry","category-industria"],"_links":{"self":[{"href":"https:\/\/dimensionturistica.com\/es\/wp-json\/wp\/v2\/posts\/330341","targetHints":{"allow":["GET"]}}],"collection":[{"href":"https:\/\/dimensionturistica.com\/es\/wp-json\/wp\/v2\/posts"}],"about":[{"href":"https:\/\/dimensionturistica.com\/es\/wp-json\/wp\/v2\/types\/post"}],"author":[{"embeddable":true,"href":"https:\/\/dimensionturistica.com\/es\/wp-json\/wp\/v2\/users\/1"}],"replies":[{"embeddable":true,"href":"https:\/\/dimensionturistica.com\/es\/wp-json\/wp\/v2\/comments?post=330341"}],"version-history":[{"count":0,"href":"https:\/\/dimensionturistica.com\/es\/wp-json\/wp\/v2\/posts\/330341\/revisions"}],"wp:featuredmedia":[{"embeddable":true,"href":"https:\/\/dimensionturistica.com\/es\/wp-json\/wp\/v2\/media\/330349"}],"wp:attachment":[{"href":"https:\/\/dimensionturistica.com\/es\/wp-json\/wp\/v2\/media?parent=330341"}],"wp:term":[{"taxonomy":"category","embeddable":true,"href":"https:\/\/dimensionturistica.com\/es\/wp-json\/wp\/v2\/categories?post=330341"},{"taxonomy":"post_tag","embeddable":true,"href":"https:\/\/dimensionturistica.com\/es\/wp-json\/wp\/v2\/tags?post=330341"}],"curies":[{"name":"wp","href":"https:\/\/api.w.org\/{rel}","templated":true}]}}