{"id":330317,"date":"2022-06-12T13:47:13","date_gmt":"2022-06-12T13:47:13","guid":{"rendered":"https:\/\/dimensionturistica.com\/es\/?p=330317"},"modified":"2022-06-12T13:47:13","modified_gmt":"2022-06-12T13:47:13","slug":"aeromar-inaugura-su-nueva-ruta-que-conecta-a-chetumal-con-cancun","status":"publish","type":"post","link":"https:\/\/dimensionturistica.com\/es\/aeromar-inaugura-su-nueva-ruta-que-conecta-a-chetumal-con-cancun\/","title":{"rendered":"Aeromar inaugura su nueva ruta que conecta a Chetumal con Canc\u00fan"},"content":{"rendered":"<p>Aeromar refuerza su compromiso de unir historias al conectar cada vez m\u00e1s a Quintana Roo con su nueva ruta Chetumal \u2013 Canc\u00fan y de esta manera tener otra v\u00eda de conexi\u00f3n en el Caribe Mexicano, la cual tiene como prop\u00f3sito unir al principal polo tur\u00edstico de Am\u00e9rica Latina con la capital del Estado y facilitar la transportaci\u00f3n interna en Quintana Roo.<br \/>\nLa inauguraci\u00f3n de este vuelo fue presidida en representaci\u00f3n del Gobernador Carlos Joaqu\u00edn por el secretario de Turismo, Bernardo Cueto Riestra; Dar\u00edo Flota, director general del CPTQ; Fernando Mora, coordinador general de Comunicaci\u00f3n; Jos\u00e9 Alfredo Contreras M\u00e9ndez,<img decoding=\"async\" class=\"size-medium wp-image-330319 alignright\" src=\"https:\/\/dimensionturistica.com\/es\/wp-content\/uploads\/2022\/06\/unnamed-1-11-300x200.jpg\" alt=\"\" width=\"300\" height=\"200\" srcset=\"https:\/\/dimensionturistica.com\/es\/wp-content\/uploads\/2022\/06\/unnamed-1-11-300x200.jpg 300w, https:\/\/dimensionturistica.com\/es\/wp-content\/uploads\/2022\/06\/unnamed-1-11-1024x682.jpg 1024w, https:\/\/dimensionturistica.com\/es\/wp-content\/uploads\/2022\/06\/unnamed-1-11-768x512.jpg 768w, https:\/\/dimensionturistica.com\/es\/wp-content\/uploads\/2022\/06\/unnamed-1-11-1536x1023.jpg 1536w, https:\/\/dimensionturistica.com\/es\/wp-content\/uploads\/2022\/06\/unnamed-1-11-750x500.jpg 750w, https:\/\/dimensionturistica.com\/es\/wp-content\/uploads\/2022\/06\/unnamed-1-11-1140x760.jpg 1140w, https:\/\/dimensionturistica.com\/es\/wp-content\/uploads\/2022\/06\/unnamed-1-11.jpg 1600w\" sizes=\"(max-width: 300px) 100vw, 300px\" \/> presidente de Bacalar; Yensunni Idalia Mart\u00ednez Hern\u00e1ndez, presidente de Oth\u00f3n P. Blanco, Eloy Stalin Quintal Jim\u00e9nez, presidente del CCE Chetumal, Bertha Median presidente de la Asociaci\u00f3n de Hoteles de Chetumal y Juan Ignacio Rossello director Comercial de Aeromar.<br \/>\nLa ruta Chetumal-Canc\u00fan inici\u00f3 operaciones este lunes 6 de junio del 2022, misma que tendr\u00e1 en su primera fase dos frecuencias los lunes y martes con un costo de $799 MXN viaje sencillo; para la segunda fase presentar\u00e1 un aumento a tres frecuencias semanales. La ruta operar\u00e1 con aviones ATR 72-600, el cual tiene una capacidad para 72 pasajeros, por lo que la expectativa es transportar mensualmente a m\u00e1s de 3000 pasajeros.<br \/>\nJuan Ignacio Rossello mencion\u00f3 \u201cen Aeromar vemos en el mercado dom\u00e9stico una enorme oportunidad de recuperaci\u00f3n, creemos que en los pr\u00f3ximos meses ser\u00e1 muy din\u00e1mica y por eso apostamos a nuevas rutas y destinos que no hab\u00edamos explorado. Estamos seguros del \u00e9xito que tendr\u00e1 la ruta de Chetumal &#8211; Canc\u00fan\u201d.<br \/>\nPor su parte el Secretario de Turismo de Quintana Roo, Bernardo Cueto Riestra se\u00f1al\u00f3: \u201cDeseo mucho \u00e9xito a Aeromar y a todos los involucrados que han logrado consolidar esta nueva ruta, con la cual se esperan grandes resultados. Sin duda el sur de nuestro Estado posee grandes destinos que ofrecen un producto tur\u00edstico \u00fanico. Estoy seguro de que, con esta nueva ruta, m\u00e1s turistas decidir\u00e1n conocer, explorar y seguir visitando la Grand Costa Maya.<br \/>\nEnhorabuena y continuemos promoviendo las maravillas naturales de nuestro Estado, sin importar si es norte, centro o sur, Quintana Roo es garant\u00eda de un buen servicio y espectaculares vivencias&#8221;.<br \/>\n&#8220;La apertura de la ruta Chetumal-Canc\u00fan es la cristalizaci\u00f3n de una necesidad que por muchos a\u00f1os se ha tenido, conectar la capital del Estado con el norte permitir\u00e1 un mayor tr\u00e1fico de visitantes que puedan disfrutar de los atractivos del sur de Quintana Roo&#8221;, coment\u00f3 Dar\u00edo Flota Ocampo, director general del Consejo de Promoci\u00f3n Tur\u00edstica de Quintana Roo.<br \/>\nAeromar cumple su promesa de marca de entrega de equipaje y check in en mostradores en menos de 15 minutos.<br \/>\nCon el compromiso de resguardar la salud y bienestar de sus clientes, Aeromar implementa rigurosos protocolos de sanidad que incluyen el uso obligatorio de cubrebocas, as\u00ed como la sanitizaci\u00f3n de espacios comunes, filtros sanitarios, dispensadores de gel antibacterial y respetar la sana distancia.<br \/>\nLos clientes gozar\u00e1n de comodidad y confianza durante su viaje al volar en aeronaves seguras; la flota de ATR de la aerol\u00ednea es la m\u00e1s moderna de M\u00e9xico, y son amigables con el ambiente al optimizar el uso de combustible.<br \/>\nConsulta m\u00e1s informaci\u00f3n en www.aeromar.mx<\/p>\n","protected":false},"excerpt":{"rendered":"<p>Aeromar refuerza su compromiso de unir historias al conectar cada vez m\u00e1s a Quintana Roo con su nueva ruta Chetumal \u2013 Canc\u00fan y de esta manera tener otra v\u00eda de conexi\u00f3n en el Caribe Mexicano, la cual tiene como prop\u00f3sito unir al principal polo tur\u00edstico de Am\u00e9rica Latina con la capital del Estado y facilitar [&hellip;]<\/p>\n","protected":false},"author":1,"featured_media":330318,"comment_status":"open","ping_status":"closed","sticky":false,"template":"","format":"standard","meta":{"om_disable_all_campaigns":false,"jnews-multi-image_gallery":[],"jnews_single_post":{"source_name":"","source_url":"","via_name":"","via_url":"","override_template":"0","override":[{"template":"1","single_blog_custom":"","parallax":"1","fullscreen":"1","layout":"right-sidebar","sidebar":"default-sidebar","second_sidebar":"default-sidebar","sticky_sidebar":"1","share_position":"top","share_float_style":"share-monocrhome","show_share_counter":"1","show_view_counter":"1","show_featured":"1","show_post_meta":"1","show_post_author":"1","show_post_author_image":"1","show_post_date":"1","post_date_format":"default","post_date_format_custom":"Y\/m\/d","show_post_category":"1","show_post_reading_time":"0","post_reading_time_wpm":"300","show_zoom_button":"0","zoom_button_out_step":"2","zoom_button_in_step":"3","show_post_tag":"1","show_prev_next_post":"1","show_popup_post":"1","number_popup_post":"1","show_author_box":"0","show_post_related":"0","show_inline_post_related":"0"}],"override_image_size":"0","image_override":[{"single_post_thumbnail_size":"crop-500","single_post_gallery_size":"crop-500"}],"trending_post":"0","trending_post_position":"meta","trending_post_label":"Trending","sponsored_post":"0","sponsored_post_label":"Sponsored by","sponsored_post_name":"","sponsored_post_url":"","sponsored_post_logo_enable":"0","sponsored_post_logo":"","sponsored_post_desc":"","disable_ad":"0"},"jnews_primary_category":{"id":""},"jnews_social_meta":{"fb_title":"","fb_description":"","fb_image":"","twitter_title":"","twitter_description":"","twitter_image":""},"footnotes":""},"categories":[40],"tags":[],"class_list":["post-330317","post","type-post","status-publish","format-standard","has-post-thumbnail","hentry","category-industria"],"_links":{"self":[{"href":"https:\/\/dimensionturistica.com\/es\/wp-json\/wp\/v2\/posts\/330317","targetHints":{"allow":["GET"]}}],"collection":[{"href":"https:\/\/dimensionturistica.com\/es\/wp-json\/wp\/v2\/posts"}],"about":[{"href":"https:\/\/dimensionturistica.com\/es\/wp-json\/wp\/v2\/types\/post"}],"author":[{"embeddable":true,"href":"https:\/\/dimensionturistica.com\/es\/wp-json\/wp\/v2\/users\/1"}],"replies":[{"embeddable":true,"href":"https:\/\/dimensionturistica.com\/es\/wp-json\/wp\/v2\/comments?post=330317"}],"version-history":[{"count":0,"href":"https:\/\/dimensionturistica.com\/es\/wp-json\/wp\/v2\/posts\/330317\/revisions"}],"wp:featuredmedia":[{"embeddable":true,"href":"https:\/\/dimensionturistica.com\/es\/wp-json\/wp\/v2\/media\/330318"}],"wp:attachment":[{"href":"https:\/\/dimensionturistica.com\/es\/wp-json\/wp\/v2\/media?parent=330317"}],"wp:term":[{"taxonomy":"category","embeddable":true,"href":"https:\/\/dimensionturistica.com\/es\/wp-json\/wp\/v2\/categories?post=330317"},{"taxonomy":"post_tag","embeddable":true,"href":"https:\/\/dimensionturistica.com\/es\/wp-json\/wp\/v2\/tags?post=330317"}],"curies":[{"name":"wp","href":"https:\/\/api.w.org\/{rel}","templated":true}]}}