{"id":330299,"date":"2022-06-12T13:29:11","date_gmt":"2022-06-12T13:29:11","guid":{"rendered":"https:\/\/dimensionturistica.com\/es\/?p=330299"},"modified":"2022-06-12T13:29:11","modified_gmt":"2022-06-12T13:29:11","slug":"participa-el-caribe-mexicano-en-la-feria-internacional-de-turismo-de-reuniones-en-europa","status":"publish","type":"post","link":"https:\/\/dimensionturistica.com\/es\/participa-el-caribe-mexicano-en-la-feria-internacional-de-turismo-de-reuniones-en-europa\/","title":{"rendered":"Participa El Caribe Mexicano en La Feria Internacional de Turismo de Reuniones en Europa"},"content":{"rendered":"<p><img decoding=\"async\" class=\"size-medium wp-image-330303 alignright\" src=\"https:\/\/dimensionturistica.com\/es\/wp-content\/uploads\/2022\/06\/unnamed-14-225x300.jpg\" alt=\"\" width=\"225\" height=\"300\" srcset=\"https:\/\/dimensionturistica.com\/es\/wp-content\/uploads\/2022\/06\/unnamed-14-225x300.jpg 225w, https:\/\/dimensionturistica.com\/es\/wp-content\/uploads\/2022\/06\/unnamed-14-750x1000.jpg 750w, https:\/\/dimensionturistica.com\/es\/wp-content\/uploads\/2022\/06\/unnamed-14.jpg 768w\" sizes=\"(max-width: 225px) 100vw, 225px\" \/> El Caribe Mexicano particip\u00f3 en IMEX Frankfurt, el evento de Turismo de Reuniones m\u00e1s importante de Europa que se realiz\u00f3 del 31 de mayo al 2 de junio luego de una pausa de dos a\u00f1os debido a la pandemia. Esta feria, enfocada al segmento de grupos, eventos, convenciones y viajes de incentivo (MICE), se llev\u00f3 a cabo de manera presencial en Alemania.<br \/>\nCon una mesa de atenci\u00f3n a compradores y organizadores de eventos dentro del Pabell\u00f3n de M\u00e9xico los destinos tur\u00edsticos de Quintana Roo estuvieron presentes en esta feria que celebr\u00f3 su 20 aniversario y donde participaron expositores que representan a m\u00e1s de 100 pa\u00edses y a m\u00e1s de 2800 compradores de<img decoding=\"async\" class=\"size-medium wp-image-330304 alignright\" src=\"https:\/\/dimensionturistica.com\/es\/wp-content\/uploads\/2022\/06\/unnamed-3-5-225x300.jpg\" alt=\"\" width=\"225\" height=\"300\" srcset=\"https:\/\/dimensionturistica.com\/es\/wp-content\/uploads\/2022\/06\/unnamed-3-5-225x300.jpg 225w, https:\/\/dimensionturistica.com\/es\/wp-content\/uploads\/2022\/06\/unnamed-3-5-750x1000.jpg 750w, https:\/\/dimensionturistica.com\/es\/wp-content\/uploads\/2022\/06\/unnamed-3-5.jpg 768w\" sizes=\"(max-width: 225px) 100vw, 225px\" \/> eventos.<br \/>\n\u201cNuestra participaci\u00f3n en esta feria, nos permitir\u00e1 seguir recuperando uno de los segmentos m\u00e1s afectados de la pandemia que fue el de reuniones, con lo que esperamos consolidar 2022 como el gran a\u00f1o de la reactivaci\u00f3n tur\u00edstica del Estado\u201d, coment\u00f3 Dar\u00edo Flota Ocampo, director general del Consejo de Promoci\u00f3n Tur\u00edstica de Quintana Roo.<br \/>\nMediante citas de negocio en formato uno a uno se atendieron reuniones de trabajo con diferentes organizadores de eventos de pa\u00edses como: B\u00e9lgica, Italia, Portugal, Francia, Polonia, Espa\u00f1a, Reino Unido, Alemania, Holanda, Brasil, Estados Unidos y Canad\u00e1 que buscan llevar sus eventos y grupos a destinos que ofrezcan calidad en infraestructura, servicios y actividades como los que encuentran en el Caribe Mexicano que, gracias a su<img decoding=\"async\" class=\"size-medium wp-image-330305 alignright\" src=\"https:\/\/dimensionturistica.com\/es\/wp-content\/uploads\/2022\/06\/unnamed-2-10-225x300.jpg\" alt=\"\" width=\"225\" height=\"300\" srcset=\"https:\/\/dimensionturistica.com\/es\/wp-content\/uploads\/2022\/06\/unnamed-2-10-225x300.jpg 225w, https:\/\/dimensionturistica.com\/es\/wp-content\/uploads\/2022\/06\/unnamed-2-10-750x1000.jpg 750w, https:\/\/dimensionturistica.com\/es\/wp-content\/uploads\/2022\/06\/unnamed-2-10.jpg 768w\" sizes=\"(max-width: 225px) 100vw, 225px\" \/> conectividad a\u00e9rea, permite con facilidad la llegada de pasajeros de todo el mundo. Tal es el caso de Europa, desde donde se tiene conexi\u00f3n directa con 18 ciudades, incluyendo los principales aeropuertos como los de \u00c1msterdam, Frankfurt, Estambul, Londres, Madrid, Lisboa y Par\u00eds.<br \/>\nEl Caribe Mexicano es el destino ideal para la organizaci\u00f3n de grandes eventos nacionales e internacionales, cuenta con tres centros de convenciones: en Canc\u00fan, Isla Cozumel y Chetumal y m\u00e1s de 130 hoteles con una capacidad total de 166,369 metros cuadrados para la realizaci\u00f3n de eventos, adem\u00e1s de excelentes atracciones para incentivos, infraestructura moderna para reuniones, servicios de categor\u00eda 5 estrellas, actividades, cultura, compras, golf, gastronom\u00eda, entretenimiento nocturno, bienestar y relajaci\u00f3n, entre muchas otras.<\/p>\n","protected":false},"excerpt":{"rendered":"<p>El Caribe Mexicano particip\u00f3 en IMEX Frankfurt, el evento de Turismo de Reuniones m\u00e1s importante de Europa que se realiz\u00f3 del 31 de mayo al 2 de junio luego de una pausa de dos a\u00f1os debido a la pandemia. Esta feria, enfocada al segmento de grupos, eventos, convenciones y viajes de incentivo (MICE), se llev\u00f3 [&hellip;]<\/p>\n","protected":false},"author":1,"featured_media":329890,"comment_status":"open","ping_status":"closed","sticky":false,"template":"","format":"standard","meta":{"om_disable_all_campaigns":false,"jnews-multi-image_gallery":[],"jnews_single_post":{"source_name":"","source_url":"","via_name":"","via_url":"","override_template":"0","override":[{"template":"1","single_blog_custom":"","parallax":"1","fullscreen":"1","layout":"right-sidebar","sidebar":"default-sidebar","second_sidebar":"default-sidebar","sticky_sidebar":"1","share_position":"top","share_float_style":"share-monocrhome","show_share_counter":"1","show_view_counter":"1","show_featured":"1","show_post_meta":"1","show_post_author":"1","show_post_author_image":"1","show_post_date":"1","post_date_format":"default","post_date_format_custom":"Y\/m\/d","show_post_category":"1","show_post_reading_time":"0","post_reading_time_wpm":"300","show_zoom_button":"0","zoom_button_out_step":"2","zoom_button_in_step":"3","show_post_tag":"1","show_prev_next_post":"1","show_popup_post":"1","number_popup_post":"1","show_author_box":"0","show_post_related":"0","show_inline_post_related":"0"}],"override_image_size":"0","image_override":[{"single_post_thumbnail_size":"crop-500","single_post_gallery_size":"crop-500"}],"trending_post":"0","trending_post_position":"meta","trending_post_label":"Trending","sponsored_post":"0","sponsored_post_label":"Sponsored by","sponsored_post_name":"","sponsored_post_url":"","sponsored_post_logo_enable":"0","sponsored_post_logo":"","sponsored_post_desc":"","disable_ad":"0"},"jnews_primary_category":{"id":""},"jnews_social_meta":{"fb_title":"","fb_description":"","fb_image":"","twitter_title":"","twitter_description":"","twitter_image":""},"footnotes":""},"categories":[40],"tags":[],"class_list":["post-330299","post","type-post","status-publish","format-standard","has-post-thumbnail","hentry","category-industria"],"_links":{"self":[{"href":"https:\/\/dimensionturistica.com\/es\/wp-json\/wp\/v2\/posts\/330299","targetHints":{"allow":["GET"]}}],"collection":[{"href":"https:\/\/dimensionturistica.com\/es\/wp-json\/wp\/v2\/posts"}],"about":[{"href":"https:\/\/dimensionturistica.com\/es\/wp-json\/wp\/v2\/types\/post"}],"author":[{"embeddable":true,"href":"https:\/\/dimensionturistica.com\/es\/wp-json\/wp\/v2\/users\/1"}],"replies":[{"embeddable":true,"href":"https:\/\/dimensionturistica.com\/es\/wp-json\/wp\/v2\/comments?post=330299"}],"version-history":[{"count":0,"href":"https:\/\/dimensionturistica.com\/es\/wp-json\/wp\/v2\/posts\/330299\/revisions"}],"wp:featuredmedia":[{"embeddable":true,"href":"https:\/\/dimensionturistica.com\/es\/wp-json\/wp\/v2\/media\/329890"}],"wp:attachment":[{"href":"https:\/\/dimensionturistica.com\/es\/wp-json\/wp\/v2\/media?parent=330299"}],"wp:term":[{"taxonomy":"category","embeddable":true,"href":"https:\/\/dimensionturistica.com\/es\/wp-json\/wp\/v2\/categories?post=330299"},{"taxonomy":"post_tag","embeddable":true,"href":"https:\/\/dimensionturistica.com\/es\/wp-json\/wp\/v2\/tags?post=330299"}],"curies":[{"name":"wp","href":"https:\/\/api.w.org\/{rel}","templated":true}]}}