{"id":329984,"date":"2022-06-11T17:13:34","date_gmt":"2022-06-11T17:13:34","guid":{"rendered":"https:\/\/dimensionturistica.com\/es\/?p=329984"},"modified":"2022-06-11T17:13:34","modified_gmt":"2022-06-11T17:13:34","slug":"ecuador-film-residency-la-nueva-ventana-para-disfrutar-de-ecuador-y-compartir-experiencias-a-traves-de-las-redes-sociales","status":"publish","type":"post","link":"https:\/\/dimensionturistica.com\/es\/ecuador-film-residency-la-nueva-ventana-para-disfrutar-de-ecuador-y-compartir-experiencias-a-traves-de-las-redes-sociales\/","title":{"rendered":"Ecuador Film Residency: la nueva ventana para disfrutar de Ecuador y compartir experiencias a trav\u00e9s de las redes sociales"},"content":{"rendered":"<p><img decoding=\"async\" class=\"size-medium wp-image-329987 alignright\" src=\"https:\/\/dimensionturistica.com\/es\/wp-content\/uploads\/2022\/06\/0O6A7079-200x300.jpg\" alt=\"\" width=\"200\" height=\"300\" srcset=\"https:\/\/dimensionturistica.com\/es\/wp-content\/uploads\/2022\/06\/0O6A7079-200x300.jpg 200w, https:\/\/dimensionturistica.com\/es\/wp-content\/uploads\/2022\/06\/0O6A7079.jpg 583w\" sizes=\"(max-width: 200px) 100vw, 200px\" \/>A partir de este mi\u00e9rcoles los influenciadores, filmmakers y creadores de contenidos de alta calidad nacionales e internacionales pueden ser parte del programa Ecuador Film Residency, una de las acciones con las que el Ministerio de Turismo pretende impulsar la promoci\u00f3n del pa\u00eds a trav\u00e9s de contenidos aut\u00e9nticos, org\u00e1nicos y experienciales.<br \/>\nEl punto de partida para desarrollar este programa fue el video Ecuador &#8211; NOT What We Expected!, desarrollado por Tara y George Beyer, dos creadores de contenido estadounidenses que junto a sus hijos recorrieron el pa\u00eds, y mostraron a trav\u00e9s de este producto sus vivencias en su primera visita al Ecuador, donde se exhibe mucho de lo que los viajeros no imaginan que pueden encontrar en nuestro pa\u00eds.<br \/>\nLa acogida de esta producci\u00f3n impuls\u00f3 el desarrollo de esta iniciativa que permitir\u00e1<img decoding=\"async\" class=\"size-medium wp-image-329989 alignright\" src=\"https:\/\/dimensionturistica.com\/es\/wp-content\/uploads\/2022\/06\/0O6A7087-300x200.jpg\" alt=\"\" width=\"300\" height=\"200\" srcset=\"https:\/\/dimensionturistica.com\/es\/wp-content\/uploads\/2022\/06\/0O6A7087-300x200.jpg 300w, https:\/\/dimensionturistica.com\/es\/wp-content\/uploads\/2022\/06\/0O6A7087.jpg 583w\" sizes=\"(max-width: 300px) 100vw, 300px\" \/> que los creadores de contenido audiovisual puedan elaborar piezas promocionales de Ecuador, y para generarlo, el Ministerio de Turismo les dar\u00e1 las facilidades para el viaje, en una gesti\u00f3n conjunta con el sector privado.<br \/>\nEn el evento de lanzamiento, el ministro de Turismo, Niels Olsen, se\u00f1al\u00f3 que hay 30 creadores de contenidos, influenciadores, y filmmakers nacionales e internacionales que participar\u00e1n del programa durante el segundo semestre de 2022. \u201cEs tiempo de que todos rememos hacia el mismo lado para reactivar al turismo. Les quiero agradecer de antemano a todos quienes se sumen a este proyecto. Estoy seguro de que esta es una de las cosas que nos ayudar\u00e1n a poner a Ecuador en los ojos del mundo\u201d, dijo.<img decoding=\"async\" class=\"size-medium wp-image-329991 alignright\" src=\"https:\/\/dimensionturistica.com\/es\/wp-content\/uploads\/2022\/06\/0O6A7441-300x200.jpg\" alt=\"\" width=\"300\" height=\"200\" srcset=\"https:\/\/dimensionturistica.com\/es\/wp-content\/uploads\/2022\/06\/0O6A7441-300x200.jpg 300w, https:\/\/dimensionturistica.com\/es\/wp-content\/uploads\/2022\/06\/0O6A7441.jpg 583w\" sizes=\"(max-width: 300px) 100vw, 300px\" \/><br \/>\nPor su parte, Henry Calasanz, creador de contenido, dijo que este tipo de programas son importantes, teniendo en cuenta que Ecuador tiene un potencial muy grande y que la actividad en redes sociales en la actualidad es elevada, lo que se puede aprovechar para atraer a m\u00e1s extranjeros y tener mayor exposici\u00f3n ante el mundo.<br \/>\nComo acceder al programa<br \/>\n1. Ingresa en https:\/\/ecuador.travel\/es\/film-residency\/<br \/>\n2. Completa el formulario<br \/>\n3. El Ministerio de Turismo revisar\u00e1 la informaci\u00f3n proporcionada y la evaluar\u00e1<br \/>\n4. Recibir\u00e1s un correo electr\u00f3nico que te informar\u00e1 sobre las facilidades que otorga Ecuador Film Residency para recorrer el Ecuador, tales como: hospedaje, alimentaci\u00f3n, e incluso tickets a\u00e9reos.<br \/>\nLos viajes se determinar\u00e1n de acuerdo al inter\u00e9s y audiencia a la que se direccione el creador de contenido.<br \/>\nLas experiencias \u00fanicas que ofrece Ecuador llegar\u00e1n a nuevos viajeros con el programa Ecuador Film Residency, impulsando una actividad regenerativa, consciente y sostenible.<br \/>\n\u00a1Juntos hacemos posible un #EcuadorDeLasOportunidades!<\/p>\n","protected":false},"excerpt":{"rendered":"<p>A partir de este mi\u00e9rcoles los influenciadores, filmmakers y creadores de contenidos de alta calidad nacionales e internacionales pueden ser parte del programa Ecuador Film Residency, una de las acciones con las que el Ministerio de Turismo pretende impulsar la promoci\u00f3n del pa\u00eds a trav\u00e9s de contenidos aut\u00e9nticos, org\u00e1nicos y experienciales. El punto de partida [&hellip;]<\/p>\n","protected":false},"author":1,"featured_media":329990,"comment_status":"open","ping_status":"closed","sticky":false,"template":"","format":"standard","meta":{"om_disable_all_campaigns":false,"jnews-multi-image_gallery":[],"jnews_single_post":{"source_name":"","source_url":"","via_name":"","via_url":"","override_template":"0","override":[{"template":"1","single_blog_custom":"","parallax":"1","fullscreen":"1","layout":"right-sidebar","sidebar":"default-sidebar","second_sidebar":"default-sidebar","sticky_sidebar":"1","share_position":"top","share_float_style":"share-monocrhome","show_share_counter":"1","show_view_counter":"1","show_featured":"1","show_post_meta":"1","show_post_author":"1","show_post_author_image":"1","show_post_date":"1","post_date_format":"default","post_date_format_custom":"Y\/m\/d","show_post_category":"1","show_post_reading_time":"0","post_reading_time_wpm":"300","show_zoom_button":"0","zoom_button_out_step":"2","zoom_button_in_step":"3","show_post_tag":"1","show_prev_next_post":"1","show_popup_post":"1","number_popup_post":"1","show_author_box":"0","show_post_related":"0","show_inline_post_related":"0"}],"override_image_size":"0","image_override":[{"single_post_thumbnail_size":"crop-500","single_post_gallery_size":"crop-500"}],"trending_post":"0","trending_post_position":"meta","trending_post_label":"Trending","sponsored_post":"0","sponsored_post_label":"Sponsored by","sponsored_post_name":"","sponsored_post_url":"","sponsored_post_logo_enable":"0","sponsored_post_logo":"","sponsored_post_desc":"","disable_ad":"0"},"jnews_primary_category":{"id":""},"jnews_social_meta":{"fb_title":"","fb_description":"","fb_image":"","twitter_title":"","twitter_description":"","twitter_image":""},"footnotes":""},"categories":[39],"tags":[],"class_list":["post-329984","post","type-post","status-publish","format-standard","has-post-thumbnail","hentry","category-viajes"],"_links":{"self":[{"href":"https:\/\/dimensionturistica.com\/es\/wp-json\/wp\/v2\/posts\/329984","targetHints":{"allow":["GET"]}}],"collection":[{"href":"https:\/\/dimensionturistica.com\/es\/wp-json\/wp\/v2\/posts"}],"about":[{"href":"https:\/\/dimensionturistica.com\/es\/wp-json\/wp\/v2\/types\/post"}],"author":[{"embeddable":true,"href":"https:\/\/dimensionturistica.com\/es\/wp-json\/wp\/v2\/users\/1"}],"replies":[{"embeddable":true,"href":"https:\/\/dimensionturistica.com\/es\/wp-json\/wp\/v2\/comments?post=329984"}],"version-history":[{"count":0,"href":"https:\/\/dimensionturistica.com\/es\/wp-json\/wp\/v2\/posts\/329984\/revisions"}],"wp:featuredmedia":[{"embeddable":true,"href":"https:\/\/dimensionturistica.com\/es\/wp-json\/wp\/v2\/media\/329990"}],"wp:attachment":[{"href":"https:\/\/dimensionturistica.com\/es\/wp-json\/wp\/v2\/media?parent=329984"}],"wp:term":[{"taxonomy":"category","embeddable":true,"href":"https:\/\/dimensionturistica.com\/es\/wp-json\/wp\/v2\/categories?post=329984"},{"taxonomy":"post_tag","embeddable":true,"href":"https:\/\/dimensionturistica.com\/es\/wp-json\/wp\/v2\/tags?post=329984"}],"curies":[{"name":"wp","href":"https:\/\/api.w.org\/{rel}","templated":true}]}}