{"id":329814,"date":"2022-06-11T09:49:57","date_gmt":"2022-06-11T09:49:57","guid":{"rendered":"https:\/\/dimensionturistica.com\/es\/?p=329814"},"modified":"2022-06-11T14:29:28","modified_gmt":"2022-06-11T14:29:28","slug":"vacacionar-en-espana-sin-turistas-si-es-posible-en-estos-6-destinos","status":"publish","type":"post","link":"https:\/\/dimensionturistica.com\/es\/vacacionar-en-espana-sin-turistas-si-es-posible-en-estos-6-destinos\/","title":{"rendered":"Vacacionar en Espa\u00f1a sin turistas s\u00ed es posible en estos 6 destinos"},"content":{"rendered":"\n<div>\n<p>El momento de elegir destino de vacaciones para este verano est\u00e1 llegando a los viajeros m\u00e1s rezagados, y puede que la raz\u00f3n por la que hayan esperado tanto para este momento es que prefieren un<strong> lugar que no est\u00e9 de moda, es decir, sin turistas.<\/strong><\/p>\n<p>Es algo que parece complicado porque Espa\u00f1a est\u00e1 llena de encantos, y por ello cada a\u00f1o vienen a vernos millones de turistas que quieren conocer de primera mano todas las joyas de enorme valor monumental: la Alhambra, la Sagrada Familia, el Prado&#8230;<\/p>\n<p>Sin embargo, si miras bien, en Espa\u00f1a se esconden muchas joyas ocultas que no se encuentran a easy vista. Cuevas, cascadas, minas, r\u00edos, calas&#8230; son algunos de los secretos poco conocidos por los turistas que no escatiman en belleza.<\/p>\n<h4><b>1<\/b> Fragas do Eume (A Coru\u00f1a)<\/h4>\n<div class=\"imgdes lqip\">\n<picture class=\"big\"><img decoding=\"async\" class=\"finalimg\" src=\"https:\/\/www.losreplicantes.com\/images\/f\/2700\/2712-f7.jpg\" alt=\"Fragas do eume\" width=\"2500\" height=\"1877\" \/><\/picture>\nEl Parque Pure de las Fragas del Eume acoge las <strong>fragas costeras mejor conservadas de toda Europa<\/strong>, y uno de los escas\u00edsimos bosques de su clase del continente. En Galicia les llamamos fragas a las<strong> zonas de bosque espesas<\/strong>, al inside de las cuales la luz llega siempre velada por el ramaje.<\/p>\n<\/div>\n<p>Albergan numerosas <strong>especies animales y vegetales amenazadas<\/strong>, algunas reliquias, as\u00ed como los ecos de una extraordinaria historia que toma singular br\u00edo en la \u00e9poca medieval.<\/p>\n<p>El Parque Pure de las Fragas del Eume, declarado en 1997, se extiende por <strong>9.125 hect\u00e1reas de laderas y montes<\/strong> que acompa\u00f1an al r\u00edo Eume a su paso por la provincia de A Coru\u00f1a.<\/p>\n<h4><b>2<\/b> Parque pure del Saja-Besaya (Cantabria)<\/h4>\n<div class=\"imgdes lqip\"><picture class=\"big\"><source class=\"bigavif\" type=\"image\/avif\" media=\"(min-width: 750px)\" data-srcset=\"https:\/\/www.losreplicantes.com\/images\/f\/2700\/2720-f1.avif 2500w, https:\/\/www.losreplicantes.com\/images\/f\/2700\/2720-f2.avif 2000w, https:\/\/www.losreplicantes.com\/images\/f\/2700\/2720-f3.avif 1500w, https:\/\/www.losreplicantes.com\/images\/f\/2700\/2720-f4.avif 1250w,\thttps:\/\/www.losreplicantes.com\/images\/f\/2700\/2720-f5.avif 1000w\" \/><\/picture>\n<picture class=\"big\"><img decoding=\"async\" class=\"finalimg\" src=\"https:\/\/www.losreplicantes.com\/images\/f\/2700\/2720-f7.jpg\" alt=\"Parque natural del Saja-Besaya\" width=\"2500\" height=\"1563\" \/><\/picture>\nParque pure del Saja-Besaya Wikimedia Commons<\/p>\n<\/div>\n<p>Situado en la zona centro-occidental de Cantabria, es el parque de mayor extensi\u00f3n de la Comunidad Aut\u00f3noma, ocupando una superficie de 24.500 hect\u00e1reas. En el territorio del Saja-Besaya hay \u00fanico n\u00facleo urbano: B\u00e1rcena Mayor, que es un soberbio<strong> ejemplo de la arquitectura monta\u00f1esa<\/strong>; emboscado y rec\u00f3ndito, ha conservado en el tiempo sus caracter\u00edsticas de anta\u00f1o.<\/p>\n<p>El resto de la geograf\u00eda del parque viene caracterizada por profundos valles, que han ido excavando todos los r\u00edos de la crimson fluvial del Saja y del Besaya.<\/p>\n<h4><b>3<\/b> Lastres (Asturias)<\/h4>\n<div class=\"imgdes lqip\"><picture class=\"big\"><img decoding=\"async\" class=\"finalimg\" src=\"https:\/\/www.losreplicantes.com\/images\/f\/2700\/2717-f7.jpg\" alt=\"Lastres\" width=\"2500\" height=\"1875\" \/><\/picture>\nQue Asturias est\u00e1 llena de pueblos con encanto no es ning\u00fan secreto, pero uno de los mejores para pasar el verano es Lastres. Ubicado en lo alto de una colina, este<strong> peque\u00f1o pueblo de menos de 2.000 habitantes<\/strong> se descubre como una sucesi\u00f3n de calles estrechas y empedradas con<strong> palacios y casas blasonadas <\/strong>que se entremezclan con las viviendas m\u00e1s sencillos de los <strong>pescadores<\/strong>, y todo ba\u00f1ado por la brisa marina del Cant\u00e1brico.<\/p>\n<\/div>\n<p>Famoso en tiempos de la <strong>pesca de la ballena<\/strong>, en su puerto presenciar\u00e1s la <strong>subasta del marisco y el pescado<\/strong> de la lonja, que luego podr\u00e1s degustar en las sidrer\u00edas y restaurantes del casco viejo.<\/p>\n<p>Adem\u00e1s, en su playa podr\u00e1s ver aut\u00e9nticas<strong> huellas de dinosaurio<\/strong>, y si subes a lo alto de la colina, al Mirador de San Roque, disfrutar\u00e1s de una panor\u00e1mica impresionante, con el pueblo, sus playas y, al fondo, la Sierra del Sueve y los Picos de Europa. Sencillamente inolvidable.<\/p>\n<h4><b>4<\/b> Altea<\/h4>\n<div class=\"imgdes lqip\">\n<picture class=\"big\"><img decoding=\"async\" class=\"finalimg\" src=\"https:\/\/www.losreplicantes.com\/images\/f\/2700\/2718-f7.jpg\" alt=\"Altea de noche\" width=\"2500\" height=\"1667\" \/><\/picture>\n<picture class=\"small\"><source srcset=\"https:\/\/www.losreplicantes.com\/images\/f\/2700\/2718-blur.avif\" type=\"image\/avif\" \/><\/picture>\n<picture class=\"small\"><\/picture>\nAltea de noche Wikimedia Commons<\/p>\n<\/div>\n<p>Ya se sabe que Benidorm (Alicante) es un buen destino si buscas ocio y buen tiempo a partes iguales. Pero si deseas <strong>huir del bullicio <\/strong>solo tienes que <strong>bordear la monta\u00f1a <\/strong>que separa esta ciudad de la bella Altea. \u00bfQu\u00e9 te vas a encontrar all\u00ed? Un remanso de paz, un pueblo en el que el tiempo parece haberse detenido y el estr\u00e9s no tiene cabida.<\/p>\n<p>Esta peque\u00f1a ciudad destaca por su <strong>curiosa arquitectura<\/strong>: casas de paredes blancas que reflejan la luz con intensidad y calles adoquinadas. Sin duda, es un lugar perfecto para que <strong>disfrutes del mar Mediterr\u00e1neo y experimentes nuevos sabores en sus m\u00faltiples bares de tapas<\/strong>.<\/p>\n<h4><b>5<\/b> Los Ca\u00f1ones del Sil<\/h4>\n<div class=\"imgdes lqip\"><picture class=\"big\"><source class=\"bigavif\" type=\"image\/avif\" media=\"(min-width: 750px)\" data-srcset=\"https:\/\/www.losreplicantes.com\/images\/f\/2700\/2751-f1.avif 2500w, https:\/\/www.losreplicantes.com\/images\/f\/2700\/2751-f2.avif 2000w, https:\/\/www.losreplicantes.com\/images\/f\/2700\/2751-f3.avif 1500w, https:\/\/www.losreplicantes.com\/images\/f\/2700\/2751-f4.avif 1250w,\thttps:\/\/www.losreplicantes.com\/images\/f\/2700\/2751-f5.avif 1000w\" \/><\/picture>\n<picture class=\"big\"><img decoding=\"async\" class=\"finalimg\" src=\"https:\/\/www.losreplicantes.com\/images\/f\/2700\/2751-f7.jpg\" alt=\"C\u00e1nons do Sil\" width=\"2500\" height=\"1667\" \/><\/picture>\n<picture class=\"small\"><source srcset=\"https:\/\/www.losreplicantes.com\/images\/f\/2700\/2751-blur.avif\" type=\"image\/avif\" \/><\/picture>\nC\u00e1nons do Sil Turismo Galicia<\/p>\n<\/div>\n<p>La Ribeira Sacra y los ca\u00f1ones del Sil son uno de los <strong>tesoros que hay que ver en Galicia<\/strong>. La Ribeira Sacra es una zona que comprende las cuencas de los r\u00edos Mi\u00f1o, Sil y Cabe.<\/p>\n<p>El ca\u00f1\u00f3n del Sil es una garganta excavada por el r\u00edo Sil poco antes de unirse al r\u00edo Mi\u00f1o. Su presencia es imponente: hasta <strong>500 metros de desnivel en algunos puntos<\/strong>. Lo perfect por estas tierras es tener un coche y hacer una ruta para exprimir al m\u00e1ximo todo lo que tiene que ofrecer<\/p>\n<p>El tiempo recomendable para visitar la Ribeira Sacra ser\u00eda de unos 2 d\u00edas y medio o 3 d\u00edas. Todas las rutas de los ca\u00f1ones del Sil es recomendable hacerlas en verano para tener el mayor n\u00famero de horas de sol disponibles, a pesar de arriesgare a las altas temperaturas.<\/p>\n<h4><b>6<\/b> El pozo azul (Burgos)<\/h4>\n<div class=\"imgdes lqip\">\n<picture class=\"big\"><source class=\"bigjpg\" type=\"image\/jpg\" media=\"(max-width: 749px)\" data-srcset=\"https:\/\/www.losreplicantes.com\/images\/f\/2700\/2752-f6.jpg 750w, https:\/\/www.losreplicantes.com\/images\/f\/2700\/2752-f7.jpg 500w, https:\/\/www.losreplicantes.com\/images\/f\/2700\/2752-f8.jpg 300w, https:\/\/www.losreplicantes.com\/images\/f\/2700\/2752-f9.jpg 200w\" \/><\/picture>\n<picture class=\"big\"><img decoding=\"async\" class=\"finalimg\" src=\"https:\/\/www.losreplicantes.com\/images\/f\/2700\/2752-f7.jpg\" alt=\"Pozo azul\" width=\"2500\" height=\"1875\" \/><\/picture>\n<picture class=\"small\"><source srcset=\"https:\/\/www.losreplicantes.com\/images\/f\/2700\/2752-blur.avif\" type=\"image\/avif\" \/><\/picture>\n<picture class=\"small\"><\/picture>\nPozo azul Wikimedia<\/p>\n<\/div>\n<p>En Covanera, una localidad de Burgos, en medio de la frondosa vegetaci\u00f3n encontramos una calita que llama la atenci\u00f3n por su <strong>agua cristalina<\/strong>: el Pozo Azul. Un manantial que vierte sus fr\u00edas aguas est\u00e1n entre los 9 y 11 grados-al r\u00edo Rudr\u00f3n y una perla para el buceo espa\u00f1ol.<\/p>\n<p>En sus profundidades cuenta con una cueva con galer\u00edas subterr\u00e1neas que se sumerge bajo la monta\u00f1a. Hasta el momento, los<strong> espele\u00f3logos experimentados han recorrido hasta 13 km de t\u00fanel <\/strong>y se cube, aunque no est\u00e1 comprobado todav\u00eda, que es la <strong>cueva submarina m\u00e1s larga de Espa\u00f1a.<\/strong><\/p>\n<p>Los d\u00edas previos a Navidad, desde hace m\u00e1s de 16 a\u00f1os, los vecinos tambi\u00e9n acuden hasta el manantial para presenciar c\u00f3mo los buzos del membership de buceo Delf\u00edn Burgos se sumergen para <strong>depositar en las profundidades el tradicional bel\u00e9n. <\/strong><\/p>\n<p>La zona es virgen, por lo que no cuenta con servicios ni salvamento. El ba\u00f1o es seguro, aunque <strong>no lo es intentar llegar a la cueva<\/strong>. Eso solo es para espele\u00f3logos experimentados.<\/p>\n<\/div>\n\n<p><em> &#8221; Fuentes www.losreplicantes.com &#8221; <\/em><\/p>\n","protected":false},"excerpt":{"rendered":"<p>El momento de elegir destino de vacaciones para este verano est\u00e1 llegando a los viajeros m\u00e1s rezagados, y puede que la raz\u00f3n por la que hayan esperado tanto para este momento es que prefieren un lugar que no est\u00e9 de moda, es decir, sin turistas. Es algo que parece complicado porque Espa\u00f1a est\u00e1 llena de [&hellip;]<\/p>\n","protected":false},"author":4,"featured_media":329896,"comment_status":"open","ping_status":"closed","sticky":false,"template":"","format":"standard","meta":{"om_disable_all_campaigns":false,"jnews-multi-image_gallery":[],"jnews_single_post":{"source_name":"","source_url":"","via_name":"","via_url":"","override_template":"0","override":[{"template":"1","single_blog_custom":"","parallax":"1","fullscreen":"1","layout":"right-sidebar","sidebar":"default-sidebar","second_sidebar":"default-sidebar","sticky_sidebar":"1","share_position":"top","share_float_style":"share-monocrhome","show_share_counter":"1","show_view_counter":"1","show_featured":"1","show_post_meta":"1","show_post_author":"1","show_post_author_image":"1","show_post_date":"1","post_date_format":"default","post_date_format_custom":"Y\/m\/d","show_post_category":"1","show_post_reading_time":"0","post_reading_time_wpm":"300","show_zoom_button":"0","zoom_button_out_step":"2","zoom_button_in_step":"3","show_post_tag":"1","show_prev_next_post":"1","show_popup_post":"1","number_popup_post":"1","show_author_box":"0","show_post_related":"0","show_inline_post_related":"0"}],"override_image_size":"0","image_override":[{"single_post_thumbnail_size":"crop-500","single_post_gallery_size":"crop-500"}],"trending_post":"0","trending_post_position":"meta","trending_post_label":"Trending","sponsored_post":"0","sponsored_post_label":"Sponsored by","sponsored_post_name":"","sponsored_post_url":"","sponsored_post_logo_enable":"0","sponsored_post_logo":"","sponsored_post_desc":"","disable_ad":"0"},"jnews_primary_category":{"id":""},"jnews_social_meta":{"fb_title":"","fb_description":"","fb_image":"","twitter_title":"","twitter_description":"","twitter_image":""},"footnotes":""},"categories":[39],"tags":[770,8632],"class_list":["post-329814","post","type-post","status-publish","format-standard","has-post-thumbnail","hentry","category-viajes","tag-espana","tag-vacacionar"],"_links":{"self":[{"href":"https:\/\/dimensionturistica.com\/es\/wp-json\/wp\/v2\/posts\/329814","targetHints":{"allow":["GET"]}}],"collection":[{"href":"https:\/\/dimensionturistica.com\/es\/wp-json\/wp\/v2\/posts"}],"about":[{"href":"https:\/\/dimensionturistica.com\/es\/wp-json\/wp\/v2\/types\/post"}],"author":[{"embeddable":true,"href":"https:\/\/dimensionturistica.com\/es\/wp-json\/wp\/v2\/users\/4"}],"replies":[{"embeddable":true,"href":"https:\/\/dimensionturistica.com\/es\/wp-json\/wp\/v2\/comments?post=329814"}],"version-history":[{"count":0,"href":"https:\/\/dimensionturistica.com\/es\/wp-json\/wp\/v2\/posts\/329814\/revisions"}],"wp:featuredmedia":[{"embeddable":true,"href":"https:\/\/dimensionturistica.com\/es\/wp-json\/wp\/v2\/media\/329896"}],"wp:attachment":[{"href":"https:\/\/dimensionturistica.com\/es\/wp-json\/wp\/v2\/media?parent=329814"}],"wp:term":[{"taxonomy":"category","embeddable":true,"href":"https:\/\/dimensionturistica.com\/es\/wp-json\/wp\/v2\/categories?post=329814"},{"taxonomy":"post_tag","embeddable":true,"href":"https:\/\/dimensionturistica.com\/es\/wp-json\/wp\/v2\/tags?post=329814"}],"curies":[{"name":"wp","href":"https:\/\/api.w.org\/{rel}","templated":true}]}}