{"id":329494,"date":"2022-06-10T18:31:34","date_gmt":"2022-06-10T18:31:34","guid":{"rendered":"https:\/\/dimensionturistica.com\/es\/?p=329494"},"modified":"2022-06-10T18:31:34","modified_gmt":"2022-06-10T18:31:34","slug":"pricetravel-holding-principal-impulsor-del-turismo-hacia-los-estados-unidos","status":"publish","type":"post","link":"https:\/\/dimensionturistica.com\/es\/pricetravel-holding-principal-impulsor-del-turismo-hacia-los-estados-unidos\/","title":{"rendered":"PriceTravel Holding, principal impulsor del turismo hacia los Estados Unidos"},"content":{"rendered":"<p><img decoding=\"async\" class=\"size-medium wp-image-329498 alignright\" src=\"https:\/\/dimensionturistica.com\/es\/wp-content\/uploads\/2022\/06\/unnamed-9-283x300.jpg\" alt=\"\" width=\"283\" height=\"300\" srcset=\"https:\/\/dimensionturistica.com\/es\/wp-content\/uploads\/2022\/06\/unnamed-9-283x300.jpg 283w, https:\/\/dimensionturistica.com\/es\/wp-content\/uploads\/2022\/06\/unnamed-9-967x1024.jpg 967w, https:\/\/dimensionturistica.com\/es\/wp-content\/uploads\/2022\/06\/unnamed-9-768x813.jpg 768w, https:\/\/dimensionturistica.com\/es\/wp-content\/uploads\/2022\/06\/unnamed-9-750x794.jpg 750w, https:\/\/dimensionturistica.com\/es\/wp-content\/uploads\/2022\/06\/unnamed-9.jpg 1074w\" sizes=\"(max-width: 283px) 100vw, 283px\" \/> PriceTravel Holding participa del 4 al 9 de junio en IPW, la feria de turismo m\u00e1s importante de los Estados Unidos, con el objetivo de consolidar negociaciones y captar nuevos negocios.<br \/>\nEl grupo tur\u00edstico contin\u00faa acelerando su negocio hacia destinos en Estados unidos, por lo que la delegaci\u00f3n que asiste, atender\u00e1 m\u00e1s de 200 citas con los principales actores de la industria; entre ellos: hoteles, agencias de viajes, oficinas de turismo, con el fin de trabajar en estrategias que potencien la distribuci\u00f3n hacia esos destinos.<br \/>\nDurante la edici\u00f3n n\u00famero 53 del IPW, el grupo tur\u00edstico vuelve a ser reconocido por U.S Travel Association y Brand USA, como principal impulsor de turismo hacia los Estados Unidos, recibiendo este importante reconocimiento durante la ceremonia anual \u201cChairman&#8217;s Circle Honors\u201d por parte del Presidente y CEO de la Asociaci\u00f3n, Roger Dow, y del Presidente y CEO de Brand USA, Christopher L. Thompson.<br \/>\n\u201cNos entusiasma mucho participar en este evento y recibir nuevamente este importante distintivo. Vemos una r\u00e1pida recuperaci\u00f3n en el mercado Latinoamericano hacia los Estados Unidos, lo cual nos impulsa a continuar reforzando nuestra estrategia de distribuci\u00f3n, a mejorar la experiencia de usuario en nuestras plataformas de venta y ofrecer el mejor contenido a los viajeros.\u201d, comenta Rafael Durand, COO de PriceTravel Holding.<br \/>\nPriceTravel Holding reporta un crecimiento en ventas hacia los Estados Unidos del 82% en los primeros cinco meses del a\u00f1o, comparado con el mismo periodo en 2021. Este crecimiento significativo fue impulsado principalmente por destinos como: Las Vegas, Orlando, Nueva York,<img decoding=\"async\" class=\"size-medium wp-image-329499 alignright\" src=\"https:\/\/dimensionturistica.com\/es\/wp-content\/uploads\/2022\/06\/unnamed-1-7-258x300.jpg\" alt=\"\" width=\"258\" height=\"300\" srcset=\"https:\/\/dimensionturistica.com\/es\/wp-content\/uploads\/2022\/06\/unnamed-1-7-258x300.jpg 258w, https:\/\/dimensionturistica.com\/es\/wp-content\/uploads\/2022\/06\/unnamed-1-7-881x1024.jpg 881w, https:\/\/dimensionturistica.com\/es\/wp-content\/uploads\/2022\/06\/unnamed-1-7-768x892.jpg 768w, https:\/\/dimensionturistica.com\/es\/wp-content\/uploads\/2022\/06\/unnamed-1-7-750x871.jpg 750w, https:\/\/dimensionturistica.com\/es\/wp-content\/uploads\/2022\/06\/unnamed-1-7-1140x1324.jpg 1140w, https:\/\/dimensionturistica.com\/es\/wp-content\/uploads\/2022\/06\/unnamed-1-7.jpg 1200w\" sizes=\"(max-width: 258px) 100vw, 258px\" \/> Miami y Los \u00c1ngeles.<br \/>\nEl Holding aprovecha tambi\u00e9n esta plataforma de negocios para reforzar su s\u00f3lida relaci\u00f3n con diversas oficinas de turismo, para lograr mayor sinergia en materia de promoci\u00f3n y as\u00ed cada vez m\u00e1s turistas puedan viajar y disfrutar de los atractivos y promociones que los destinos ofrecen.<br \/>\nPriceTravel Holding continuar\u00e1 fortaleciendo sus alianzas comerciales y realizando estrategias en conjunto, para potenciar el turismo de M\u00e9xico, Colombia y Latinoam\u00e9rica hacia los Estados Unidos a trav\u00e9s de sus diferentes unidades de negocio.<\/p>\n","protected":false},"excerpt":{"rendered":"<p>PriceTravel Holding participa del 4 al 9 de junio en IPW, la feria de turismo m\u00e1s importante de los Estados Unidos, con el objetivo de consolidar negociaciones y captar nuevos negocios. El grupo tur\u00edstico contin\u00faa acelerando su negocio hacia destinos en Estados unidos, por lo que la delegaci\u00f3n que asiste, atender\u00e1 m\u00e1s de 200 citas [&hellip;]<\/p>\n","protected":false},"author":1,"featured_media":327524,"comment_status":"open","ping_status":"closed","sticky":false,"template":"","format":"standard","meta":{"om_disable_all_campaigns":false,"jnews-multi-image_gallery":[],"jnews_single_post":{"source_name":"","source_url":"","via_name":"","via_url":"","override_template":"0","override":[{"template":"1","single_blog_custom":"","parallax":"1","fullscreen":"1","layout":"right-sidebar","sidebar":"default-sidebar","second_sidebar":"default-sidebar","sticky_sidebar":"1","share_position":"top","share_float_style":"share-monocrhome","show_share_counter":"1","show_view_counter":"1","show_featured":"1","show_post_meta":"1","show_post_author":"1","show_post_author_image":"1","show_post_date":"1","post_date_format":"default","post_date_format_custom":"Y\/m\/d","show_post_category":"1","show_post_reading_time":"0","post_reading_time_wpm":"300","show_zoom_button":"0","zoom_button_out_step":"2","zoom_button_in_step":"3","show_post_tag":"1","show_prev_next_post":"1","show_popup_post":"1","number_popup_post":"1","show_author_box":"0","show_post_related":"0","show_inline_post_related":"0"}],"override_image_size":"0","image_override":[{"single_post_thumbnail_size":"crop-500","single_post_gallery_size":"crop-500"}],"trending_post":"0","trending_post_position":"meta","trending_post_label":"Trending","sponsored_post":"0","sponsored_post_label":"Sponsored by","sponsored_post_name":"","sponsored_post_url":"","sponsored_post_logo_enable":"0","sponsored_post_logo":"","sponsored_post_desc":"","disable_ad":"0"},"jnews_primary_category":{"id":""},"jnews_social_meta":{"fb_title":"","fb_description":"","fb_image":"","twitter_title":"","twitter_description":"","twitter_image":""},"footnotes":""},"categories":[39],"tags":[],"class_list":["post-329494","post","type-post","status-publish","format-standard","has-post-thumbnail","hentry","category-viajes"],"_links":{"self":[{"href":"https:\/\/dimensionturistica.com\/es\/wp-json\/wp\/v2\/posts\/329494","targetHints":{"allow":["GET"]}}],"collection":[{"href":"https:\/\/dimensionturistica.com\/es\/wp-json\/wp\/v2\/posts"}],"about":[{"href":"https:\/\/dimensionturistica.com\/es\/wp-json\/wp\/v2\/types\/post"}],"author":[{"embeddable":true,"href":"https:\/\/dimensionturistica.com\/es\/wp-json\/wp\/v2\/users\/1"}],"replies":[{"embeddable":true,"href":"https:\/\/dimensionturistica.com\/es\/wp-json\/wp\/v2\/comments?post=329494"}],"version-history":[{"count":0,"href":"https:\/\/dimensionturistica.com\/es\/wp-json\/wp\/v2\/posts\/329494\/revisions"}],"wp:featuredmedia":[{"embeddable":true,"href":"https:\/\/dimensionturistica.com\/es\/wp-json\/wp\/v2\/media\/327524"}],"wp:attachment":[{"href":"https:\/\/dimensionturistica.com\/es\/wp-json\/wp\/v2\/media?parent=329494"}],"wp:term":[{"taxonomy":"category","embeddable":true,"href":"https:\/\/dimensionturistica.com\/es\/wp-json\/wp\/v2\/categories?post=329494"},{"taxonomy":"post_tag","embeddable":true,"href":"https:\/\/dimensionturistica.com\/es\/wp-json\/wp\/v2\/tags?post=329494"}],"curies":[{"name":"wp","href":"https:\/\/api.w.org\/{rel}","templated":true}]}}