{"id":329271,"date":"2022-06-10T17:53:47","date_gmt":"2022-06-10T17:53:47","guid":{"rendered":"https:\/\/dimensionturistica.com\/es\/?p=329271"},"modified":"2022-06-10T17:54:53","modified_gmt":"2022-06-10T17:54:53","slug":"afinan-detalles-de-la-edicion-33-de-la-fenal-el-encuentro-literario-por-excelencia-del-bajio-en-su-vuelta-a-la-presencialidad","status":"publish","type":"post","link":"https:\/\/dimensionturistica.com\/es\/afinan-detalles-de-la-edicion-33-de-la-fenal-el-encuentro-literario-por-excelencia-del-bajio-en-su-vuelta-a-la-presencialidad\/","title":{"rendered":"Afinan detalles de la edici\u00f3n 33 de la Fenal, el encuentro literario por excelencia del Baj\u00edo, en su vuelta a la presencialidad"},"content":{"rendered":"<p><img decoding=\"async\" class=\"size-medium wp-image-329444 alignright\" src=\"https:\/\/dimensionturistica.com\/es\/wp-content\/uploads\/2022\/06\/Alex-Toledo_Cortesia-Penguin-Random-House-240x300.jpg\" alt=\"\" width=\"240\" height=\"300\" srcset=\"https:\/\/dimensionturistica.com\/es\/wp-content\/uploads\/2022\/06\/Alex-Toledo_Cortesia-Penguin-Random-House-240x300.jpg 240w, https:\/\/dimensionturistica.com\/es\/wp-content\/uploads\/2022\/06\/Alex-Toledo_Cortesia-Penguin-Random-House.jpg 567w\" sizes=\"(max-width: 240px) 100vw, 240px\" \/>La 33 Feria Nacional del Libro de Le\u00f3n (Fenal) se llevar\u00e1 a cabo del 1 al 8 de julio de 2022, en el Poliforum Le\u00f3n, en Guanajuato, sede a la que regresa tras dos a\u00f1os de ausencia a causa de las medidas derivadas de la pandemia de Covid-19, periodo en el que tuvieron lugar una edici\u00f3n digital y otra h\u00edbrida, por lo que ahora vuelve de lleno a la presencialidad con m\u00e1s de un centenar de actividades de fomento a la lectura, todas gratuitas.<br \/>\n\u201cLa Fenal es pr\u00e1cticamente \u00fanica en la regi\u00f3n (&#8230;) En esta ocasi\u00f3n vamos a<img decoding=\"async\" class=\"size-medium wp-image-329448 alignright\" src=\"https:\/\/dimensionturistica.com\/es\/wp-content\/uploads\/2022\/06\/Antonio-Malpica-1_Cortesia-Oceano-200x300.jpg\" alt=\"\" width=\"200\" height=\"300\" srcset=\"https:\/\/dimensionturistica.com\/es\/wp-content\/uploads\/2022\/06\/Antonio-Malpica-1_Cortesia-Oceano-200x300.jpg 200w, https:\/\/dimensionturistica.com\/es\/wp-content\/uploads\/2022\/06\/Antonio-Malpica-1_Cortesia-Oceano.jpg 583w\" sizes=\"(max-width: 200px) 100vw, 200px\" \/> recibir a m\u00e1s de 100 editoriales, las m\u00e1s importantes de M\u00e9xico, tendremos artistas nacionales e internacionales, y m\u00e1s de 35 talleres\u201d, dijo Mario M\u00e9ndez, director del Instituto Cultural de Le\u00f3n, sobre la trascendencia de esta feria en el Baj\u00edo al concentrar gran n\u00famero de asistentes, expositores, presentaciones, premiaciones, conferencias y actividades art\u00edsticas.<br \/>\nA lo largo de los ocho d\u00edas que durar\u00e1 el encuentro, se presentar\u00e1n libros como Frankie. Una novela con monstruos y panqueques, de Antonio Malpica; Hidalgo. La otra historia, de Jos\u00e9 Luis Trueba; Antes de dejarte ir, de Alex Toledo; \u00daltimos d\u00edas de<img decoding=\"async\" class=\"size-medium wp-image-329451 alignright\" src=\"https:\/\/dimensionturistica.com\/es\/wp-content\/uploads\/2022\/06\/Frankie-portada_Cortesia-Oceano-189x300.jpg\" alt=\"\" width=\"189\" height=\"300\" srcset=\"https:\/\/dimensionturistica.com\/es\/wp-content\/uploads\/2022\/06\/Frankie-portada_Cortesia-Oceano-189x300.jpg 189w, https:\/\/dimensionturistica.com\/es\/wp-content\/uploads\/2022\/06\/Frankie-portada_Cortesia-Oceano.jpg 583w\" sizes=\"(max-width: 189px) 100vw, 189px\" \/> mis padres, de M\u00f3nica Lav\u00edn; N\u00f3madas, de Imanol Caneyada; C\u00f3mo curar un coraz\u00f3n roto, de Gaby P\u00e9rez Islas, bestseller que cumple 10 a\u00f1os de su primera edici\u00f3n; El amor en los tiempos del like, de Romina Sacre, y M\u00e1s all\u00e1 del sobrepeso, de Anamar Orihuela.<br \/>\nUna \u00edntima comprensi\u00f3n sobre la manera en la que Jos\u00e9 Alfredo Jim\u00e9nez, cantautor guanajuatense, ve\u00eda y entend\u00eda el mundo qued\u00f3 plasmada en Cuando te hablen de amor y de ilusiones, libro escrito por Paloma Jim\u00e9nez G\u00e1lvez, hija de quien es considerado uno de los m\u00e1ximos representantes de la cultura popular mexicana, cuya presentaci\u00f3n contar\u00e1 con la participaci\u00f3n de un ensamble musical en vivo, el s\u00e1bado 2 de julio, a las 18 horas.<img decoding=\"async\" class=\"size-medium wp-image-329452 alignright\" src=\"https:\/\/dimensionturistica.com\/es\/wp-content\/uploads\/2022\/06\/Imanol-Caneyada-Cortesia-FCE-300x169.jpg\" alt=\"\" width=\"300\" height=\"169\" srcset=\"https:\/\/dimensionturistica.com\/es\/wp-content\/uploads\/2022\/06\/Imanol-Caneyada-Cortesia-FCE-300x169.jpg 300w, https:\/\/dimensionturistica.com\/es\/wp-content\/uploads\/2022\/06\/Imanol-Caneyada-Cortesia-FCE.jpg 567w\" sizes=\"(max-width: 300px) 100vw, 300px\" \/><br \/>\nForman parte del programa editorial los ciclos \u201cCiencia, tecnolog\u00eda e innovaci\u00f3n\u201d, donde se abordar\u00e1n las narrativas y el dise\u00f1o de aprendizaje transmedia; \u201cComunidad: Participaci\u00f3n, identidad y disidencia\u201d, que incluye el conversatorio dedicado a juventudes sitiadas y resistencias afectivas, y \u201cTerror y<img decoding=\"async\" class=\"size-medium wp-image-329454 alignright\" src=\"https:\/\/dimensionturistica.com\/es\/wp-content\/uploads\/2022\/06\/Jose-Luis-Trueba-Lara_Cortesia-Oceano-218x300.jpg\" alt=\"\" width=\"218\" height=\"300\" srcset=\"https:\/\/dimensionturistica.com\/es\/wp-content\/uploads\/2022\/06\/Jose-Luis-Trueba-Lara_Cortesia-Oceano-218x300.jpg 218w, https:\/\/dimensionturistica.com\/es\/wp-content\/uploads\/2022\/06\/Jose-Luis-Trueba-Lara_Cortesia-Oceano-745x1024.jpg 745w, https:\/\/dimensionturistica.com\/es\/wp-content\/uploads\/2022\/06\/Jose-Luis-Trueba-Lara_Cortesia-Oceano-750x1031.jpg 750w, https:\/\/dimensionturistica.com\/es\/wp-content\/uploads\/2022\/06\/Jose-Luis-Trueba-Lara_Cortesia-Oceano.jpg 756w\" sizes=\"(max-width: 218px) 100vw, 218px\" \/> fantas\u00eda\u201d, con la charla entre Alberto Chimal y Bef y la presentaci\u00f3n de la novela de Malpica, entre otras actividades.<br \/>\nEl salvadore\u00f1o \u00d3scar Mart\u00ednez hablar\u00e1 sobre Los muertos y el periodista, libro que surgi\u00f3 tras cubrir 13 a\u00f1os la violencia en M\u00e9xico y Centroam\u00e9rica para El Faro, medio de comunicaci\u00f3n de su pa\u00eds que se ha destacado por su mirada cr\u00edtica. Entre la cr\u00f3nica y el ensayo, este texto versa tambi\u00e9n sobre los riesgos, la \u00e9tica y la necesidad del oficio de periodista, teniendo como historia central el asesinato de tres de sus fuentes: Rudy, Hebert y Wito.<br \/>\nSobre un crimen ocurrido hace 400 a\u00f1os trata La joya robada, que tiene como protagonista a un Don Quijote detectivesco en esta mezcla entre novela policiaca e historia de caballer\u00edas con un tono par\u00f3dico que<img decoding=\"async\" class=\"size-medium wp-image-329455 alignright\" src=\"https:\/\/dimensionturistica.com\/es\/wp-content\/uploads\/2022\/06\/Karen-Villeda-Cortesia-FCE-300x169.jpg\" alt=\"\" width=\"300\" height=\"169\" srcset=\"https:\/\/dimensionturistica.com\/es\/wp-content\/uploads\/2022\/06\/Karen-Villeda-Cortesia-FCE-300x169.jpg 300w, https:\/\/dimensionturistica.com\/es\/wp-content\/uploads\/2022\/06\/Karen-Villeda-Cortesia-FCE.jpg 567w\" sizes=\"(max-width: 300px) 100vw, 300px\" \/> mueve a la risa, pero que contiene reflexiones contundentes sobretemas vigentes y de actualidad como el abuso sexual, reconoce su autor, Elik G. Troconis.<br \/>\nCon este libro, en el que aparecen 16 personajes creados por Cervantes, Troconis (Ciudad de M\u00e9xico, 1995) obtuvo el XIV Premio Nacional de Literatura para J\u00f3venes Fenal-Norma, que le ser\u00e1 entregado el domingo 3 de julio, a las 13 horas, en el Patio de los Cuentos.<br \/>\n\u201cEs una puerta para volver al cl\u00e1sico de la lengua castellana y leerlo desde nuestros valores contempor\u00e1neos, como son la apertura y el respeto hacia las diferentes formas de existir y vivir\u201d, explica el historiador y escritor, quien decidi\u00f3 mantener rasgos del habla cervantina y a la vez hacerla asequible al p\u00fablico lector de hoy en la voz de Don Quijote.<br \/>\nEl tambi\u00e9n autor de Asesino por religi\u00f3n y Tama\u00f1o realidad se suma con<img decoding=\"async\" class=\"size-medium wp-image-329456 alignright\" src=\"https:\/\/dimensionturistica.com\/es\/wp-content\/uploads\/2022\/06\/Monica-Jimenez-Rojas-directora-de-Desarrollo-Artistico-y-Cultural-del-ICL--300x200.jpg\" alt=\"\" width=\"300\" height=\"200\" srcset=\"https:\/\/dimensionturistica.com\/es\/wp-content\/uploads\/2022\/06\/Monica-Jimenez-Rojas-directora-de-Desarrollo-Artistico-y-Cultural-del-ICL--300x200.jpg 300w, https:\/\/dimensionturistica.com\/es\/wp-content\/uploads\/2022\/06\/Monica-Jimenez-Rojas-directora-de-Desarrollo-Artistico-y-Cultural-del-ICL-.jpg 567w\" sizes=\"(max-width: 300px) 100vw, 300px\" \/> este reconocimiento a los 13 escritores que, a partir del 2009, han creado obras afines a los j\u00f3venes mexicanos para atraerlos a la lectura, objetivo del Instituto Cultural de Le\u00f3n y la editorial Norma al lanzar este premio nacional, el cual consiste en un monto econ\u00f3mico de 100 mil pesos m\u00e1s la publicaci\u00f3n de la obra.<br \/>\nVania Bachur, Alberto Villarreal, Raquel Castro, Karen Villeda, Alex Toledo,<img decoding=\"async\" class=\"size-medium wp-image-329459 alignright\" src=\"https:\/\/dimensionturistica.com\/es\/wp-content\/uploads\/2022\/06\/Monica-Lavin-Foto-Paul-Brauns-200x300.jpg\" alt=\"\" width=\"200\" height=\"300\" srcset=\"https:\/\/dimensionturistica.com\/es\/wp-content\/uploads\/2022\/06\/Monica-Lavin-Foto-Paul-Brauns-200x300.jpg 200w, https:\/\/dimensionturistica.com\/es\/wp-content\/uploads\/2022\/06\/Monica-Lavin-Foto-Paul-Brauns.jpg 583w\" sizes=\"(max-width: 200px) 100vw, 200px\" \/> Alejandro Rosas, Francisco Javier Gonz\u00e1lez, Pedro J. Fern\u00e1ndez, Mariana Palova, Morris Berman, Jaime Alfonso Sandoval, Icela Lagunas, Dahlia de la Cerda, Evelyn Moreno, Hiram Ruvalcaba, Aura Garc\u00eda Junco e Isabel Revuelta Poo, incluyendo al cantante sonorense Caloncho, son autores que tendr\u00e1n presencia en la Fenal.<br \/>\nEn el marco de la edici\u00f3n 33 de la Feria Nacional del Libro de Le\u00f3n se entregar\u00e1 el Reconocimiento Compromiso con las Letras a Luz de Lourdes Arena de Orozco, quien hace m\u00e1s de 25 a\u00f1os lleva a zonas marginadas posibilidades de aprendizaje y desarrollo, fundando as\u00ed Imagina Biblioteca Infantil, A.C., asociaci\u00f3n cuyo objetivo es ser un espacio para que ni\u00f1as y ni\u00f1os pongan en pr\u00e1ctica la lectura y participen en talleres educativos, art\u00edsticos y culturales.<br \/>\nAmaranta Caballero, Silvana Santib\u00e1\u00f1ez y Flor de Mar\u00eda Gonz\u00e1lez celebrar\u00e1n el centenario del natalicio de la poeta guanajuatense Margarita Paz Paredes, como parte del relanzamiento del libro Litoral del tiempo a cargo de Ediciones La Rana.<br \/>\nEl programa de la Fenal, que en esta edici\u00f3n tiene una inversi\u00f3n<img decoding=\"async\" class=\"size-medium wp-image-329461 alignright\" src=\"https:\/\/dimensionturistica.com\/es\/wp-content\/uploads\/2022\/06\/Rueda-de-Prensa-Fenal-33-CDMX-1-300x179.jpg\" alt=\"\" width=\"300\" height=\"179\" srcset=\"https:\/\/dimensionturistica.com\/es\/wp-content\/uploads\/2022\/06\/Rueda-de-Prensa-Fenal-33-CDMX-1-300x179.jpg 300w, https:\/\/dimensionturistica.com\/es\/wp-content\/uploads\/2022\/06\/Rueda-de-Prensa-Fenal-33-CDMX-1.jpg 567w\" sizes=\"(max-width: 300px) 100vw, 300px\" \/> municipal de 7.4 millones de pesos, abarca del 1 al 8 de julio de 2022, en el Poliforum Le\u00f3n, espect\u00e1culos de artes esc\u00e9nicas de compa\u00f1\u00edas y creadores locales, seleccionados por convocatoria, entre los que se encuentran Moebius Teatro Clown; L\u00edquido Colectivo, Colectivo M\u00ednimo Cuerpo y Teatro Andante, el Ensamble Felipe Villanueva, Huitla, Ensamble A Tempo y Rodrigo Mata, y un montaje multidisciplinar a cargo de Bernardo Govea.<br \/>\n\u201cPara nosotros, no solamente se trata de vender libros y de brindar una oferta art\u00edstica, sino de fomentar la lectura y contribuir a la reparaci\u00f3n de los da\u00f1os en el tejido social al brindarles a los j\u00f3venes una perspectiva de esparcimiento sano\u201d, afirm\u00f3 Mario M\u00e9ndez.<br \/>\nCon el \u00e1nimo de diversificar a\u00fan m\u00e1s el programa, en la Fenal se ofrecer\u00e1n m\u00e1s de 10 talleres desarrollados bajo el tema \u201cDetectives literarios\u201d para diferentes grupos de edades: de 3 a 6 a\u00f1os, de 6 a 9, 9 a 12, y de 18 a\u00f1os en adelante. Esos talleres, indic\u00f3 el director del Instituto<br \/>\nCultural de Le\u00f3n, fueron dise\u00f1ados para los \u00e1mbitos infantiles y juveniles, pues la Fenal, en gran parte, atiende al p\u00fablico de las escuelas.<br \/>\nNo faltar\u00e1 el Encuentro de Promotores de Lectura, que Fenal y Fundaci\u00f3n SM realizan, bajo el t\u00edtulo \u2018Leer en comunidad\u2019, el 7 y 8 de julio en el Auditorio Jorge Ibarg\u00fcengoitia. La conferencia de apertura estar\u00e1 a cargo de Emilio Lome, quien est\u00e1 especializado en literatura infantil y juvenil. Lecturas que iluminan&amp;quot; es el t\u00edtulo de la ponencia que ofrecer\u00e1 el escritor Antonio<br \/>\nMalpica, mientras que la editora Andrea Fuentes impartir\u00e1 el taller &amp;quot;Hacer libros-inventar universos&amp;quot;, con el cual busca involucrar a los lectores como creadores.<br \/>\nEl encuentro cierra con el taller \u00bfC\u00f3mo crear monstruos?&amp;quot;, donde el poeta Luis Eduardo Garc\u00eda dar\u00e1 herramientas para que los ni\u00f1os tengan una perspectiva m\u00e1s fresca, imaginativa, din\u00e1mica y divertida de la poes\u00eda.<\/p>\n","protected":false},"excerpt":{"rendered":"<p>La 33 Feria Nacional del Libro de Le\u00f3n (Fenal) se llevar\u00e1 a cabo del 1 al 8 de julio de 2022, en el Poliforum Le\u00f3n, en Guanajuato, sede a la que regresa tras dos a\u00f1os de ausencia a causa de las medidas derivadas de la pandemia de Covid-19, periodo en el que tuvieron lugar una [&hellip;]<\/p>\n","protected":false},"author":1,"featured_media":329450,"comment_status":"open","ping_status":"closed","sticky":false,"template":"","format":"standard","meta":{"om_disable_all_campaigns":false,"jnews-multi-image_gallery":[],"jnews_single_post":{"source_name":"","source_url":"","via_name":"","via_url":"","override_template":"0","override":[{"template":"1","single_blog_custom":"","parallax":"1","fullscreen":"1","layout":"right-sidebar","sidebar":"default-sidebar","second_sidebar":"default-sidebar","sticky_sidebar":"1","share_position":"top","share_float_style":"share-monocrhome","show_share_counter":"1","show_view_counter":"1","show_featured":"1","show_post_meta":"1","show_post_author":"1","show_post_author_image":"1","show_post_date":"1","post_date_format":"default","post_date_format_custom":"Y\/m\/d","show_post_category":"1","show_post_reading_time":"0","post_reading_time_wpm":"300","show_zoom_button":"0","zoom_button_out_step":"2","zoom_button_in_step":"3","show_post_tag":"1","show_prev_next_post":"1","show_popup_post":"1","number_popup_post":"1","show_author_box":"0","show_post_related":"0","show_inline_post_related":"0"}],"override_image_size":"0","image_override":[{"single_post_thumbnail_size":"crop-500","single_post_gallery_size":"crop-500"}],"trending_post":"0","trending_post_position":"meta","trending_post_label":"Trending","sponsored_post":"0","sponsored_post_label":"Sponsored by","sponsored_post_name":"","sponsored_post_url":"","sponsored_post_logo_enable":"0","sponsored_post_logo":"","sponsored_post_desc":"","disable_ad":"0"},"jnews_primary_category":{"id":""},"jnews_social_meta":{"fb_title":"","fb_description":"","fb_image":"","twitter_title":"","twitter_description":"","twitter_image":""},"footnotes":""},"categories":[40],"tags":[],"class_list":["post-329271","post","type-post","status-publish","format-standard","has-post-thumbnail","hentry","category-industria"],"_links":{"self":[{"href":"https:\/\/dimensionturistica.com\/es\/wp-json\/wp\/v2\/posts\/329271","targetHints":{"allow":["GET"]}}],"collection":[{"href":"https:\/\/dimensionturistica.com\/es\/wp-json\/wp\/v2\/posts"}],"about":[{"href":"https:\/\/dimensionturistica.com\/es\/wp-json\/wp\/v2\/types\/post"}],"author":[{"embeddable":true,"href":"https:\/\/dimensionturistica.com\/es\/wp-json\/wp\/v2\/users\/1"}],"replies":[{"embeddable":true,"href":"https:\/\/dimensionturistica.com\/es\/wp-json\/wp\/v2\/comments?post=329271"}],"version-history":[{"count":0,"href":"https:\/\/dimensionturistica.com\/es\/wp-json\/wp\/v2\/posts\/329271\/revisions"}],"wp:featuredmedia":[{"embeddable":true,"href":"https:\/\/dimensionturistica.com\/es\/wp-json\/wp\/v2\/media\/329450"}],"wp:attachment":[{"href":"https:\/\/dimensionturistica.com\/es\/wp-json\/wp\/v2\/media?parent=329271"}],"wp:term":[{"taxonomy":"category","embeddable":true,"href":"https:\/\/dimensionturistica.com\/es\/wp-json\/wp\/v2\/categories?post=329271"},{"taxonomy":"post_tag","embeddable":true,"href":"https:\/\/dimensionturistica.com\/es\/wp-json\/wp\/v2\/tags?post=329271"}],"curies":[{"name":"wp","href":"https:\/\/api.w.org\/{rel}","templated":true}]}}