{"id":329214,"date":"2022-06-10T14:12:13","date_gmt":"2022-06-10T14:12:13","guid":{"rendered":"https:\/\/dimensionturistica.com\/es\/?p=329214"},"modified":"2022-06-10T14:12:13","modified_gmt":"2022-06-10T14:12:13","slug":"presentan-plan-para-la-rehabilitacion-del-teleferico-grutas-de-garcia","status":"publish","type":"post","link":"https:\/\/dimensionturistica.com\/es\/presentan-plan-para-la-rehabilitacion-del-teleferico-grutas-de-garcia\/","title":{"rendered":"Presentan plan para la rehabilitaci\u00f3n del Telef\u00e9rico Grutas de Garcia"},"content":{"rendered":"<p><img decoding=\"async\" class=\"size-medium wp-image-329230 alignright\" src=\"https:\/\/dimensionturistica.com\/es\/wp-content\/uploads\/2022\/06\/2022_0607_11413900-300x200.jpg\" alt=\"\" width=\"300\" height=\"200\" srcset=\"https:\/\/dimensionturistica.com\/es\/wp-content\/uploads\/2022\/06\/2022_0607_11413900-300x200.jpg 300w, https:\/\/dimensionturistica.com\/es\/wp-content\/uploads\/2022\/06\/2022_0607_11413900-1024x683.jpg 1024w, https:\/\/dimensionturistica.com\/es\/wp-content\/uploads\/2022\/06\/2022_0607_11413900-768x512.jpg 768w, https:\/\/dimensionturistica.com\/es\/wp-content\/uploads\/2022\/06\/2022_0607_11413900-1536x1024.jpg 1536w, https:\/\/dimensionturistica.com\/es\/wp-content\/uploads\/2022\/06\/2022_0607_11413900-750x500.jpg 750w, https:\/\/dimensionturistica.com\/es\/wp-content\/uploads\/2022\/06\/2022_0607_11413900-1140x760.jpg 1140w, https:\/\/dimensionturistica.com\/es\/wp-content\/uploads\/2022\/06\/2022_0607_11413900.jpg 1776w\" sizes=\"(max-width: 300px) 100vw, 300px\" \/>El Gobierno de Nuevo Le\u00f3n, a trav\u00e9s de la Secretar\u00eda de Turismo dio a conocer el plan de trabajo para la reparaci\u00f3n, rehabilitaci\u00f3n y mantenimiento mayor del telef\u00e9rico Grutas de Garc\u00eda, con el objetivo de ponerlo en operaci\u00f3n.<br \/>\nPara este prop\u00f3sito se plante\u00f3 la necesidad al Ejecutivo del Estado de la suficiencia presupuestal necesaria, obteniendo respuesta favorable.<img decoding=\"async\" class=\"size-medium wp-image-329231 alignright\" src=\"https:\/\/dimensionturistica.com\/es\/wp-content\/uploads\/2022\/06\/2022_0607_11415700-300x200.jpg\" alt=\"\" width=\"300\" height=\"200\" srcset=\"https:\/\/dimensionturistica.com\/es\/wp-content\/uploads\/2022\/06\/2022_0607_11415700-300x200.jpg 300w, https:\/\/dimensionturistica.com\/es\/wp-content\/uploads\/2022\/06\/2022_0607_11415700-1024x683.jpg 1024w, https:\/\/dimensionturistica.com\/es\/wp-content\/uploads\/2022\/06\/2022_0607_11415700-768x512.jpg 768w, https:\/\/dimensionturistica.com\/es\/wp-content\/uploads\/2022\/06\/2022_0607_11415700-1536x1024.jpg 1536w, https:\/\/dimensionturistica.com\/es\/wp-content\/uploads\/2022\/06\/2022_0607_11415700-750x500.jpg 750w, https:\/\/dimensionturistica.com\/es\/wp-content\/uploads\/2022\/06\/2022_0607_11415700-1140x760.jpg 1140w, https:\/\/dimensionturistica.com\/es\/wp-content\/uploads\/2022\/06\/2022_0607_11415700.jpg 1776w\" sizes=\"(max-width: 300px) 100vw, 300px\" \/><br \/>\nEn ese sentido se estudiaron algunas alternativas para reactivar las condiciones \u00f3ptimas del acceso a la gruta, siendo la m\u00e1s viable la reparaci\u00f3n, rehabilitaci\u00f3n y mantenimiento mayor del telef\u00e9rico actual.<br \/>\nAdem\u00e1s, se elabor\u00f3 una ruta cr\u00edtica junto con el especialista del fabricante para la realizaci\u00f3n de los trabajos de mantenimiento mayor respectivos.<img decoding=\"async\" class=\"size-medium wp-image-329235 alignright\" src=\"https:\/\/dimensionturistica.com\/es\/wp-content\/uploads\/2022\/06\/2022_0607_11443900-300x200.jpg\" alt=\"\" width=\"300\" height=\"200\" srcset=\"https:\/\/dimensionturistica.com\/es\/wp-content\/uploads\/2022\/06\/2022_0607_11443900-300x200.jpg 300w, https:\/\/dimensionturistica.com\/es\/wp-content\/uploads\/2022\/06\/2022_0607_11443900-1024x683.jpg 1024w, https:\/\/dimensionturistica.com\/es\/wp-content\/uploads\/2022\/06\/2022_0607_11443900-768x512.jpg 768w, https:\/\/dimensionturistica.com\/es\/wp-content\/uploads\/2022\/06\/2022_0607_11443900-1536x1024.jpg 1536w, https:\/\/dimensionturistica.com\/es\/wp-content\/uploads\/2022\/06\/2022_0607_11443900-750x500.jpg 750w, https:\/\/dimensionturistica.com\/es\/wp-content\/uploads\/2022\/06\/2022_0607_11443900-1140x760.jpg 1140w, https:\/\/dimensionturistica.com\/es\/wp-content\/uploads\/2022\/06\/2022_0607_11443900.jpg 1776w\" sizes=\"(max-width: 300px) 100vw, 300px\" \/><br \/>\nEn este proceso se contact\u00f3 al fabricante y se solicit\u00f3 una inspecci\u00f3n de las condiciones generales del telef\u00e9rico. Derivado de la revisi\u00f3n del fabricante \u00e9ste concluye que el telef\u00e9rico no cumple con las condiciones m\u00ednimas para operar de manera segura.<br \/>\nPor este motivo y para salvaguardar la seguridad de los visitantes y<img decoding=\"async\" class=\"size-medium wp-image-329236 alignright\" src=\"https:\/\/dimensionturistica.com\/es\/wp-content\/uploads\/2022\/06\/2022_0607_11425200-300x200.jpg\" alt=\"\" width=\"300\" height=\"200\" srcset=\"https:\/\/dimensionturistica.com\/es\/wp-content\/uploads\/2022\/06\/2022_0607_11425200-300x200.jpg 300w, https:\/\/dimensionturistica.com\/es\/wp-content\/uploads\/2022\/06\/2022_0607_11425200-1024x683.jpg 1024w, https:\/\/dimensionturistica.com\/es\/wp-content\/uploads\/2022\/06\/2022_0607_11425200-768x512.jpg 768w, https:\/\/dimensionturistica.com\/es\/wp-content\/uploads\/2022\/06\/2022_0607_11425200-1536x1024.jpg 1536w, https:\/\/dimensionturistica.com\/es\/wp-content\/uploads\/2022\/06\/2022_0607_11425200-750x500.jpg 750w, https:\/\/dimensionturistica.com\/es\/wp-content\/uploads\/2022\/06\/2022_0607_11425200-1140x760.jpg 1140w, https:\/\/dimensionturistica.com\/es\/wp-content\/uploads\/2022\/06\/2022_0607_11425200.jpg 1776w\" sizes=\"(max-width: 300px) 100vw, 300px\" \/> trabajadores del parque Grutas de Garc\u00eda, se decide parar la operaci\u00f3n del telef\u00e9rico hasta no tener las condiciones \u00f3ptimas y de seguridad m\u00ednimas requeridas.<br \/>\nLa distribuci\u00f3n de las semanas de trabajo ser\u00e1 llevada de la siguiente manera:<br \/>\nSemana 1 a la 25: Env\u00edo de refacciones y herramientas especializadas para reparaciones varias, adem\u00e1s de traslados de especialistas a sitios de da\u00f1os.<br \/>\nSemana 26: Aseguramiento del veh\u00edculo en estaci\u00f3n superior, remoci\u00f3n de sujeciones y desmontaje de cable tractor usado.<img decoding=\"async\" class=\"size-medium wp-image-329237 alignright\" src=\"https:\/\/dimensionturistica.com\/es\/wp-content\/uploads\/2022\/06\/2022_0607_11455800-300x200.jpg\" alt=\"\" width=\"300\" height=\"200\" srcset=\"https:\/\/dimensionturistica.com\/es\/wp-content\/uploads\/2022\/06\/2022_0607_11455800-300x200.jpg 300w, https:\/\/dimensionturistica.com\/es\/wp-content\/uploads\/2022\/06\/2022_0607_11455800-1024x683.jpg 1024w, https:\/\/dimensionturistica.com\/es\/wp-content\/uploads\/2022\/06\/2022_0607_11455800-768x512.jpg 768w, https:\/\/dimensionturistica.com\/es\/wp-content\/uploads\/2022\/06\/2022_0607_11455800-1536x1024.jpg 1536w, https:\/\/dimensionturistica.com\/es\/wp-content\/uploads\/2022\/06\/2022_0607_11455800-750x500.jpg 750w, https:\/\/dimensionturistica.com\/es\/wp-content\/uploads\/2022\/06\/2022_0607_11455800-1140x760.jpg 1140w, https:\/\/dimensionturistica.com\/es\/wp-content\/uploads\/2022\/06\/2022_0607_11455800.jpg 1776w\" sizes=\"(max-width: 300px) 100vw, 300px\" \/><br \/>\nSemana 23 a la 25: Pruebas de rutina y mantenimiento, conexi\u00f3n y ajustes sistema de control remoto, configuraciones debidas y comprobaciones t\u00e9cnicas el\u00e9ctricas.<br \/>\nSemana 23 a la 38: Servicio a unidad hidr\u00e1ulica de freno principal, <img decoding=\"async\" class=\"size-medium wp-image-329238 alignleft\" src=\"https:\/\/dimensionturistica.com\/es\/wp-content\/uploads\/2022\/06\/2022_0607_11481700-200x300.jpg\" alt=\"\" width=\"200\" height=\"300\" srcset=\"https:\/\/dimensionturistica.com\/es\/wp-content\/uploads\/2022\/06\/2022_0607_11481700-200x300.jpg 200w, https:\/\/dimensionturistica.com\/es\/wp-content\/uploads\/2022\/06\/2022_0607_11481700-683x1024.jpg 683w, https:\/\/dimensionturistica.com\/es\/wp-content\/uploads\/2022\/06\/2022_0607_11481700-768x1152.jpg 768w, https:\/\/dimensionturistica.com\/es\/wp-content\/uploads\/2022\/06\/2022_0607_11481700-1024x1536.jpg 1024w, https:\/\/dimensionturistica.com\/es\/wp-content\/uploads\/2022\/06\/2022_0607_11481700-750x1125.jpg 750w, https:\/\/dimensionturistica.com\/es\/wp-content\/uploads\/2022\/06\/2022_0607_11481700-1140x1710.jpg 1140w, https:\/\/dimensionturistica.com\/es\/wp-content\/uploads\/2022\/06\/2022_0607_11481700-rotated.jpg 1184w\" sizes=\"(max-width: 200px) 100vw, 200px\" \/>revisi\u00f3n de freno de servicio y sustituci\u00f3n de mangueras hidr\u00e1ulicas.<br \/>\nSemana 38: Cambio de rodamientos, sellos y revestimiento: entrega de reportes de actividades.<br \/>\nSe estima concluir con todos los trabajos para la reparaci\u00f3n, rehabilitaci\u00f3n y mantenimiento mayor del telef\u00e9rico Grutas de Garc\u00eda en un periodo de 38 semanas, con un costo global aproximado de 28 millones de pesos.<br \/>\nEn dicha visita estuvieron integrantes del Patronato de las Grutas de Garc\u00eda; el alcalde, Carlos Alberto Guevara; Jes\u00fas Nader, presidente de la Asociaci\u00f3n de Hoteles; y funcionarios de la administraci\u00f3n municipal.<\/p>\n","protected":false},"excerpt":{"rendered":"<p>El Gobierno de Nuevo Le\u00f3n, a trav\u00e9s de la Secretar\u00eda de Turismo dio a conocer el plan de trabajo para la reparaci\u00f3n, rehabilitaci\u00f3n y mantenimiento mayor del telef\u00e9rico Grutas de Garc\u00eda, con el objetivo de ponerlo en operaci\u00f3n. Para este prop\u00f3sito se plante\u00f3 la necesidad al Ejecutivo del Estado de la suficiencia presupuestal necesaria, obteniendo [&hellip;]<\/p>\n","protected":false},"author":1,"featured_media":329233,"comment_status":"open","ping_status":"closed","sticky":false,"template":"","format":"standard","meta":{"om_disable_all_campaigns":false,"jnews-multi-image_gallery":[],"jnews_single_post":{"source_name":"","source_url":"","via_name":"","via_url":"","override_template":"0","override":[{"template":"1","single_blog_custom":"","parallax":"1","fullscreen":"1","layout":"right-sidebar","sidebar":"default-sidebar","second_sidebar":"default-sidebar","sticky_sidebar":"1","share_position":"top","share_float_style":"share-monocrhome","show_share_counter":"1","show_view_counter":"1","show_featured":"1","show_post_meta":"1","show_post_author":"1","show_post_author_image":"1","show_post_date":"1","post_date_format":"default","post_date_format_custom":"Y\/m\/d","show_post_category":"1","show_post_reading_time":"0","post_reading_time_wpm":"300","show_zoom_button":"0","zoom_button_out_step":"2","zoom_button_in_step":"3","show_post_tag":"1","show_prev_next_post":"1","show_popup_post":"1","number_popup_post":"1","show_author_box":"0","show_post_related":"0","show_inline_post_related":"0"}],"override_image_size":"0","image_override":[{"single_post_thumbnail_size":"crop-500","single_post_gallery_size":"crop-500"}],"trending_post":"0","trending_post_position":"meta","trending_post_label":"Trending","sponsored_post":"0","sponsored_post_label":"Sponsored by","sponsored_post_name":"","sponsored_post_url":"","sponsored_post_logo_enable":"0","sponsored_post_logo":"","sponsored_post_desc":"","disable_ad":"0"},"jnews_primary_category":{"id":""},"jnews_social_meta":{"fb_title":"","fb_description":"","fb_image":"","twitter_title":"","twitter_description":"","twitter_image":""},"footnotes":""},"categories":[40],"tags":[],"class_list":["post-329214","post","type-post","status-publish","format-standard","has-post-thumbnail","hentry","category-industria"],"_links":{"self":[{"href":"https:\/\/dimensionturistica.com\/es\/wp-json\/wp\/v2\/posts\/329214","targetHints":{"allow":["GET"]}}],"collection":[{"href":"https:\/\/dimensionturistica.com\/es\/wp-json\/wp\/v2\/posts"}],"about":[{"href":"https:\/\/dimensionturistica.com\/es\/wp-json\/wp\/v2\/types\/post"}],"author":[{"embeddable":true,"href":"https:\/\/dimensionturistica.com\/es\/wp-json\/wp\/v2\/users\/1"}],"replies":[{"embeddable":true,"href":"https:\/\/dimensionturistica.com\/es\/wp-json\/wp\/v2\/comments?post=329214"}],"version-history":[{"count":0,"href":"https:\/\/dimensionturistica.com\/es\/wp-json\/wp\/v2\/posts\/329214\/revisions"}],"wp:featuredmedia":[{"embeddable":true,"href":"https:\/\/dimensionturistica.com\/es\/wp-json\/wp\/v2\/media\/329233"}],"wp:attachment":[{"href":"https:\/\/dimensionturistica.com\/es\/wp-json\/wp\/v2\/media?parent=329214"}],"wp:term":[{"taxonomy":"category","embeddable":true,"href":"https:\/\/dimensionturistica.com\/es\/wp-json\/wp\/v2\/categories?post=329214"},{"taxonomy":"post_tag","embeddable":true,"href":"https:\/\/dimensionturistica.com\/es\/wp-json\/wp\/v2\/tags?post=329214"}],"curies":[{"name":"wp","href":"https:\/\/api.w.org\/{rel}","templated":true}]}}