{"id":329179,"date":"2022-06-10T13:40:42","date_gmt":"2022-06-10T13:40:42","guid":{"rendered":"https:\/\/dimensionturistica.com\/es\/?p=329179"},"modified":"2022-06-10T13:40:42","modified_gmt":"2022-06-10T13:40:42","slug":"cancun-y-acapulco-entre-los-destinos-preferidos-de-los-viajeros-de-best-day-durante-la-ultima-edicion-del-hot-sale","status":"publish","type":"post","link":"https:\/\/dimensionturistica.com\/es\/cancun-y-acapulco-entre-los-destinos-preferidos-de-los-viajeros-de-best-day-durante-la-ultima-edicion-del-hot-sale\/","title":{"rendered":"Canc\u00fan y Acapulco, entre los destinos preferidos de los viajeros de Best Day durante la \u00faltima edici\u00f3n del Hot Sale"},"content":{"rendered":"<p>Best Day la empresa de viajes online m\u00e1s importante de M\u00e9xico, particip\u00f3 exitosamente en el Hot Sale 2022, con ofertas \u00fanicas, que incluyeron descuentos, bonificaciones y cupones especiales.<br \/>\nEntre los destinos m\u00e1s elegidos se posicionaron Canc\u00fan, Playa del Carmen y Riviera Maya en el Caribe y Acapulco, Puerto Vallarta, Mazatl\u00e1n, Los Cabos y Huatulco en el Pac\u00edfico.<img decoding=\"async\" class=\"alignnone size-medium wp-image-329196\" src=\"https:\/\/dimensionturistica.com\/es\/wp-content\/uploads\/2022\/06\/acapulco-300x154.jpg\" alt=\"\" width=\"300\" height=\"154\" srcset=\"https:\/\/dimensionturistica.com\/es\/wp-content\/uploads\/2022\/06\/acapulco-300x154.jpg 300w, https:\/\/dimensionturistica.com\/es\/wp-content\/uploads\/2022\/06\/acapulco.jpg 322w\" sizes=\"(max-width: 300px) 100vw, 300px\" \/><br \/>\nEste evento, coordinado por la Asociaci\u00f3n Mexicana de Ventas Online (AMVO), se llev\u00f3 a cabo del 23 al 31 de mayo, con el objetivo de estimular el comercio electr\u00f3nico en M\u00e9xico, lo que incluye el impulso a la industria de los viajes y el turismo.<br \/>\n\u201cEn Best Day estamos muy contentos con los resultados de esta nueva edici\u00f3n del Hot Sale. Observamos como tendencia que los viajeros optaron por viajar en familia, en el periodo de verano, en grupos de 4 personas y con una estad\u00eda promedio de 5 d\u00edas.\u201d,<br \/>\ncoment\u00f3 Santiago Elijovich, Vicepresidente de Best Day.<br \/>\nCabe destacar que, a trav\u00e9s de diversas din\u00e1micas, los viajeros tuvieron la oportunidad de elegir entre cientos de destinos, desde la comodidad de una computadora o un celular, en las islas de plazas comerciales o por medio del call center de Best Day.<br \/>\nCabe hacer menci\u00f3n que las Islas de Best Day, ubicadas en los principales centros comerciales del pa\u00eds, fueron otro canal que reflej\u00f3 un importante crecimiento. La demanda aument\u00f3 un 50% en comparaci\u00f3n con el Hot Sale del a\u00f1o pasado.<br \/>\nEn l\u00ednea con su compromiso de crear experiencias \u00fanicas para todos los viajeros, Best Day contin\u00faa con una firme estrategia de consolidaci\u00f3n y crecimiento, refrendando su liderazgo en M\u00e9xico y garantizando la experiencia m\u00e1s confiable en viajes.<\/p>\n","protected":false},"excerpt":{"rendered":"<p>Best Day la empresa de viajes online m\u00e1s importante de M\u00e9xico, particip\u00f3 exitosamente en el Hot Sale 2022, con ofertas \u00fanicas, que incluyeron descuentos, bonificaciones y cupones especiales. Entre los destinos m\u00e1s elegidos se posicionaron Canc\u00fan, Playa del Carmen y Riviera Maya en el Caribe y Acapulco, Puerto Vallarta, Mazatl\u00e1n, Los Cabos y Huatulco en [&hellip;]<\/p>\n","protected":false},"author":1,"featured_media":329195,"comment_status":"open","ping_status":"closed","sticky":false,"template":"","format":"standard","meta":{"om_disable_all_campaigns":false,"jnews-multi-image_gallery":[],"jnews_single_post":{"source_name":"","source_url":"","via_name":"","via_url":"","override_template":"0","override":[{"template":"1","single_blog_custom":"","parallax":"1","fullscreen":"1","layout":"right-sidebar","sidebar":"default-sidebar","second_sidebar":"default-sidebar","sticky_sidebar":"1","share_position":"top","share_float_style":"share-monocrhome","show_share_counter":"1","show_view_counter":"1","show_featured":"1","show_post_meta":"1","show_post_author":"1","show_post_author_image":"1","show_post_date":"1","post_date_format":"default","post_date_format_custom":"Y\/m\/d","show_post_category":"1","show_post_reading_time":"0","post_reading_time_wpm":"300","show_zoom_button":"0","zoom_button_out_step":"2","zoom_button_in_step":"3","show_post_tag":"1","show_prev_next_post":"1","show_popup_post":"1","number_popup_post":"1","show_author_box":"0","show_post_related":"0","show_inline_post_related":"0"}],"override_image_size":"0","image_override":[{"single_post_thumbnail_size":"crop-500","single_post_gallery_size":"crop-500"}],"trending_post":"0","trending_post_position":"meta","trending_post_label":"Trending","sponsored_post":"0","sponsored_post_label":"Sponsored by","sponsored_post_name":"","sponsored_post_url":"","sponsored_post_logo_enable":"0","sponsored_post_logo":"","sponsored_post_desc":"","disable_ad":"0"},"jnews_primary_category":{"id":""},"jnews_social_meta":{"fb_title":"","fb_description":"","fb_image":"","twitter_title":"","twitter_description":"","twitter_image":""},"footnotes":""},"categories":[39],"tags":[],"class_list":["post-329179","post","type-post","status-publish","format-standard","has-post-thumbnail","hentry","category-viajes"],"_links":{"self":[{"href":"https:\/\/dimensionturistica.com\/es\/wp-json\/wp\/v2\/posts\/329179","targetHints":{"allow":["GET"]}}],"collection":[{"href":"https:\/\/dimensionturistica.com\/es\/wp-json\/wp\/v2\/posts"}],"about":[{"href":"https:\/\/dimensionturistica.com\/es\/wp-json\/wp\/v2\/types\/post"}],"author":[{"embeddable":true,"href":"https:\/\/dimensionturistica.com\/es\/wp-json\/wp\/v2\/users\/1"}],"replies":[{"embeddable":true,"href":"https:\/\/dimensionturistica.com\/es\/wp-json\/wp\/v2\/comments?post=329179"}],"version-history":[{"count":0,"href":"https:\/\/dimensionturistica.com\/es\/wp-json\/wp\/v2\/posts\/329179\/revisions"}],"wp:featuredmedia":[{"embeddable":true,"href":"https:\/\/dimensionturistica.com\/es\/wp-json\/wp\/v2\/media\/329195"}],"wp:attachment":[{"href":"https:\/\/dimensionturistica.com\/es\/wp-json\/wp\/v2\/media?parent=329179"}],"wp:term":[{"taxonomy":"category","embeddable":true,"href":"https:\/\/dimensionturistica.com\/es\/wp-json\/wp\/v2\/categories?post=329179"},{"taxonomy":"post_tag","embeddable":true,"href":"https:\/\/dimensionturistica.com\/es\/wp-json\/wp\/v2\/tags?post=329179"}],"curies":[{"name":"wp","href":"https:\/\/api.w.org\/{rel}","templated":true}]}}