{"id":329116,"date":"2022-06-10T10:39:41","date_gmt":"2022-06-10T10:39:41","guid":{"rendered":"https:\/\/dimensionturistica.com\/es\/?p=329116"},"modified":"2022-06-10T19:23:33","modified_gmt":"2022-06-10T19:23:33","slug":"organizan-viajes-en-autobus-desde-valencia-para-participar-en-la-manifestacion-en-defensa-de-la-vida-en-madrid","status":"publish","type":"post","link":"https:\/\/dimensionturistica.com\/es\/organizan-viajes-en-autobus-desde-valencia-para-participar-en-la-manifestacion-en-defensa-de-la-vida-en-madrid\/","title":{"rendered":"Organizan viajes en autob\u00fas desde Valencia para participar en la manifestaci\u00f3n en defensa de la vida en Madrid"},"content":{"rendered":"<p>La Asociaci\u00f3n Valenciana para la Defensa de la Vida-Provida ha organizado viajes en autob\u00fas a Madrid desde Valencia para participar en la \u201cManifestaci\u00f3n en Defensa de la Vida y la Verdad\u201d que tendr\u00e1 lugar el domingo 26 de junio, a las 12 horas, en contra de las nuevas leyes del aborto y la eutanasia.<\/p>\n<div id=\"post-text\">\n<p>Como en anteriores convocatorias de manifestaciones en defensa de la vida, \u201cnuestra asociaci\u00f3n organiza estos viajes para facilitar que todo aquel que pueda y quiera, se una a nosotros y podamos ir juntos a Madrid para sumar esfuerzos\u201d, indican desde Provida Valencia.<\/p>\n<p>La salida de los autobuses que se fleten tendr\u00e1 lugar el mismo d\u00eda 26 de junio, a las 6:15 horas, desde la Plaza de Zaragoza (inicio de la Avda. Arag\u00f3n).<\/p>\n<p>Se puede reservar plaza enviando un mensaje a trav\u00e9s de WhatsApp al 660 808 653, de lunes a viernes, de 9 a 13 horas. La fecha l\u00edmite para inscribirse en estos viajes es el 23 de junio y el coste es de 17 euros por persona. Para m\u00e1s informaci\u00f3n, las personas interesadas pueden llamar al tel\u00e9fono 96 320 12 58.<\/p>\n<p>La manifestaci\u00f3n del 26 de junio en Madrid ha sido convocada por la\u00a0Asamblea por la Vida, la Libertad y la Dignidad\u00a0(integrada por 150 asociaciones), la plataforma\u00a0NEOS\u00a0y la plataforma\u00a0Cada Vida Importa.<\/p>\n<p>La finalidad de esta protesta es \u201cdefender la vida humana y la dignidad inherente a la misma en todas sus etapas, desde la concepci\u00f3n hasta la muerte natural. Por esta decisiva raz\u00f3n y apelando a esa dignidad, nos oponemos a la regulaci\u00f3n jur\u00eddica actual sobre al aborto, la eutanasia, el suicidio asistido, la experimentaci\u00f3n con embriones humanos y todo atentado contra la protecci\u00f3n de la vida humana\u201d, explica el manifiesto con el que se convoca la manifestaci\u00f3n.<\/p>\n<\/div>\n<p><em> &#8221; Fuentes www.elperiodic.com &#8221; <\/em><\/p>\n","protected":false},"excerpt":{"rendered":"<p>La Asociaci\u00f3n Valenciana para la Defensa de la Vida-Provida ha organizado viajes en autob\u00fas a Madrid desde Valencia para participar en la \u201cManifestaci\u00f3n en Defensa de la Vida y la Verdad\u201d que tendr\u00e1 lugar el domingo 26 de junio, a las 12 horas, en contra de las nuevas leyes del aborto y la eutanasia. Como [&hellip;]<\/p>\n","protected":false},"author":4,"featured_media":329528,"comment_status":"open","ping_status":"closed","sticky":false,"template":"","format":"standard","meta":{"om_disable_all_campaigns":false,"jnews-multi-image_gallery":[],"jnews_single_post":{"source_name":"","source_url":"","via_name":"","via_url":"","override_template":"0","override":[{"template":"1","single_blog_custom":"","parallax":"1","fullscreen":"1","layout":"right-sidebar","sidebar":"default-sidebar","second_sidebar":"default-sidebar","sticky_sidebar":"1","share_position":"top","share_float_style":"share-monocrhome","show_share_counter":"1","show_view_counter":"1","show_featured":"1","show_post_meta":"1","show_post_author":"1","show_post_author_image":"1","show_post_date":"1","post_date_format":"default","post_date_format_custom":"Y\/m\/d","show_post_category":"1","show_post_reading_time":"0","post_reading_time_wpm":"300","show_zoom_button":"0","zoom_button_out_step":"2","zoom_button_in_step":"3","show_post_tag":"1","show_prev_next_post":"1","show_popup_post":"1","number_popup_post":"1","show_author_box":"0","show_post_related":"0","show_inline_post_related":"0"}],"override_image_size":"0","image_override":[{"single_post_thumbnail_size":"crop-500","single_post_gallery_size":"crop-500"}],"trending_post":"0","trending_post_position":"meta","trending_post_label":"Trending","sponsored_post":"0","sponsored_post_label":"Sponsored by","sponsored_post_name":"","sponsored_post_url":"","sponsored_post_logo_enable":"0","sponsored_post_logo":"","sponsored_post_desc":"","disable_ad":"0"},"jnews_primary_category":{"id":""},"jnews_social_meta":{"fb_title":"","fb_description":"","fb_image":"","twitter_title":"","twitter_description":"","twitter_image":""},"footnotes":""},"categories":[40],"tags":[700,46922,2769],"class_list":["post-329116","post","type-post","status-publish","format-standard","has-post-thumbnail","hentry","category-industria","tag-madrid","tag-pro-vida","tag-valencia"],"_links":{"self":[{"href":"https:\/\/dimensionturistica.com\/es\/wp-json\/wp\/v2\/posts\/329116","targetHints":{"allow":["GET"]}}],"collection":[{"href":"https:\/\/dimensionturistica.com\/es\/wp-json\/wp\/v2\/posts"}],"about":[{"href":"https:\/\/dimensionturistica.com\/es\/wp-json\/wp\/v2\/types\/post"}],"author":[{"embeddable":true,"href":"https:\/\/dimensionturistica.com\/es\/wp-json\/wp\/v2\/users\/4"}],"replies":[{"embeddable":true,"href":"https:\/\/dimensionturistica.com\/es\/wp-json\/wp\/v2\/comments?post=329116"}],"version-history":[{"count":0,"href":"https:\/\/dimensionturistica.com\/es\/wp-json\/wp\/v2\/posts\/329116\/revisions"}],"wp:featuredmedia":[{"embeddable":true,"href":"https:\/\/dimensionturistica.com\/es\/wp-json\/wp\/v2\/media\/329528"}],"wp:attachment":[{"href":"https:\/\/dimensionturistica.com\/es\/wp-json\/wp\/v2\/media?parent=329116"}],"wp:term":[{"taxonomy":"category","embeddable":true,"href":"https:\/\/dimensionturistica.com\/es\/wp-json\/wp\/v2\/categories?post=329116"},{"taxonomy":"post_tag","embeddable":true,"href":"https:\/\/dimensionturistica.com\/es\/wp-json\/wp\/v2\/tags?post=329116"}],"curies":[{"name":"wp","href":"https:\/\/api.w.org\/{rel}","templated":true}]}}