{"id":328860,"date":"2022-06-09T22:36:57","date_gmt":"2022-06-09T22:36:57","guid":{"rendered":"https:\/\/dimensionturistica.com\/es\/?p=328860"},"modified":"2022-06-09T22:36:57","modified_gmt":"2022-06-09T22:36:57","slug":"se-inauguro-la-septima-edicion-del-smart-city-expo-latam-congress-2022-en-merida-yucatan","status":"publish","type":"post","link":"https:\/\/dimensionturistica.com\/es\/se-inauguro-la-septima-edicion-del-smart-city-expo-latam-congress-2022-en-merida-yucatan\/","title":{"rendered":"Se inauguro la s\u00e9ptima edici\u00f3n del Smart City Expo Latam Congress 2022 en M\u00e9rida, Yucat\u00e1n"},"content":{"rendered":"<p>Esta ma\u00f1ana, en punto de las 09:00 horas se cort\u00f3 el list\u00f3n inaugural para dar inicio con las actividades de la s\u00e9ptima edici\u00f3n Smart City Expo Latam Congress 2022 en el Centro de Convenciones Siglo XXI. El Presidium se conform\u00f3 por el C. Gobernador de Yucat\u00e1n, Mauricio Vila Dosal, H\u00e9ctor Rodr\u00edguez Ortiz, Ren\u00e1n Alberto Barrera, Presidente Municipal de M\u00e9rida, Elkin Vel\u00e1squez, Representante Regional ONU-H\u00e1bitat para Am\u00e9rica Latina y El Caribe, Claudia Garc\u00eda Loboguerrero; Ricard Zapatero, CEO Fira Barcelona Internacional, Pilar Conesa, Curadora de Smart City Expo World Congress y Smart City Expo Latam Congress, Manuel Redondo, Presidente de Fira Barcelona M\u00e9xico y Pilar Mart\u00ednez, Directora General de Fira Barcelona M\u00e9xico.<br \/>\nEl gobernador de Yucat\u00e1n, Mauricio Vila Dosa, destac\u00f3 la importancia del Smart City Expo Latam Congress para la entidad y destac\u00f3 la presencia de m\u00e1s de 100 alcaldes de M\u00e9xico, Brasil, Colombia, Argentina, Chile, Costa Rica, Guatemala, Bolivia, Rep\u00fablica Dominicana y otros<img decoding=\"async\" class=\" wp-image-328865 alignright\" src=\"https:\/\/dimensionturistica.com\/es\/wp-content\/uploads\/2022\/06\/Inauguracion-SCELC-2022-300x169.jpeg\" alt=\"\" width=\"375\" height=\"211\" srcset=\"https:\/\/dimensionturistica.com\/es\/wp-content\/uploads\/2022\/06\/Inauguracion-SCELC-2022-300x169.jpeg 300w, https:\/\/dimensionturistica.com\/es\/wp-content\/uploads\/2022\/06\/Inauguracion-SCELC-2022-1024x576.jpeg 1024w, https:\/\/dimensionturistica.com\/es\/wp-content\/uploads\/2022\/06\/Inauguracion-SCELC-2022-768x432.jpeg 768w, https:\/\/dimensionturistica.com\/es\/wp-content\/uploads\/2022\/06\/Inauguracion-SCELC-2022-1536x864.jpeg 1536w, https:\/\/dimensionturistica.com\/es\/wp-content\/uploads\/2022\/06\/Inauguracion-SCELC-2022-750x422.jpeg 750w, https:\/\/dimensionturistica.com\/es\/wp-content\/uploads\/2022\/06\/Inauguracion-SCELC-2022-1140x641.jpeg 1140w, https:\/\/dimensionturistica.com\/es\/wp-content\/uploads\/2022\/06\/Inauguracion-SCELC-2022.jpeg 1599w\" sizes=\"(max-width: 375px) 100vw, 375px\" \/> pa\u00edses, as\u00ed como la participaci\u00f3n de m\u00e1s de 300 ciudades, m\u00e1s de 250 speakers y m\u00e1s de 200 empresas relacionadas con el tema de ciudades inteligentes.<br \/>\nDurante su participaci\u00f3n, Ricard Zapatero Camps, CEO de Fira Barcelona Internacional, felicit\u00f3 al estado de Yucat\u00e1n por su hospitalidad durante la s\u00e9ptima edici\u00f3n del Smart City Expo Latam Congress y que el estado tiene todas las pol\u00edticas para convertirse en Smart City (Ciudad Inteligente).<br \/>\nPor su parte, Elkin Vel\u00e1zquez, representante regional de ONU H\u00e1bitat para Am\u00e9rica Latina y el Caribe, destac\u00f3 la importancia de M\u00e9rida como centro de reuni\u00f3n de gobiernos que desean tener ciudades inteligentes. Eso manda un mensaje de esperanza, de acci\u00f3n, de impacto positivo a toda la regi\u00f3n. Agradeci\u00f3 un los grupos de l\u00edderes y lideresas que mantienen la convicci\u00f3n sobre la importancia de este encuentro presencial despu\u00e9s de la pandemia del Covid-19.<\/p>\n","protected":false},"excerpt":{"rendered":"<p>Esta ma\u00f1ana, en punto de las 09:00 horas se cort\u00f3 el list\u00f3n inaugural para dar inicio con las actividades de la s\u00e9ptima edici\u00f3n Smart City Expo Latam Congress 2022 en el Centro de Convenciones Siglo XXI. El Presidium se conform\u00f3 por el C. Gobernador de Yucat\u00e1n, Mauricio Vila Dosal, H\u00e9ctor Rodr\u00edguez Ortiz, Ren\u00e1n Alberto Barrera, [&hellip;]<\/p>\n","protected":false},"author":1,"featured_media":328864,"comment_status":"open","ping_status":"closed","sticky":false,"template":"","format":"standard","meta":{"om_disable_all_campaigns":false,"jnews-multi-image_gallery":[],"jnews_single_post":{"source_name":"","source_url":"","via_name":"","via_url":"","override_template":"0","override":[{"template":"1","single_blog_custom":"","parallax":"1","fullscreen":"1","layout":"right-sidebar","sidebar":"default-sidebar","second_sidebar":"default-sidebar","sticky_sidebar":"1","share_position":"top","share_float_style":"share-monocrhome","show_share_counter":"1","show_view_counter":"1","show_featured":"1","show_post_meta":"1","show_post_author":"1","show_post_author_image":"1","show_post_date":"1","post_date_format":"default","post_date_format_custom":"Y\/m\/d","show_post_category":"1","show_post_reading_time":"0","post_reading_time_wpm":"300","show_zoom_button":"0","zoom_button_out_step":"2","zoom_button_in_step":"3","show_post_tag":"1","show_prev_next_post":"1","show_popup_post":"1","number_popup_post":"1","show_author_box":"0","show_post_related":"0","show_inline_post_related":"0"}],"override_image_size":"0","image_override":[{"single_post_thumbnail_size":"crop-500","single_post_gallery_size":"crop-500"}],"trending_post":"0","trending_post_position":"meta","trending_post_label":"Trending","sponsored_post":"0","sponsored_post_label":"Sponsored by","sponsored_post_name":"","sponsored_post_url":"","sponsored_post_logo_enable":"0","sponsored_post_logo":"","sponsored_post_desc":"","disable_ad":"0"},"jnews_primary_category":{"id":""},"jnews_social_meta":{"fb_title":"","fb_description":"","fb_image":"","twitter_title":"","twitter_description":"","twitter_image":""},"footnotes":""},"categories":[40],"tags":[],"class_list":["post-328860","post","type-post","status-publish","format-standard","has-post-thumbnail","hentry","category-industria"],"_links":{"self":[{"href":"https:\/\/dimensionturistica.com\/es\/wp-json\/wp\/v2\/posts\/328860","targetHints":{"allow":["GET"]}}],"collection":[{"href":"https:\/\/dimensionturistica.com\/es\/wp-json\/wp\/v2\/posts"}],"about":[{"href":"https:\/\/dimensionturistica.com\/es\/wp-json\/wp\/v2\/types\/post"}],"author":[{"embeddable":true,"href":"https:\/\/dimensionturistica.com\/es\/wp-json\/wp\/v2\/users\/1"}],"replies":[{"embeddable":true,"href":"https:\/\/dimensionturistica.com\/es\/wp-json\/wp\/v2\/comments?post=328860"}],"version-history":[{"count":0,"href":"https:\/\/dimensionturistica.com\/es\/wp-json\/wp\/v2\/posts\/328860\/revisions"}],"wp:featuredmedia":[{"embeddable":true,"href":"https:\/\/dimensionturistica.com\/es\/wp-json\/wp\/v2\/media\/328864"}],"wp:attachment":[{"href":"https:\/\/dimensionturistica.com\/es\/wp-json\/wp\/v2\/media?parent=328860"}],"wp:term":[{"taxonomy":"category","embeddable":true,"href":"https:\/\/dimensionturistica.com\/es\/wp-json\/wp\/v2\/categories?post=328860"},{"taxonomy":"post_tag","embeddable":true,"href":"https:\/\/dimensionturistica.com\/es\/wp-json\/wp\/v2\/tags?post=328860"}],"curies":[{"name":"wp","href":"https:\/\/api.w.org\/{rel}","templated":true}]}}