{"id":328653,"date":"2022-06-09T17:29:47","date_gmt":"2022-06-09T17:29:47","guid":{"rendered":"https:\/\/dimensionturistica.com\/es\/?p=328653"},"modified":"2022-06-09T17:29:47","modified_gmt":"2022-06-09T17:29:47","slug":"lo-que-tienes-que-saber-del-permiso-de-viaje-que-la-union-europea-pedira-a-los-mexicanos-el-financiero","status":"publish","type":"post","link":"https:\/\/dimensionturistica.com\/es\/lo-que-tienes-que-saber-del-permiso-de-viaje-que-la-union-europea-pedira-a-los-mexicanos-el-financiero\/","title":{"rendered":"Lo que tienes que saber del permiso de viaje que la Uni\u00f3n Europea pedir\u00e1 a los mexicanos \u2013 El Financiero"},"content":{"rendered":"<p> <br \/>\n<\/p>\n<div id=\"\">\n<p class=\"default__StyledText-xb1qmn-0 cgXrXK body-paragraph\">Si est\u00e1 en tus planes viajar a Europa en el pr\u00f3ximo a\u00f1o debes saber que necesitar\u00e1s un <a rel=\"nofollow noopener\" target=\"_blank\" href=\"https:\/\/www.elfinanciero.com.mx\/mundo\/2022\/06\/08\/union-europea-permiso-especial-de-viaje-a-mexicanos-a-partir-de-mayo-de-2023\/\">permiso<\/a> para hacerlo.<\/p>\n<p class=\"default__StyledText-xb1qmn-0 cgXrXK body-paragraph\">Como parte de las medidas de seguridad implementadas por la Uni\u00f3n Europea, se solicitar\u00e1 una autorizaci\u00f3n de viaje que permitir\u00e1 a las y los viajeros mexicanos realizar visitas de hasta 90 d\u00edas dentro de un periodo de tres a\u00f1os.<\/p>\n<p class=\"default__StyledText-xb1qmn-0 cgXrXK body-paragraph\">El objetivo del permiso llamado <a rel=\"nofollow noopener\" target=\"_blank\" href=\"https:\/\/www.etiasvisa.com\/es\/requisitos-etias\/mexico\">Sistema Europeo de Informaci\u00f3n y Autorizaci\u00f3n de Viajes<\/a> (ETIAS o SEIAV, por sus siglas en espa\u00f1o) es agilizar la entrada de turistas, reforzar la seguridad fronteriza y ejercer un mayor management sobre los personas que visitan cada a\u00f1o la Uni\u00f3n Europea.<\/p>\n<p class=\"default__StyledText-xb1qmn-0 cgXrXK body-paragraph\">A partir del <b>a\u00f1o 2023<\/b>, el ETIAS o SEIAV ser\u00e1 <b>obligatorio para todos los mexicanos<\/b> que deseen visitar el \u2018viejo continente\u2019.<\/p>\n<h2 class=\"heading__StyledHeading-sc-5jxglz-0 kSxoe\">\u00bfCu\u00e1les ser\u00e1n los requisitos para el ETIAS?<\/h2>\n<p class=\"default__StyledText-xb1qmn-0 cgXrXK body-paragraph\">Para poder tramitar el permiso debes asegurarte de contar con lo siguiente:<\/p>\n<ul class=\"list__StyledUnorderedList-sc-1wwq737-2 elaPtt\">\n<li class=\"list__StyledListItem-sc-1wwq737-0 dmVxvi\">Un <b>pasaporte v\u00e1lido<\/b>, con una vigencia de al menos 6 meses, expedido en M\u00e9xico.<\/li>\n<li class=\"list__StyledListItem-sc-1wwq737-0 dmVxvi\">Una <b>tarjeta de d\u00e9bito o cr\u00e9dito<\/b> para cubrir una tarifa de <b>7 euros<\/b>.<\/li>\n<li class=\"list__StyledListItem-sc-1wwq737-0 dmVxvi\">Un <b>correo electr\u00f3nico <\/b>donde se recibir\u00e1s el permiso una vez que haya sido aprobado.<\/li>\n<\/ul>\n<h2 class=\"heading__StyledHeading-sc-5jxglz-0 kSxoe\">\u00bfC\u00f3mo tramitar el ETIAS?<\/h2>\n<p class=\"default__StyledText-xb1qmn-0 cgXrXK body-paragraph\">La autorizaci\u00f3n se obtendr\u00e1 a trav\u00e9s del llenado de una solicitud en l\u00ednea que ser\u00e1 habilitada hasta que el programa comience a operar en mayo del 2023.<\/p>\n<p class=\"default__StyledText-xb1qmn-0 cgXrXK body-paragraph\">La solicitud contendr\u00e1 un formulario que deber\u00e1s llenar con tu nombre completo, fecha de nacimiento, pa\u00eds de residencia y datos del pasaporte. Una vez cubiertos los campos necesarios, deber\u00e1s responder una serie de preguntas de seguridad y salud.<\/p>\n<article class=\"container-fluid inline-promo border border_solid border_top color_black_1\"\/>\n<hr\/>\n<p class=\"default__StyledText-xb1qmn-0 cgXrXK body-paragraph\">La solicitud ser\u00e1 aprobada en cuesti\u00f3n de minutos, salvo algunas excepciones, y se podr\u00e1 utilizar por un periodo de hasta <b>3 a\u00f1os consecutivos a partir de la fecha de emisi\u00f3n o hasta que expire el pasaporte.<\/b><\/p>\n<p class=\"default__StyledText-xb1qmn-0 cgXrXK body-paragraph\">El ETIAS est\u00e1 dise\u00f1ado para <b>viajes de turismo o negocios<\/b> de corta duraci\u00f3n que pueden llegar hasta los <b>90 d\u00edas.<\/b><\/p>\n<h2 class=\"heading__StyledHeading-sc-5jxglz-0 kSxoe\">\u00bfETIAS es una visa?<\/h2>\n<p class=\"default__StyledText-xb1qmn-0 cgXrXK body-paragraph\">Es importante aclarar que el ETIAS es una autorizaci\u00f3n de viaje y <b>no una visa<\/b>. Si buscas quedarte a trabajar, vivir o estudiar en alg\u00fan pa\u00eds europeo por m\u00e1s de 90 d\u00edas, deber\u00e1s tramitar una visa en el consulado o embajada correspondiente.<\/p>\n<h2 class=\"heading__StyledHeading-sc-5jxglz-0 kSxoe\">\u00bfETIAS es solo para mexicanos?<\/h2>\n<p class=\"default__StyledText-xb1qmn-0 cgXrXK body-paragraph\">El ETIAS no es solo para mexicanos. Los <b>ciudadanos de 60 pa\u00edses<\/b> deber\u00e1n contar con esta autorizaci\u00f3n para viajar por Europa.<\/p>\n<h2 class=\"heading__StyledHeading-sc-5jxglz-0 kSxoe\">\u00bfQu\u00e9 pa\u00edses podr\u00e1s visitar con el ETIAS?<\/h2>\n<p class=\"default__StyledText-xb1qmn-0 cgXrXK body-paragraph\">De acuerdo con la Uni\u00f3n Europea, la lista incluye a los 22 pa\u00edses del espacio Schengen, que son:<\/p>\n<ul class=\"list__StyledUnorderedList-sc-1wwq737-2 elaPtt\">\n<li class=\"list__StyledListItem-sc-1wwq737-0 dmVxvi\">Alemania<\/li>\n<li class=\"list__StyledListItem-sc-1wwq737-0 dmVxvi\">Austria<\/li>\n<li class=\"list__StyledListItem-sc-1wwq737-0 dmVxvi\">B\u00e9lgica<\/li>\n<li class=\"list__StyledListItem-sc-1wwq737-0 dmVxvi\">Dinamarca<\/li>\n<li class=\"list__StyledListItem-sc-1wwq737-0 dmVxvi\">Eslovaquia<\/li>\n<li class=\"list__StyledListItem-sc-1wwq737-0 dmVxvi\">Eslovenia<\/li>\n<li class=\"list__StyledListItem-sc-1wwq737-0 dmVxvi\">Estonia<\/li>\n<li class=\"list__StyledListItem-sc-1wwq737-0 dmVxvi\">Espa\u00f1a<\/li>\n<li class=\"list__StyledListItem-sc-1wwq737-0 dmVxvi\">Finlandia<\/li>\n<li class=\"list__StyledListItem-sc-1wwq737-0 dmVxvi\">Francia<\/li>\n<li class=\"list__StyledListItem-sc-1wwq737-0 dmVxvi\">Grecia<\/li>\n<li class=\"list__StyledListItem-sc-1wwq737-0 dmVxvi\">Hungr\u00eda<\/li>\n<li class=\"list__StyledListItem-sc-1wwq737-0 dmVxvi\">Italia<\/li>\n<li class=\"list__StyledListItem-sc-1wwq737-0 dmVxvi\">Letonia<\/li>\n<li class=\"list__StyledListItem-sc-1wwq737-0 dmVxvi\">Lituania<\/li>\n<li class=\"list__StyledListItem-sc-1wwq737-0 dmVxvi\">Luxemburgo<\/li>\n<li class=\"list__StyledListItem-sc-1wwq737-0 dmVxvi\">Malta<\/li>\n<li class=\"list__StyledListItem-sc-1wwq737-0 dmVxvi\">Pa\u00edses Bajos<\/li>\n<li class=\"list__StyledListItem-sc-1wwq737-0 dmVxvi\">Polonia<\/li>\n<li class=\"list__StyledListItem-sc-1wwq737-0 dmVxvi\">Portugal<\/li>\n<li class=\"list__StyledListItem-sc-1wwq737-0 dmVxvi\">Rep\u00fablica Checa<\/li>\n<li class=\"list__StyledListItem-sc-1wwq737-0 dmVxvi\">Suecia<\/li>\n<\/ul>\n<p class=\"default__StyledText-xb1qmn-0 cgXrXK body-paragraph\">Adem\u00e1s de cuatro pa\u00edses en proceso de uni\u00f3n al acuerdo:<\/p>\n<ul class=\"list__StyledUnorderedList-sc-1wwq737-2 elaPtt\">\n<li class=\"list__StyledListItem-sc-1wwq737-0 dmVxvi\">Bulgaria<\/li>\n<li class=\"list__StyledListItem-sc-1wwq737-0 dmVxvi\">Chipre<\/li>\n<li class=\"list__StyledListItem-sc-1wwq737-0 dmVxvi\">Croacia<\/li>\n<li class=\"list__StyledListItem-sc-1wwq737-0 dmVxvi\">Rumania<\/li>\n<\/ul>\n<div class=\"jeg_video_container jeg_video_content\"><iframe loading=\"lazy\" title=\"AMLO vs Parlamento Europeo\" width=\"500\" height=\"281\" src=\"https:\/\/www.youtube.com\/embed\/OFrLDoBLgAA?feature=oembed\" frameborder=\"0\" allow=\"accelerometer; autoplay; clipboard-write; encrypted-media; gyroscope; picture-in-picture; web-share\" referrerpolicy=\"strict-origin-when-cross-origin\" allowfullscreen><\/iframe><\/div>\n<\/div>\n\n<p><em> &#8221; Fuentes www.elfinanciero.com.mx &#8221; <\/em><\/p>\n","protected":false},"excerpt":{"rendered":"<p>Si est\u00e1 en tus planes viajar a Europa en el pr\u00f3ximo a\u00f1o debes saber que necesitar\u00e1s un permiso para hacerlo. Como parte de las medidas de seguridad implementadas por la Uni\u00f3n Europea, se solicitar\u00e1 una autorizaci\u00f3n de viaje que permitir\u00e1 a las y los viajeros mexicanos realizar visitas de hasta 90 d\u00edas dentro de un [&hellip;]<\/p>\n","protected":false},"author":4,"featured_media":328654,"comment_status":"open","ping_status":"closed","sticky":false,"template":"","format":"standard","meta":{"om_disable_all_campaigns":false,"jnews-multi-image_gallery":[],"jnews_single_post":[],"jnews_primary_category":[],"jnews_social_meta":[],"footnotes":""},"categories":[39],"tags":[38548,46857,46859,46858],"class_list":["post-328653","post","type-post","status-publish","format-standard","has-post-thumbnail","hentry","category-viajes","tag-etias","tag-permiso-para-viajar-a-europa","tag-permiso-para-viajar-a-europa-desde-mexico","tag-visa-para-europa"],"_links":{"self":[{"href":"https:\/\/dimensionturistica.com\/es\/wp-json\/wp\/v2\/posts\/328653","targetHints":{"allow":["GET"]}}],"collection":[{"href":"https:\/\/dimensionturistica.com\/es\/wp-json\/wp\/v2\/posts"}],"about":[{"href":"https:\/\/dimensionturistica.com\/es\/wp-json\/wp\/v2\/types\/post"}],"author":[{"embeddable":true,"href":"https:\/\/dimensionturistica.com\/es\/wp-json\/wp\/v2\/users\/4"}],"replies":[{"embeddable":true,"href":"https:\/\/dimensionturistica.com\/es\/wp-json\/wp\/v2\/comments?post=328653"}],"version-history":[{"count":0,"href":"https:\/\/dimensionturistica.com\/es\/wp-json\/wp\/v2\/posts\/328653\/revisions"}],"wp:featuredmedia":[{"embeddable":true,"href":"https:\/\/dimensionturistica.com\/es\/wp-json\/wp\/v2\/media\/328654"}],"wp:attachment":[{"href":"https:\/\/dimensionturistica.com\/es\/wp-json\/wp\/v2\/media?parent=328653"}],"wp:term":[{"taxonomy":"category","embeddable":true,"href":"https:\/\/dimensionturistica.com\/es\/wp-json\/wp\/v2\/categories?post=328653"},{"taxonomy":"post_tag","embeddable":true,"href":"https:\/\/dimensionturistica.com\/es\/wp-json\/wp\/v2\/tags?post=328653"}],"curies":[{"name":"wp","href":"https:\/\/api.w.org\/{rel}","templated":true}]}}