{"id":328092,"date":"2022-06-08T21:26:57","date_gmt":"2022-06-08T21:26:57","guid":{"rendered":"https:\/\/dimensionturistica.com\/es\/?p=328092"},"modified":"2022-06-08T21:26:57","modified_gmt":"2022-06-08T21:26:57","slug":"pinta-sus-calles-guadalajara-de-arcoiris-por-el-mes-del-orgullo-lgbt","status":"publish","type":"post","link":"https:\/\/dimensionturistica.com\/es\/pinta-sus-calles-guadalajara-de-arcoiris-por-el-mes-del-orgullo-lgbt\/","title":{"rendered":"Pinta sus calles Guadalajara de Arco\u00edris por el mes del orgullo LGBT+"},"content":{"rendered":"<p><img decoding=\"async\" class=\"size-medium wp-image-328097 alignright\" src=\"https:\/\/dimensionturistica.com\/es\/wp-content\/uploads\/2022\/06\/pride21147-300x200.jpg\" alt=\"\" width=\"300\" height=\"200\" srcset=\"https:\/\/dimensionturistica.com\/es\/wp-content\/uploads\/2022\/06\/pride21147-300x200.jpg 300w, https:\/\/dimensionturistica.com\/es\/wp-content\/uploads\/2022\/06\/pride21147.jpg 600w\" sizes=\"(max-width: 300px) 100vw, 300px\" \/>En marco de las celebraciones por el Mes del Orgullo y como apoyo a la comunidad LGBT+, la ciudad de Guadalajara y su Zona Metropolitana pintar\u00e1n sus calles de arco\u00edris en los cruces peatonales con la iniciativa \u201cPaso al amor\u201d.<br \/>\nAutoridades del Guadalajara Pride anunciaron que desde el 30 de mayo iniciaron los trabajos de intervenci\u00f3n en los pasos peatonales y finalizar\u00e1n la noche del 1\u00b0 de junio. Los municipios que se sumaron a la iniciativa son Guadalajara, Juanacatl\u00e1n, Tonal\u00e1, El Salto, Zapopan, Tlaquepaque, Tlajomulco, Ixtlahuac\u00e1n de los Membrillos y Zapotlanejo<br \/>\nLos seis colores presentes en las calles tapat\u00edas representan la bandera de la diversidad sexual, el estandarte que la comunidad adopt\u00f3 y representa tanto a diferentes orientaciones sexuales como a las identidades de g\u00e9nero.<br \/>\nCon este tipo de proyectos, Guadalajara contin\u00faa trabajando para fomentar la participaci\u00f3n, inclusi\u00f3n y para promover la igualdad entre sus habitantes, adem\u00e1s de consolidar a la ciudad como uno de los destinos LGBT m\u00e1s importantes de M\u00e9xico y Am\u00e9rica Latina.<br \/>\nLa Oficina de Visitantes y Convenciones de Guadalajara te invita a celebrar el Mes del Orgullo en la Perla Tapat\u00eda y a disfrutar de todas las actividades que tienen planeadas Guadalajara Pride y la Secretar\u00eda de Cultura del estado.<\/p>\n","protected":false},"excerpt":{"rendered":"<p>En marco de las celebraciones por el Mes del Orgullo y como apoyo a la comunidad LGBT+, la ciudad de Guadalajara y su Zona Metropolitana pintar\u00e1n sus calles de arco\u00edris en los cruces peatonales con la iniciativa \u201cPaso al amor\u201d. Autoridades del Guadalajara Pride anunciaron que desde el 30 de mayo iniciaron los trabajos de [&hellip;]<\/p>\n","protected":false},"author":1,"featured_media":328096,"comment_status":"open","ping_status":"closed","sticky":false,"template":"","format":"standard","meta":{"om_disable_all_campaigns":false,"jnews-multi-image_gallery":[],"jnews_single_post":{"source_name":"","source_url":"","via_name":"","via_url":"","override_template":"0","override":[{"template":"1","single_blog_custom":"","parallax":"1","fullscreen":"1","layout":"right-sidebar","sidebar":"default-sidebar","second_sidebar":"default-sidebar","sticky_sidebar":"1","share_position":"top","share_float_style":"share-monocrhome","show_share_counter":"1","show_view_counter":"1","show_featured":"1","show_post_meta":"1","show_post_author":"1","show_post_author_image":"1","show_post_date":"1","post_date_format":"default","post_date_format_custom":"Y\/m\/d","show_post_category":"1","show_post_reading_time":"0","post_reading_time_wpm":"300","show_zoom_button":"0","zoom_button_out_step":"2","zoom_button_in_step":"3","show_post_tag":"1","show_prev_next_post":"1","show_popup_post":"1","number_popup_post":"1","show_author_box":"0","show_post_related":"0","show_inline_post_related":"0"}],"override_image_size":"0","image_override":[{"single_post_thumbnail_size":"crop-500","single_post_gallery_size":"crop-500"}],"trending_post":"0","trending_post_position":"meta","trending_post_label":"Trending","sponsored_post":"0","sponsored_post_label":"Sponsored by","sponsored_post_name":"","sponsored_post_url":"","sponsored_post_logo_enable":"0","sponsored_post_logo":"","sponsored_post_desc":"","disable_ad":"0"},"jnews_primary_category":{"id":""},"jnews_social_meta":{"fb_title":"","fb_description":"","fb_image":"","twitter_title":"","twitter_description":"","twitter_image":""},"footnotes":""},"categories":[39],"tags":[],"class_list":["post-328092","post","type-post","status-publish","format-standard","has-post-thumbnail","hentry","category-viajes"],"_links":{"self":[{"href":"https:\/\/dimensionturistica.com\/es\/wp-json\/wp\/v2\/posts\/328092","targetHints":{"allow":["GET"]}}],"collection":[{"href":"https:\/\/dimensionturistica.com\/es\/wp-json\/wp\/v2\/posts"}],"about":[{"href":"https:\/\/dimensionturistica.com\/es\/wp-json\/wp\/v2\/types\/post"}],"author":[{"embeddable":true,"href":"https:\/\/dimensionturistica.com\/es\/wp-json\/wp\/v2\/users\/1"}],"replies":[{"embeddable":true,"href":"https:\/\/dimensionturistica.com\/es\/wp-json\/wp\/v2\/comments?post=328092"}],"version-history":[{"count":0,"href":"https:\/\/dimensionturistica.com\/es\/wp-json\/wp\/v2\/posts\/328092\/revisions"}],"wp:featuredmedia":[{"embeddable":true,"href":"https:\/\/dimensionturistica.com\/es\/wp-json\/wp\/v2\/media\/328096"}],"wp:attachment":[{"href":"https:\/\/dimensionturistica.com\/es\/wp-json\/wp\/v2\/media?parent=328092"}],"wp:term":[{"taxonomy":"category","embeddable":true,"href":"https:\/\/dimensionturistica.com\/es\/wp-json\/wp\/v2\/categories?post=328092"},{"taxonomy":"post_tag","embeddable":true,"href":"https:\/\/dimensionturistica.com\/es\/wp-json\/wp\/v2\/tags?post=328092"}],"curies":[{"name":"wp","href":"https:\/\/api.w.org\/{rel}","templated":true}]}}