{"id":328035,"date":"2022-06-08T19:13:23","date_gmt":"2022-06-08T19:13:23","guid":{"rendered":"https:\/\/dimensionturistica.com\/es\/?p=328035"},"modified":"2022-06-08T19:13:23","modified_gmt":"2022-06-08T19:13:23","slug":"director-del-hg-de-mazatlan-pide-no-dejar-bajar-a-nadie-de-cruceros-que-traiga-temperatura-alta-por-viruela-del-mono-hoy-llego-uno-de-vallarta","status":"publish","type":"post","link":"https:\/\/dimensionturistica.com\/es\/director-del-hg-de-mazatlan-pide-no-dejar-bajar-a-nadie-de-cruceros-que-traiga-temperatura-alta-por-viruela-del-mono-hoy-llego-uno-de-vallarta\/","title":{"rendered":"Director del HG de Mazatl\u00e1n pide no dejar bajar a nadie de cruceros que traiga temperatura alta, por viruela del mono; hoy lleg\u00f3 uno de Vallarta"},"content":{"rendered":"<p> <br \/>\n<\/p>\n<div mlnid=\"idcon=2195611;order=6.0\">\n<p>Ante el contagio de la viruela del mono en Puerto Vallarta y el constante flujo de personas entre el municipio de Jalisco y Mazatl\u00e1n, Leonel Verdugo Hern\u00e1ndez, director del Hospital Basic, llam\u00f3 a las autoridades portuarias y de sanidad <b><a rel=\"nofollow noopener\" target=\"_blank\" href=\"https:\/\/www.noroeste.com.mx\/nacional\/detectan-caso-de-viruela-del-mono-en-puerto-vallarta-jalisco-turista-texano-se-fuga-para-no-aislarse-XF2250011\">no dejar bajar a turistas de cruceros que traigan temperatura alta, para evitar que esta enfermedad llegue al puerto sinaloense.<\/a><\/b><\/p>\n<p>El encargado del nosocomio estatal en esta ciudad sostuvo que las autoridades encargadas deben estar atentas a los posibles casos de viruela del mono, luego que fuera detectado en un turista que arrib\u00f3 de Estados Unidos a Puerto Vallarta.<\/p>\n<p>El flujo de turistas, sobre todo por medio de los cruceros, es constante entre ambos destinos tur\u00edsticos, es por eso que el m\u00e9dico llam\u00f3 a fortalecer los protocolos para no permitir la llegada de esta enfermedad a Mazatl\u00e1n.<\/p>\n<p>\u201cAqu\u00ed sanidad internacional y portuaria es la que est\u00e1 tomando las medidas necesarias, como en toda instituci\u00f3n deben tomarse las medidas necesarias, un interrogatorio y ante cualquier sospecha yo creo que no dejarlo bajar del crucero o de los cruceros\u201d, indic\u00f3.<\/p>\n<p>Verdugo Hern\u00e1ndez explic\u00f3 que como Estado se est\u00e1n reforzando los protocolos sanitarios, no solo para evitar la viruela del mono, sino casos de Covid-19 o hepatitis aguda.<\/p>\n<p>\u201cComo nosotros tambi\u00e9n ya estamos reforzando las medidas de sanidad, de nuevo volvimos a instalar nuestros filtros sanitarios, tomar la temperatura, alcohol, el gel, y tratamos de mantener la sana distancia\u201d, indic\u00f3.<\/p>\n<p>\u201cNo hemos tenido notificaci\u00f3n de esto, ni tampoco de brotes de hepatitis como lo hemos venido mencionando en ni\u00f1os, estamos tranquilos hasta ahorita, lo que nos est\u00e1 preocupando ahorita es el covid\u201d, agreg\u00f3.<\/p>\n<p>Esta ma\u00f1ana arrib\u00f3 procedente de Puerto Vallarta el crucero Carnival Panorama, que trae a bordo 4 mil 504 pasajeros y mil 351 tripulantes.<\/p>\n<\/p><\/div>\n\n<p><em> &#8221; Fuentes www.noroeste.com.mx &#8221; <\/em><\/p>\n","protected":false},"excerpt":{"rendered":"<p>Ante el contagio de la viruela del mono en Puerto Vallarta y el constante flujo de personas entre el municipio de Jalisco y Mazatl\u00e1n, Leonel Verdugo Hern\u00e1ndez, director del Hospital Basic, llam\u00f3 a las autoridades portuarias y de sanidad no dejar bajar a turistas de cruceros que traigan temperatura alta, para evitar que esta enfermedad [&hellip;]<\/p>\n","protected":false},"author":4,"featured_media":328036,"comment_status":"open","ping_status":"closed","sticky":false,"template":"","format":"standard","meta":{"om_disable_all_campaigns":false,"jnews-multi-image_gallery":[],"jnews_single_post":[],"jnews_primary_category":[],"jnews_social_meta":[],"footnotes":""},"categories":[41],"tags":[18734],"class_list":["post-328035","post","type-post","status-publish","format-standard","has-post-thumbnail","hentry","category-cruceros","tag-antonio-olazabal"],"_links":{"self":[{"href":"https:\/\/dimensionturistica.com\/es\/wp-json\/wp\/v2\/posts\/328035","targetHints":{"allow":["GET"]}}],"collection":[{"href":"https:\/\/dimensionturistica.com\/es\/wp-json\/wp\/v2\/posts"}],"about":[{"href":"https:\/\/dimensionturistica.com\/es\/wp-json\/wp\/v2\/types\/post"}],"author":[{"embeddable":true,"href":"https:\/\/dimensionturistica.com\/es\/wp-json\/wp\/v2\/users\/4"}],"replies":[{"embeddable":true,"href":"https:\/\/dimensionturistica.com\/es\/wp-json\/wp\/v2\/comments?post=328035"}],"version-history":[{"count":0,"href":"https:\/\/dimensionturistica.com\/es\/wp-json\/wp\/v2\/posts\/328035\/revisions"}],"wp:featuredmedia":[{"embeddable":true,"href":"https:\/\/dimensionturistica.com\/es\/wp-json\/wp\/v2\/media\/328036"}],"wp:attachment":[{"href":"https:\/\/dimensionturistica.com\/es\/wp-json\/wp\/v2\/media?parent=328035"}],"wp:term":[{"taxonomy":"category","embeddable":true,"href":"https:\/\/dimensionturistica.com\/es\/wp-json\/wp\/v2\/categories?post=328035"},{"taxonomy":"post_tag","embeddable":true,"href":"https:\/\/dimensionturistica.com\/es\/wp-json\/wp\/v2\/tags?post=328035"}],"curies":[{"name":"wp","href":"https:\/\/api.w.org\/{rel}","templated":true}]}}