{"id":328027,"date":"2022-06-08T18:14:37","date_gmt":"2022-06-08T18:14:37","guid":{"rendered":"https:\/\/dimensionturistica.com\/es\/?p=328027"},"modified":"2022-06-08T18:14:37","modified_gmt":"2022-06-08T18:14:37","slug":"eeuu-oficializa-levantamiento-de-restricciones-a-viajes-grupales-y-envio-de-remesas-a-cuba","status":"publish","type":"post","link":"https:\/\/dimensionturistica.com\/es\/eeuu-oficializa-levantamiento-de-restricciones-a-viajes-grupales-y-envio-de-remesas-a-cuba\/","title":{"rendered":"EEUU oficializa levantamiento de restricciones a viajes grupales y env\u00edo de remesas a Cuba"},"content":{"rendered":"<p> <br \/>\n<\/p>\n<div>\n<div id=\"attachment_1275035\" style=\"width: 580px\" class=\"wp-caption aligncenter size-large wp-image-1275035\"><img decoding=\"async\" class=\"size-large wp-image-1275035\" src=\"http:\/\/media.cubadebate.cu\/wp-content\/uploads\/2019\/11\/departamento-del-tesoro-de-estados-unidos-580x314.jpg\" alt=\"\" width=\"580\" height=\"314\"\/><\/p>\n<p class=\"wp-caption-text\">Departamento del Tesoro de los Estados Unidos. Foto: Brian Snyder\/ Reuters.<\/p>\n<\/div>\n<p><strong>El gobierno de Estados Unidos modific\u00f3 este mi\u00e9rcoles sus regulaciones sobre los viajes grupales a Cuba y el env\u00edo de remesas<\/strong>, dos de las medidas restrictivas adoptadas durante el mandato de Donald Trump (2017-2021).<\/p>\n<p>La Oficina de Management de Activos Extranjeros (OFAC) del Departamento del Tesoro se\u00f1al\u00f3 que las nuevas directrices se publicar\u00e1n ma\u00f1ana en el Registro Federal.<\/p>\n<p>De esa forma, <strong>estar\u00e1n permitidos los viajes educativos grupales de estadounidenses a la isla<\/strong> realizados bajo los auspicios de una organizaci\u00f3n sujeta a la jurisdicci\u00f3n estadounidense y deber\u00e1n estar acompa\u00f1ados por un empleado, consultor pagado o agente de la entidad patrocinadora.<\/p>\n<p>Asimismo, <strong>autorizar\u00e1n con ciertas condiciones las transacciones relacionadas con dichos viajes<\/strong> y otras vinculadas a la asistencia u organizaci\u00f3n de reuniones o conferencias profesionales en Cuba.<\/p>\n<p><strong>La OFAC aclar\u00f3 que contin\u00faan prohibidos los viajes individuales de persona a persona y las visitas para actividades tur\u00edsticas en la isla.<\/strong><\/p>\n<p>Respecto a las remesas destinadas a familiares y ciudadanos cubanos,<strong> la administraci\u00f3n norteamericana elimin\u00f3 oficialmente el l\u00edmite de 1 000 d\u00f3lares cada tres meses,<\/strong> aunque no precis\u00f3 los mecanismos para realizar esos env\u00edos.<\/p>\n<p>En mayo pasado el presidente estadounidense, Joe Biden, dijo que levantar\u00eda algunas de las 243 medidas tomadas durante la period de Trump y que el pol\u00edtico dem\u00f3crata mantuvo desde su llegada al poder, en enero del 2021.<\/p>\n<p>El gobierno cubano asegur\u00f3 que esas acciones son un paso en el camino correcto, pero resultan insuficientes en tanto el bloqueo econ\u00f3mico estadounidense permanece intacto.<\/p>\n<p>La administraci\u00f3n estadounidense prometi\u00f3 que aumentar\u00e1n los servicios consulares y el procesamiento de visas, y se ofrecer\u00e1n facilidades para que las familias visiten a sus parientes en Cuba.<\/p>\n<p>Adem\u00e1s, la Casa Blanca manifest\u00f3 su intenci\u00f3n de restablecer un programa de reunificaci\u00f3n acquainted que lleva suspendido desde hace a\u00f1os.<\/p>\n<p>La semana pasada, el Departamento de Transporte de Estados Unidos autoriz\u00f3 los vuelos hacia aeropuertos cubanos fuera de La Habana, lo cual estaba prohibido desde 2019.<\/p>\n<p><strong>(Con informaci\u00f3n de Prensa Latina)<\/strong><\/p>\n<h3>Vea adem\u00e1s:<\/h3>\n<blockquote class=\"wp-embedded-content\" data-secret=\"QCcaS516KI\">\n<p><a rel=\"nofollow noopener\" target=\"_blank\" href=\"http:\/\/www.cubadebate.cu\/noticias\/2022\/06\/01\/estados-unidos-implementa-medidas-sobre-vuelos-a-provincias-cubanas\/\">Estados Unidos implementa medidas sobre vuelos a provincias cubanas<\/a><\/p>\n<\/blockquote>\n<p><iframe loading=\"lazy\" class=\"wp-embedded-content\" sandbox=\"allow-scripts\" security=\"restricted\" style=\"position: absolute; clip: rect(1px, 1px, 1px, 1px);\" title=\"\u00abEstados Unidos implementa medidas sobre vuelos a provincias cubanas\u00bb \u2014 Cubadebate\" src=\"http:\/\/www.cubadebate.cu\/noticias\/2022\/06\/01\/estados-unidos-implementa-medidas-sobre-vuelos-a-provincias-cubanas\/embed\/#?secret=QCcaS516KI\" data-secret=\"QCcaS516KI\" width=\"580\" height=\"327\" frameborder=\"0\" marginwidth=\"0\" marginheight=\"0\" scrolling=\"no\"><\/iframe><\/p>\n<\/p><\/div>\n\n<p><em> &#8221; Fuentes www.cubadebate.cu &#8221; <\/em><\/p>\n","protected":false},"excerpt":{"rendered":"<p>Departamento del Tesoro de los Estados Unidos. Foto: Brian Snyder\/ Reuters. El gobierno de Estados Unidos modific\u00f3 este mi\u00e9rcoles sus regulaciones sobre los viajes grupales a Cuba y el env\u00edo de remesas, dos de las medidas restrictivas adoptadas durante el mandato de Donald Trump (2017-2021). La Oficina de Management de Activos Extranjeros (OFAC) del Departamento [&hellip;]<\/p>\n","protected":false},"author":4,"featured_media":328028,"comment_status":"open","ping_status":"closed","sticky":false,"template":"","format":"standard","meta":{"om_disable_all_campaigns":false,"jnews-multi-image_gallery":[],"jnews_single_post":[],"jnews_primary_category":[],"jnews_social_meta":[],"footnotes":""},"categories":[39],"tags":[705,546],"class_list":["post-328027","post","type-post","status-publish","format-standard","has-post-thumbnail","hentry","category-viajes","tag-noticias","tag-politica"],"_links":{"self":[{"href":"https:\/\/dimensionturistica.com\/es\/wp-json\/wp\/v2\/posts\/328027","targetHints":{"allow":["GET"]}}],"collection":[{"href":"https:\/\/dimensionturistica.com\/es\/wp-json\/wp\/v2\/posts"}],"about":[{"href":"https:\/\/dimensionturistica.com\/es\/wp-json\/wp\/v2\/types\/post"}],"author":[{"embeddable":true,"href":"https:\/\/dimensionturistica.com\/es\/wp-json\/wp\/v2\/users\/4"}],"replies":[{"embeddable":true,"href":"https:\/\/dimensionturistica.com\/es\/wp-json\/wp\/v2\/comments?post=328027"}],"version-history":[{"count":0,"href":"https:\/\/dimensionturistica.com\/es\/wp-json\/wp\/v2\/posts\/328027\/revisions"}],"wp:featuredmedia":[{"embeddable":true,"href":"https:\/\/dimensionturistica.com\/es\/wp-json\/wp\/v2\/media\/328028"}],"wp:attachment":[{"href":"https:\/\/dimensionturistica.com\/es\/wp-json\/wp\/v2\/media?parent=328027"}],"wp:term":[{"taxonomy":"category","embeddable":true,"href":"https:\/\/dimensionturistica.com\/es\/wp-json\/wp\/v2\/categories?post=328027"},{"taxonomy":"post_tag","embeddable":true,"href":"https:\/\/dimensionturistica.com\/es\/wp-json\/wp\/v2\/tags?post=328027"}],"curies":[{"name":"wp","href":"https:\/\/api.w.org\/{rel}","templated":true}]}}