{"id":327901,"date":"2022-06-08T13:59:45","date_gmt":"2022-06-08T13:59:45","guid":{"rendered":"https:\/\/dimensionturistica.com\/es\/?p=327901"},"modified":"2022-06-08T14:01:21","modified_gmt":"2022-06-08T14:01:21","slug":"impulsa-aquelarre-de-donceles-iniciativa-de-deudores-alimentarios-para-la-cdmx","status":"publish","type":"post","link":"https:\/\/dimensionturistica.com\/es\/impulsa-aquelarre-de-donceles-iniciativa-de-deudores-alimentarios-para-la-cdmx\/","title":{"rendered":"Impulsa Aquelarre de Donceles Iniciativa de Deudores Alimentarios para la CDMX"},"content":{"rendered":"<p>Conscientes de que la violencia econ\u00f3mica puede pasar \u201cdesapercibida\u201d en los hogares, debido a que no deja un rastro tan evidente como las agresiones f\u00edsicas, pero que, sin embargo, suma cifras alarmantes entre las familias mexicanas, Aquelarre de Donceles, conformado por las diputadas: Alejandra M\u00e9ndez, Ana Francis Mor,<img decoding=\"async\" class=\"size-medium wp-image-327909 alignright\" src=\"https:\/\/dimensionturistica.com\/es\/wp-content\/uploads\/2022\/06\/FOTO-2-Iniciativa-Deudores-Alimentarios-300x225.jpg\" alt=\"\" width=\"300\" height=\"225\" srcset=\"https:\/\/dimensionturistica.com\/es\/wp-content\/uploads\/2022\/06\/FOTO-2-Iniciativa-Deudores-Alimentarios-300x225.jpg 300w, https:\/\/dimensionturistica.com\/es\/wp-content\/uploads\/2022\/06\/FOTO-2-Iniciativa-Deudores-Alimentarios.jpg 600w\" sizes=\"(max-width: 300px) 100vw, 300px\" \/> Marce Fuente, Nancy N\u00fa\u00f1ez, Valeria Cruz, Valentina Batres y X\u00f3chitl Bravo, presentaron ante el Congreso de la CDMX la Iniciativa de Deudores Alimentarios.<br \/>\nEn conferencia de prensa, Ana Francis Mor, Presidenta de la Comisi\u00f3n de Igualdad de G\u00e9nero en el Congreso de la CDMX, acompa\u00f1ada de las diputadas que integran Aquelarre de Donceles, asegur\u00f3 que para impulsar esta iniciativa cuentan con el apoyo de las legisladoras de la bancada de la Alianza Juntas Hacemos Historia; y como muestra de ello, en este encuentro con los medios estuvieron presentes las coordinadoras del PRD, Elizabeth Mateos; de Morena, Martha Avila; y del PT, Circe Camacho. La coordinadora de Morena, Martha Avila, indic\u00f3 que esperan que en septiembre se suba el dictamen de la Iniciativa en cuesti\u00f3n para seguir avanzando en este tema.<br \/>\nAl evento asisti\u00f3 tambi\u00e9n Diana Luz V\u00e1zquez, principal impulsora de la Ley Sabina, quien agradeci\u00f3 la sororidad y acompa\u00f1amiento de las<img decoding=\"async\" class=\"size-medium wp-image-327910 alignright\" src=\"https:\/\/dimensionturistica.com\/es\/wp-content\/uploads\/2022\/06\/FOTO-4-Iniciativa-de-Deudores-Alimentarios-300x270.jpg\" alt=\"\" width=\"300\" height=\"270\" srcset=\"https:\/\/dimensionturistica.com\/es\/wp-content\/uploads\/2022\/06\/FOTO-4-Iniciativa-de-Deudores-Alimentarios-300x270.jpg 300w, https:\/\/dimensionturistica.com\/es\/wp-content\/uploads\/2022\/06\/FOTO-4-Iniciativa-de-Deudores-Alimentarios.jpg 600w\" sizes=\"(max-width: 300px) 100vw, 300px\" \/> legisladoras, de quienes dijo, \u201cest\u00e1n legislando ahora desde la perspectiva femenina, que tanta falta hace en este pa\u00eds, donde, tras la pandemia, las estad\u00edsticas indican que creci\u00f3 el n\u00famero de divorcios empeorando la situaci\u00f3n de muchas familias, ya que, de 10 divorcios, 7 pap\u00e1s no est\u00e1n cumpliendo con la pensi\u00f3n alimenticia\u201d.<br \/>\nY es que, la falta de pago de las pensiones representa una violaci\u00f3n a los derechos de la ni\u00f1ez, y constituye tambi\u00e9n una forma de violencia contra las mujeres: La violencia econ\u00f3mica y el reforzamiento de las masculinidades hegem\u00f3nicas. Esto se reproduce en el \u00e1mbito familiar como una forma de control en contra de las mujeres; se muestra a trav\u00e9s de la agresi\u00f3n producida por la persona que tiene el dominio econ\u00f3mico, la manipulaci\u00f3n para gestionar los gastos o incluso la decisi\u00f3n de privar de recursos.<br \/>\nEl Informe de la Direccio\u00b4n de Estadi\u00b4stica de la Presidencia del Tribunal Superior de Justicia de la Ciudad de Me\u00b4xico, se\u00f1ala que, en el 2021, el n\u00famero de expedientes ingresados en materia familiar, en el tema de alimentos, fue de 6,102; lo que, en comparaci\u00f3n con los resultados del 2020, en donde hab\u00eda 4,575, represent\u00f3 un aumento del 33%. Por ende, este incremento obliga a revisar el marco jur\u00eddico que a la fecha existe, a efecto de mejorar el acceso al derecho que tienen las personas acreedoras alimentarias.<br \/>\nLa violencia econ\u00f3mica es una manifestaci\u00f3n de la violencia de g\u00e9nero y una de sus dimensiones es la falta de pago reiterada e injustificada de pensiones alimenticias estipuladas en caso de separaci\u00f3n o divorcio en favor de la mujer y\/o de sus hij@s. As\u00ed, este tipo de violencia tiene cifras alarmantes: 13.4 millones de mexicanas la han padecido en alg\u00fan momento de su vida, es decir, 29% del total de mujeres de 15 a\u00f1os o m\u00e1s, seg\u00fan la Encuesta Nacional sobre la Din\u00e1mica de las Relaciones en los Hogares 2016.<br \/>\nEn pa\u00edses europeos como Suecia, Dinamarca, Alemania, Suiza, Noruega del este y Finlandia, el Estado adelanta las cuotas alimentarias. En Espa\u00f1a se les retiene su salario, las devoluciones de impuestos, hay embargo de cuentas bancarias y bienes, detracci\u00f3n de prestaciones de la seguridad social y hasta prisi\u00f3n. Estados Unidos sanciona a los padres con no renovar su licencia de conducir, cierre de cuentas bancarias, impedimento de acceder a su jubilaci\u00f3n y, en caso de reembolso de impuestos, los intercepta para cubrir la deuda. En Latinoam\u00e9rica, Uruguay, El Salvador, Colombia y Ecuador les proh\u00edben la salida del pa\u00eds.<br \/>\nLa propuesta de las organizaciones feministas mexicanas (Ley Sabina):<br \/>\nLa propuesta de la Iniciativa de Deudores Alimentarios puesta a consideraci\u00f3n del Congreso de la CDMX, por parte de las diputadas de Aquelarre de Donceles, aclara que las pensiones comprenden la comida, el vestido, la habitaci\u00f3n y la asistencia en casos de enfermedad. Respecto de las personas menores de edad se\u00f1ala, adema\u00b4s, los gastos para la educacio\u00b4n b\u00e1sica del alimentista, y para proporcionarle algu\u00b4n oficio, arte o profesio\u00b4n honestos y adecuados a su circunstancias personales; as\u00ed como para garantizar su recreaci\u00f3n, calidad de vida y dignidad, retomando lo aplicable del C\u00f3digo Civil Federal.<br \/>\nAsimismo, en esta Iniciativa de Deudores Alimentarios se establece que no podr\u00e1n ser personas servidoras p\u00fablicas, de la CDMX, quienes se encuentren en los Registros de Deudores Alimentarios y de Agresores Sexuales a menos que se acredite estar al corriente del pago, cancele esa deuda o se tramite el descuento correspondiente.<br \/>\nPor otro lado, se propone tambi\u00e9n identificar como delito el abandono de una mujer embarazada. Hay que resaltar que la participaci\u00f3n de las mujeres en el mercado de trabajo disminuye conforme aumenta su n\u00famero de hijos: la mitad de las mujeres de 15 a\u00f1os y m\u00e1s que tienen de uno a dos hij@s (49.6%) participa en el mercado de trabajo, mientras que al tener de 3 a 5 hij@s el porcentaje disminuye a 41.4%, y apenas el 22.7% de quienes tienen 6 o m\u00e1s hij@s, es econ\u00f3micamente activa. En el caso de 2.2 millones de madres solteras ocupadas de 15 a\u00f1os y m\u00e1s, casi la mitad de ellas (44.1%) no recibe prestaciones por su trabajo; incluso en el caso de las subordinadas, es decir, de las que trabajan para una unidad econ\u00f3mica en la que dependen de un patr\u00f3n, el 29.8% no cuenta con prestaciones laborales.<br \/>\nEsta propuesta legislativa busca tambi\u00e9n que los hombres se hagan responsables en el \u00e1mbito del ejercicio de su sexualidad y reproducci\u00f3n, no solo por un aspecto \u00e9tico, sino tambi\u00e9n para que se reconozca como una cuesti\u00f3n de corresponsabilidad social, ya que sus actitudes y comportamientos, especialmente en la esfera sexual, tienen con frecuencia un impacto negativo en la salud y el bienestar general de las mujeres, al no tomar en cuenta sus necesidades, y poni\u00e9ndolas en riesgo de contraer infecciones de transmisi\u00f3n sexual, y embarazos no deseados, delegando en ellas los costos f\u00edsicos y emocionales del cuidado y atenci\u00f3n de l@s hij@s que resultan de la relaci\u00f3n.<br \/>\nPor otra parte, en el texto de la Iniciativa se plantea reducir de 90 a 30 d\u00edas el tiempo en el cual la persona deudora debe cumplir su responsabilidad, al considerar que el no cumplimiento de la entrega de los alimentos a tiempo implica que la persona menor de edad no est\u00e1 recibiendo los elementos que necesita para un sano y arm\u00f3nico desarrollo.<br \/>\nFinalmente, se propone la eliminaci\u00f3n del Art\u00edculo 291 quintus (del C\u00f3digo Civil capitalino) de la parte que se\u00f1ala que s\u00f3lo dentro del a\u00f1o siguiente al de la cesaci\u00f3n del concubinato se podr\u00e1 solicitar el derecho a una pensi\u00f3n alimenticia, esto debido a que, si el derecho a recibir la pensi\u00f3n existe, este debe ser garantizado.<br \/>\nLa diputada Presidenta de la Comisi\u00f3n de Igualdad de G\u00e9nero en el Congreso de la CDMX, Ana Francis Mor, reitera su disposi\u00f3n de charlar con los medios de comunicaci\u00f3n, con el fin de ampliar la informaci\u00f3n sobre este tema.<\/p>\n","protected":false},"excerpt":{"rendered":"<p>Conscientes de que la violencia econ\u00f3mica puede pasar \u201cdesapercibida\u201d en los hogares, debido a que no deja un rastro tan evidente como las agresiones f\u00edsicas, pero que, sin embargo, suma cifras alarmantes entre las familias mexicanas, Aquelarre de Donceles, conformado por las diputadas: Alejandra M\u00e9ndez, Ana Francis Mor, Marce Fuente, Nancy N\u00fa\u00f1ez, Valeria Cruz, Valentina [&hellip;]<\/p>\n","protected":false},"author":1,"featured_media":327905,"comment_status":"open","ping_status":"closed","sticky":false,"template":"","format":"standard","meta":{"om_disable_all_campaigns":false,"jnews-multi-image_gallery":[],"jnews_single_post":{"source_name":"","source_url":"","via_name":"","via_url":"","override_template":"0","override":[{"template":"1","single_blog_custom":"","parallax":"1","fullscreen":"1","layout":"right-sidebar","sidebar":"default-sidebar","second_sidebar":"default-sidebar","sticky_sidebar":"1","share_position":"top","share_float_style":"share-monocrhome","show_share_counter":"1","show_view_counter":"1","show_featured":"1","show_post_meta":"1","show_post_author":"1","show_post_author_image":"1","show_post_date":"1","post_date_format":"default","post_date_format_custom":"Y\/m\/d","show_post_category":"1","show_post_reading_time":"0","post_reading_time_wpm":"300","show_zoom_button":"0","zoom_button_out_step":"2","zoom_button_in_step":"3","show_post_tag":"1","show_prev_next_post":"1","show_popup_post":"1","number_popup_post":"1","show_author_box":"0","show_post_related":"0","show_inline_post_related":"0"}],"override_image_size":"0","image_override":[{"single_post_thumbnail_size":"crop-500","single_post_gallery_size":"crop-500"}],"trending_post":"0","trending_post_position":"meta","trending_post_label":"Trending","sponsored_post":"0","sponsored_post_label":"Sponsored by","sponsored_post_name":"","sponsored_post_url":"","sponsored_post_logo_enable":"0","sponsored_post_logo":"","sponsored_post_desc":"","disable_ad":"0"},"jnews_primary_category":{"id":""},"jnews_social_meta":{"fb_title":"","fb_description":"","fb_image":"","twitter_title":"","twitter_description":"","twitter_image":""},"footnotes":""},"categories":[40],"tags":[],"class_list":["post-327901","post","type-post","status-publish","format-standard","has-post-thumbnail","hentry","category-industria"],"_links":{"self":[{"href":"https:\/\/dimensionturistica.com\/es\/wp-json\/wp\/v2\/posts\/327901","targetHints":{"allow":["GET"]}}],"collection":[{"href":"https:\/\/dimensionturistica.com\/es\/wp-json\/wp\/v2\/posts"}],"about":[{"href":"https:\/\/dimensionturistica.com\/es\/wp-json\/wp\/v2\/types\/post"}],"author":[{"embeddable":true,"href":"https:\/\/dimensionturistica.com\/es\/wp-json\/wp\/v2\/users\/1"}],"replies":[{"embeddable":true,"href":"https:\/\/dimensionturistica.com\/es\/wp-json\/wp\/v2\/comments?post=327901"}],"version-history":[{"count":0,"href":"https:\/\/dimensionturistica.com\/es\/wp-json\/wp\/v2\/posts\/327901\/revisions"}],"wp:featuredmedia":[{"embeddable":true,"href":"https:\/\/dimensionturistica.com\/es\/wp-json\/wp\/v2\/media\/327905"}],"wp:attachment":[{"href":"https:\/\/dimensionturistica.com\/es\/wp-json\/wp\/v2\/media?parent=327901"}],"wp:term":[{"taxonomy":"category","embeddable":true,"href":"https:\/\/dimensionturistica.com\/es\/wp-json\/wp\/v2\/categories?post=327901"},{"taxonomy":"post_tag","embeddable":true,"href":"https:\/\/dimensionturistica.com\/es\/wp-json\/wp\/v2\/tags?post=327901"}],"curies":[{"name":"wp","href":"https:\/\/api.w.org\/{rel}","templated":true}]}}