{"id":327891,"date":"2022-06-08T13:11:35","date_gmt":"2022-06-08T13:11:35","guid":{"rendered":"https:\/\/dimensionturistica.com\/es\/?p=327891"},"modified":"2022-06-08T13:11:35","modified_gmt":"2022-06-08T13:11:35","slug":"presentan-destino-cuba-en-canada","status":"publish","type":"post","link":"https:\/\/dimensionturistica.com\/es\/presentan-destino-cuba-en-canada\/","title":{"rendered":"Presentan Destino Cuba en Canad\u00e1"},"content":{"rendered":"<p> <br \/>\n<\/p>\n<div data-id=\"44014e52\" data-element_type=\"widget\" data-widget_type=\"theme-post-excerpt.default\">\n<p>\n\t\t\tMontreal, Canad\u00e1, 8 jun (Prensa Latina) Con la presencia del ministro de turismo cubano, Juan Carlos Garc\u00eda, la delegaci\u00f3n insular present\u00f3 en Canad\u00e1 el Destino Cuba y la nueva Campa\u00f1a \u00danica, se\u00f1alaron hoy informes oficiales.\t\t<\/p>\n<\/p><\/div>\n<div data-id=\"560e1f7e\" data-element_type=\"widget\" data-widget_type=\"theme-post-content.default\">\n<div class=\"elementor-widget-container\">\n<p>   La cuenta de Fb del Ministerio de Turismo (Mintur) de la naci\u00f3n caribe\u00f1a, especific\u00f3 que esa muestra la realizaron este martes en Montreal con la asistencia de importantes agencias canadienses dedicadas a la recreaci\u00f3n.<\/p>\n<p>   En el encuentro tambi\u00e9n estuvieron el viceministro de turismo cubano, Adalberto Venero, la directora comercial del Mintur, Gihana Galindo, y la C\u00f3nsul Common de Cuba en Montreal, Susana Malmierca.<\/p>\n<p>   La presentaci\u00f3n caus\u00f3 impacto entre turoperadores, agentes de viajes y medios de prensa especializados.<\/p>\n<p>   El titular de turismo cubano realiza una visita de una semana a este pa\u00eds para estrechar lazos de trabajo con las entidades de la industria de los viajes aqu\u00ed.<\/p>\n<p>   La cuenta en Twitter del delegado en este pa\u00eds del Mintur, Lessner G\u00f3mez, se\u00f1ala los intercambios con las partes canadienses y la satisfacci\u00f3n de los turoperadores locales por la visita.<\/p>\n<p>   El lunes, el titular cubano sostuvo encuentros con los principales directivos de agencias de turoperadores, l\u00edneas a\u00e9reas y del Instituto de Hoteler\u00eda y Turismo. <\/p>\n<p>   Cuba aspira a completar este a\u00f1o con la atenci\u00f3n a 2,5 millones de visitantes extranjeros, y de esta manera paliar los efectos de la pandemia de la Covid-19.<\/p>\n<p>   Desde el pasado 15 de noviembre, la naci\u00f3n caribe\u00f1a reabri\u00f3 sus puertas al turismo internacional. Canad\u00e1 es uno de los mercados emisores m\u00e1s importantes para Cuba.<\/p>\n<p>   Las autoridades insulares contin\u00faan sus planes de desarrollo en esta esfera, sobre todo en cuanto a la construcci\u00f3n de hoteles, cuando Cuba debe concluir el a\u00f1o con m\u00e1s de 80 mil cuartos de lodge.<\/p>\n<p>mem\/rfc<\/p>\n<\/p><\/div><\/div>\n\n<p><em> &#8221; Fuentes www.prensa-latina.cu &#8221; <\/em><\/p>\n","protected":false},"excerpt":{"rendered":"<p>Montreal, Canad\u00e1, 8 jun (Prensa Latina) Con la presencia del ministro de turismo cubano, Juan Carlos Garc\u00eda, la delegaci\u00f3n insular present\u00f3 en Canad\u00e1 el Destino Cuba y la nueva Campa\u00f1a \u00danica, se\u00f1alaron hoy informes oficiales. La cuenta de Fb del Ministerio de Turismo (Mintur) de la naci\u00f3n caribe\u00f1a, especific\u00f3 que esa muestra la realizaron este [&hellip;]<\/p>\n","protected":false},"author":4,"featured_media":221258,"comment_status":"open","ping_status":"closed","sticky":false,"template":"","format":"standard","meta":{"om_disable_all_campaigns":false,"jnews-multi-image_gallery":[],"jnews_single_post":[],"jnews_primary_category":[],"jnews_social_meta":[],"footnotes":""},"categories":[40],"tags":[715,35201,544],"class_list":["post-327891","post","type-post","status-publish","format-standard","has-post-thumbnail","hentry","category-industria","tag-economia","tag-nota-informativa","tag-turismo"],"_links":{"self":[{"href":"https:\/\/dimensionturistica.com\/es\/wp-json\/wp\/v2\/posts\/327891","targetHints":{"allow":["GET"]}}],"collection":[{"href":"https:\/\/dimensionturistica.com\/es\/wp-json\/wp\/v2\/posts"}],"about":[{"href":"https:\/\/dimensionturistica.com\/es\/wp-json\/wp\/v2\/types\/post"}],"author":[{"embeddable":true,"href":"https:\/\/dimensionturistica.com\/es\/wp-json\/wp\/v2\/users\/4"}],"replies":[{"embeddable":true,"href":"https:\/\/dimensionturistica.com\/es\/wp-json\/wp\/v2\/comments?post=327891"}],"version-history":[{"count":0,"href":"https:\/\/dimensionturistica.com\/es\/wp-json\/wp\/v2\/posts\/327891\/revisions"}],"wp:featuredmedia":[{"embeddable":true,"href":"https:\/\/dimensionturistica.com\/es\/wp-json\/wp\/v2\/media\/221258"}],"wp:attachment":[{"href":"https:\/\/dimensionturistica.com\/es\/wp-json\/wp\/v2\/media?parent=327891"}],"wp:term":[{"taxonomy":"category","embeddable":true,"href":"https:\/\/dimensionturistica.com\/es\/wp-json\/wp\/v2\/categories?post=327891"},{"taxonomy":"post_tag","embeddable":true,"href":"https:\/\/dimensionturistica.com\/es\/wp-json\/wp\/v2\/tags?post=327891"}],"curies":[{"name":"wp","href":"https:\/\/api.w.org\/{rel}","templated":true}]}}