{"id":327649,"date":"2022-06-08T01:44:24","date_gmt":"2022-06-08T01:44:24","guid":{"rendered":"https:\/\/dimensionturistica.com\/es\/?p=327649"},"modified":"2022-06-08T01:44:24","modified_gmt":"2022-06-08T01:44:24","slug":"la-industria-alimentaria-organiza-encuentros-de-negocios-en-organic-foods-iberia","status":"publish","type":"post","link":"https:\/\/dimensionturistica.com\/es\/la-industria-alimentaria-organiza-encuentros-de-negocios-en-organic-foods-iberia\/","title":{"rendered":"La industria alimentaria organiza encuentros de negocios en Organic Foods Iberia"},"content":{"rendered":"<p> <br \/>\n<\/p>\n<div>\n<div>\n<p><img decoding=\"async\" src=\"https:\/\/www.agrodiario.com\/images\/showid2\/4762747?w=1200&amp;zc=4\" alt=\"Logo Ecoliving Iberia y Organic Food (Foto Ifema)\"\/><\/p>\n<p>La Federaci\u00f3n Espa\u00f1ola de Industrias de Alimentaci\u00f3n y Bebidas (FIAB) ha firmado un convenio de colaboraci\u00f3n con Natural Meals Iberia por el que organizar\u00e1 distintos encuentros de negocios en la feria y celebrar\u00e1 un seminario sobre mercados de inter\u00e9s para el sector.<\/p>\n<p>En un comunicado, la federaci\u00f3n ha explicado que durante la feria, que se celebra el 8 y 9 de junio en Ifema (Madrid), tendr\u00e1n lugar alrededor de 130 &#8220;Business Meetings&#8221; con 20 compradores internacionales, que acuden a trav\u00e9s de ICEX Espa\u00f1a Exportaci\u00f3n e Inversiones y Natural Meals Iberia y medio centenar de empresas exportadoras de producto ecol\u00f3gico.<\/p>\n<p>En cuanto al seminario -&#8220;Mercados Prioritarios para la Industria de Alimentos y Bebidas espa\u00f1ola y su sector ecol\u00f3gico exportador&#8221;- ser\u00e1 impartido por la directora de Internacionalizaci\u00f3n de FIAB, Ver\u00f3nica Puente, y un representante de las empresas ecol\u00f3gicas participantes en Biofoods From Spain.<\/p>\n<p>&#8220;El mercado ecol\u00f3gico est\u00e1 en permanente crecimiento y la Federaci\u00f3n Espa\u00f1ola de Industrias de Alimentaci\u00f3n y Bebidas no pod\u00eda dejar de estar presente en este punto de encuentro de los productores ecol\u00f3gicos de todo el mundo&#8221;, ha se\u00f1alado Mauricio Garc\u00eda de Quevedo, director common de FIAB.\u00a0<\/p>\n<\/p><\/div>\n<p> <!-- article-content --><\/p><\/div>\n\n<p><em> \u2018 The preceding article may include information circulated by third parties \u2019 <\/em><\/p>\n<p><em> \u2018 Some details of this article were extracted from the following source www.agrodiario.com \u2019 <\/em><\/p>\n","protected":false},"excerpt":{"rendered":"<p>La Federaci\u00f3n Espa\u00f1ola de Industrias de Alimentaci\u00f3n y Bebidas (FIAB) ha firmado un convenio de colaboraci\u00f3n con Natural Meals Iberia por el que organizar\u00e1 distintos encuentros de negocios en la feria y celebrar\u00e1 un seminario sobre mercados de inter\u00e9s para el sector. En un comunicado, la federaci\u00f3n ha explicado que durante la feria, que se [&hellip;]<\/p>\n","protected":false},"author":2,"featured_media":327650,"comment_status":"open","ping_status":"closed","sticky":false,"template":"","format":"standard","meta":{"om_disable_all_campaigns":false,"jnews-multi-image_gallery":[],"jnews_single_post":[],"jnews_primary_category":[],"jnews_social_meta":[],"footnotes":""},"categories":[43],"tags":[],"class_list":["post-327649","post","type-post","status-publish","format-standard","has-post-thumbnail","hentry","category-gourmet"],"_links":{"self":[{"href":"https:\/\/dimensionturistica.com\/es\/wp-json\/wp\/v2\/posts\/327649","targetHints":{"allow":["GET"]}}],"collection":[{"href":"https:\/\/dimensionturistica.com\/es\/wp-json\/wp\/v2\/posts"}],"about":[{"href":"https:\/\/dimensionturistica.com\/es\/wp-json\/wp\/v2\/types\/post"}],"author":[{"embeddable":true,"href":"https:\/\/dimensionturistica.com\/es\/wp-json\/wp\/v2\/users\/2"}],"replies":[{"embeddable":true,"href":"https:\/\/dimensionturistica.com\/es\/wp-json\/wp\/v2\/comments?post=327649"}],"version-history":[{"count":0,"href":"https:\/\/dimensionturistica.com\/es\/wp-json\/wp\/v2\/posts\/327649\/revisions"}],"wp:featuredmedia":[{"embeddable":true,"href":"https:\/\/dimensionturistica.com\/es\/wp-json\/wp\/v2\/media\/327650"}],"wp:attachment":[{"href":"https:\/\/dimensionturistica.com\/es\/wp-json\/wp\/v2\/media?parent=327649"}],"wp:term":[{"taxonomy":"category","embeddable":true,"href":"https:\/\/dimensionturistica.com\/es\/wp-json\/wp\/v2\/categories?post=327649"},{"taxonomy":"post_tag","embeddable":true,"href":"https:\/\/dimensionturistica.com\/es\/wp-json\/wp\/v2\/tags?post=327649"}],"curies":[{"name":"wp","href":"https:\/\/api.w.org\/{rel}","templated":true}]}}