{"id":327508,"date":"2022-06-07T20:17:12","date_gmt":"2022-06-07T20:17:12","guid":{"rendered":"https:\/\/dimensionturistica.com\/es\/?p=327508"},"modified":"2022-06-07T22:59:29","modified_gmt":"2022-06-07T22:59:29","slug":"327508-2","status":"publish","type":"post","link":"https:\/\/dimensionturistica.com\/es\/327508-2\/","title":{"rendered":""},"content":{"rendered":"<p><img decoding=\"async\" class=\"size-medium wp-image-327525 alignleft\" src=\"https:\/\/dimensionturistica.com\/es\/wp-content\/uploads\/2022\/06\/AMEREF-3-300x163.jpeg\" alt=\"\" width=\"300\" height=\"163\" srcset=\"https:\/\/dimensionturistica.com\/es\/wp-content\/uploads\/2022\/06\/AMEREF-3-300x163.jpeg 300w, https:\/\/dimensionturistica.com\/es\/wp-content\/uploads\/2022\/06\/AMEREF-3-1024x556.jpeg 1024w, https:\/\/dimensionturistica.com\/es\/wp-content\/uploads\/2022\/06\/AMEREF-3-768x417.jpeg 768w, https:\/\/dimensionturistica.com\/es\/wp-content\/uploads\/2022\/06\/AMEREF-3-1536x834.jpeg 1536w, https:\/\/dimensionturistica.com\/es\/wp-content\/uploads\/2022\/06\/AMEREF-3-750x407.jpeg 750w, https:\/\/dimensionturistica.com\/es\/wp-content\/uploads\/2022\/06\/AMEREF-3-1140x619.jpeg 1140w, https:\/\/dimensionturistica.com\/es\/wp-content\/uploads\/2022\/06\/AMEREF-3.jpeg 1600w\" sizes=\"(max-width: 300px) 100vw, 300px\" \/>La Asociaci\u00f3n Mexicana de Recintos Feriales, A.C. (AMEREF), anunci\u00f3 en conferencia de prensa la realizaci\u00f3n del VIII Congreso Nacional AMEREF, del 6 al 8 de julio de 2022 en el resort Mundo Imperial del bello puerto de Acapulco, con unico objetivo el de impulsar el desarrollo y la proyecci\u00f3n de negocios entre los recintos y sus aliados, para contribuir a la reactivaci\u00f3n del Turismo de Reuniones en distintos recintos feriales.<br \/>\nDurante la conferencia celebrada en el Centro Citibanamex de la Ciudad de M\u00e9xico, el Presidente de la AMEREF, Lic. Harold Sanders Palacios, quien estuvo acompa\u00f1ado por Seyed Rezvani, Director General del resort Mundo Imperial en Acapulco, sede el pr\u00f3ximo Congreso, y Brenda G\u00f3mez, directora de ventas de Grupo Mundo Imperial. Sanders explic\u00f3 que la intenci\u00f3n de la Asociaci\u00f3n es fortalecer a la industria del Turismo de Reuniones e incentivar la profesionalizaci\u00f3n del personal y de la industria, para lo cual se realizan congresos anuales.<br \/>\nPor su parte, el Director General Mundo Imperial, Seyed Rezvani, se dijo complacido que el resort sea el anfitri\u00f3n de la VIII edici\u00f3n del Congreso de la AMEREF. Resalt\u00f3 que el Turismo de Reuniones es una industria muy noble que genera una importante derrama econ\u00f3mica y que incluso genera una derrama superior a la del Turismo de Placer. Dijo que mundo imperial es un recinto tur\u00edstico \u00fanico en M\u00e9xico que cuenta con un centro de espect\u00e1culos, uno de exposiciones y aunci\u00f3 que recientemente fue inaugurado el estadio GNP para llevar a cabo los proximos encuentro de tenis y que tendra un aforo para 10,000 personas.<br \/>\nHarold Sanders destac\u00f3 \u201cEl compromiso de la AMEREF con los asociados es promover el intercambio de buenas pr\u00e1cticas entre sus miembros, el intercambio de informaci\u00f3n comercial y el intercambio de informaci\u00f3n de proveedores de recintos con los tomadores de decisiones; todo ello dentro de un marco de actividades para lograr la profesionalizaci\u00f3n de los miembros a trav\u00e9s de congresos, talleres, educaci\u00f3n virtual, impartici\u00f3n de cursos de alta direcci\u00f3n y<img decoding=\"async\" class=\"size-medium wp-image-327526 alignright\" src=\"https:\/\/dimensionturistica.com\/es\/wp-content\/uploads\/2022\/06\/AMEREF-4-300x202.jpeg\" alt=\"\" width=\"300\" height=\"202\" srcset=\"https:\/\/dimensionturistica.com\/es\/wp-content\/uploads\/2022\/06\/AMEREF-4-300x202.jpeg 300w, https:\/\/dimensionturistica.com\/es\/wp-content\/uploads\/2022\/06\/AMEREF-4-1024x688.jpeg 1024w, https:\/\/dimensionturistica.com\/es\/wp-content\/uploads\/2022\/06\/AMEREF-4-768x516.jpeg 768w, https:\/\/dimensionturistica.com\/es\/wp-content\/uploads\/2022\/06\/AMEREF-4-1536x1032.jpeg 1536w, https:\/\/dimensionturistica.com\/es\/wp-content\/uploads\/2022\/06\/AMEREF-4-750x504.jpeg 750w, https:\/\/dimensionturistica.com\/es\/wp-content\/uploads\/2022\/06\/AMEREF-4-1140x766.jpeg 1140w, https:\/\/dimensionturistica.com\/es\/wp-content\/uploads\/2022\/06\/AMEREF-4.jpeg 1551w\" sizes=\"(max-width: 300px) 100vw, 300px\" \/> certificaci\u00f3n de CVP\u201d.<br \/>\nSanders explic\u00f3 que ante el paso de pandemia por covid-19 y con miras a una mayor recuperaci\u00f3n de la industria, la AMEREF, la cual forma parte del Consejo Mexicano de la industria de Reuniones (Comir), cre\u00f3 la alianza \u201cCap\u00edtulo M\u00e9xico\u201d con la Asociaci\u00f3n Internacional de exhibiciones y eventos (IAEE por sus siglas en ingl\u00e9s), que arrancar\u00e1 en el marco del VIII Congreso Nacional. Los patrocinadores que participar\u00e1n este a\u00f1o son: Mundo Imperial, Grupo Standex, AHM Registro, ALCHILE Marketing, Notiexpos, Central Interactiva y SIENOIS.<br \/>\nLos ponentes internacionales que estar\u00e1n presentes este a\u00f1os son: Arnaldo Nardone, presidente de FIEXPO; David DuBois, presidente de IAEE (por confirmar) y Gilberto Salcedo, vicepresidente de turismo de ProColombia. En la parte de compradores-speakers estar\u00e1n: Alejandro Ram\u00edrez, presidente de Comir y CEO de BTC; Ana Paula Hern\u00e1ndez, vicepresideta para M\u00e9xico y Latam de BCD Meetings; Michell Wohlmuth 2 , presidente electo del Comir y director ejecutivo\/fundador de Creatividad; Adr\u00edan L\u00f3pez, director de Informa Markets; Jos\u00e9 Navarro, director general de Tarsus; y Liliana Cabrera, directora de 4F, entro otros.<br \/>\nEntre las actividades que se llevar\u00e1n a cabo durante el Congreso, por mencionar algunas, se realizar\u00e1 un torneo de golf entre Amigos de la Industria de Reuniones a manera de bienvenida; la Asamblea de la AMEREF, los paneles Alianzas y Sociedades en la Industria de Reuniones, La realidad de los eventos en Latinoam\u00e9rica; conferencias como El poder de Planeaci\u00f3n a mediano y largo plazo, la Master Class: IAEE y un recorrido guiado en Expo Mundo Imperial, entre otras.<\/p>\n","protected":false},"excerpt":{"rendered":"<p>La Asociaci\u00f3n Mexicana de Recintos Feriales, A.C. (AMEREF), anunci\u00f3 en conferencia de prensa la realizaci\u00f3n del VIII Congreso Nacional AMEREF, del 6 al 8 de julio de 2022 en el resort Mundo Imperial del bello puerto de Acapulco, con unico objetivo el de impulsar el desarrollo y la proyecci\u00f3n de negocios entre los recintos y [&hellip;]<\/p>\n","protected":false},"author":1,"featured_media":327530,"comment_status":"open","ping_status":"closed","sticky":false,"template":"","format":"standard","meta":{"om_disable_all_campaigns":false,"jnews-multi-image_gallery":[],"jnews_single_post":{"source_name":"","source_url":"","via_name":"","via_url":"","override_template":"0","override":[{"template":"1","single_blog_custom":"","parallax":"1","fullscreen":"1","layout":"right-sidebar","sidebar":"default-sidebar","second_sidebar":"default-sidebar","sticky_sidebar":"1","share_position":"top","share_float_style":"share-monocrhome","show_share_counter":"1","show_view_counter":"1","show_featured":"1","show_post_meta":"1","show_post_author":"1","show_post_author_image":"1","show_post_date":"1","post_date_format":"default","post_date_format_custom":"Y\/m\/d","show_post_category":"1","show_post_reading_time":"0","post_reading_time_wpm":"300","show_zoom_button":"0","zoom_button_out_step":"2","zoom_button_in_step":"3","show_post_tag":"1","show_prev_next_post":"1","show_popup_post":"1","number_popup_post":"1","show_author_box":"0","show_post_related":"0","show_inline_post_related":"0"}],"override_image_size":"0","image_override":[{"single_post_thumbnail_size":"crop-500","single_post_gallery_size":"crop-500"}],"trending_post":"0","trending_post_position":"meta","trending_post_label":"Trending","sponsored_post":"0","sponsored_post_label":"Sponsored by","sponsored_post_name":"","sponsored_post_url":"","sponsored_post_logo_enable":"0","sponsored_post_logo":"","sponsored_post_desc":"","disable_ad":"0"},"jnews_primary_category":{"id":""},"jnews_social_meta":{"fb_title":"","fb_description":"","fb_image":"","twitter_title":"","twitter_description":"","twitter_image":""},"footnotes":""},"categories":[40],"tags":[],"class_list":["post-327508","post","type-post","status-publish","format-standard","has-post-thumbnail","hentry","category-industria"],"_links":{"self":[{"href":"https:\/\/dimensionturistica.com\/es\/wp-json\/wp\/v2\/posts\/327508","targetHints":{"allow":["GET"]}}],"collection":[{"href":"https:\/\/dimensionturistica.com\/es\/wp-json\/wp\/v2\/posts"}],"about":[{"href":"https:\/\/dimensionturistica.com\/es\/wp-json\/wp\/v2\/types\/post"}],"author":[{"embeddable":true,"href":"https:\/\/dimensionturistica.com\/es\/wp-json\/wp\/v2\/users\/1"}],"replies":[{"embeddable":true,"href":"https:\/\/dimensionturistica.com\/es\/wp-json\/wp\/v2\/comments?post=327508"}],"version-history":[{"count":0,"href":"https:\/\/dimensionturistica.com\/es\/wp-json\/wp\/v2\/posts\/327508\/revisions"}],"wp:featuredmedia":[{"embeddable":true,"href":"https:\/\/dimensionturistica.com\/es\/wp-json\/wp\/v2\/media\/327530"}],"wp:attachment":[{"href":"https:\/\/dimensionturistica.com\/es\/wp-json\/wp\/v2\/media?parent=327508"}],"wp:term":[{"taxonomy":"category","embeddable":true,"href":"https:\/\/dimensionturistica.com\/es\/wp-json\/wp\/v2\/categories?post=327508"},{"taxonomy":"post_tag","embeddable":true,"href":"https:\/\/dimensionturistica.com\/es\/wp-json\/wp\/v2\/tags?post=327508"}],"curies":[{"name":"wp","href":"https:\/\/api.w.org\/{rel}","templated":true}]}}