{"id":327324,"date":"2022-06-07T11:42:39","date_gmt":"2022-06-07T11:42:39","guid":{"rendered":"https:\/\/dimensionturistica.com\/es\/?p=327324"},"modified":"2022-06-07T11:42:39","modified_gmt":"2022-06-07T11:42:39","slug":"canarias-organiza-unas-jornadas-de-turismo-en-madrid-y-barcelona-ante-150-agentes-de-congresos","status":"publish","type":"post","link":"https:\/\/dimensionturistica.com\/es\/canarias-organiza-unas-jornadas-de-turismo-en-madrid-y-barcelona-ante-150-agentes-de-congresos\/","title":{"rendered":"Canarias organiza unas jornadas de turismo en Madrid y Barcelona ante 150 agentes de congresos"},"content":{"rendered":"<p> <br \/>\n<\/p>\n<div id=\"\">\n<p><strong><img decoding=\"async\" src=\"https:\/\/www.lancelotdigital.com\/images\/2022\/06\/turismojornadas.webp\" \/><\/strong><\/p>\n<p>&#013;<\/p>\n<p><strong>Las dos ciudades espa\u00f1olas ser\u00e1n el 7 y 8 de junio el escenario de la presentaci\u00f3n de la oferta del Archipi\u00e9lago ante un escogido grupo de compradores de viajes para el segmento MICE<\/strong><\/p>\n<p>&#013;<br \/>\n &#013;<\/p>\n<p>\u00a0<\/p>\n<p>&#013;<\/p>\n<li class=\"texto\"><i class=\"fa fa-file-text-o\" \/>Lancelot Digital<\/li>\n<p>&#013;<\/p>\n<p>\u00a0<\/p>\n<p>&#013;<\/p>\n<p>La Consejer\u00eda de Turismo, Industria y Comercio del Gobierno de Canarias\u00a0 organiza entre los d\u00edas 7 y 8 de junio, y a trav\u00e9s de la empresa p\u00fablica Promotur Turismo de Islas Canarias, unas jornadas profesionales en Madrid y Barcelona dirigidas al sector de congresos, incentivos y convenciones para incrementar el grado de conocimiento de la oferta de este segmento en el mercado nacional. El objetivo es reposicionar la imagen de las Islas ante cerca de 150 agentes y compradores como un destino excepcional para la celebraci\u00f3n de sus eventos.<\/p>\n<p>&#013;<\/p>\n<p>\u00a0<\/p>\n<p>&#013;<\/p>\n<p>Tras dos duros a\u00f1os donde las restricciones como consecuencia de la pandemia hac\u00edan imposible las reuniones multitudinarias, con la vuelta a la normalidad el turismo de congresos y convenciones vuelve a retomar su ritmo. En este sentido, la consejera de Turismo, Yaiza Castilla, se\u00f1ala que \u201cvamos a impulsar este resurgir y por ello destinamos este a\u00f1o una partida de 454.000 euros no s\u00f3lo para mantener nuestra presencia en las grandes ferias del sector, sino tambi\u00e9n para organizar eventos propios como estas jornadas profesionales donde queremos recordar nuestros atributos ante compradores nacionales y resaltar aspectos que logren sorprender a los agentes\u201d.<\/p>\n<p>&#013;<\/p>\n<p>\u00a0<\/p>\n<p>&#013;<\/p>\n<p>Por eso ambos workshops se complementar\u00e1n con actividades que permitan fortalecer la concept de un destino cercano, a la vez ex\u00f3tico y con una oferta complementaria muy variada. Entre otras actividades se desarrollar\u00e1 un taller gastron\u00f3mico y cata de vinos a cargo del periodista canario y profesor de gastronom\u00eda en la Universidad de La Laguna, Francisco Bel\u00edn, que estar\u00e1 acompa\u00f1ado por la experta en vitivinicultura, Trinidad Fumero, y el reconocido chef Manuel Berriel. Asimismo se desarrollar\u00e1 un taller dirigido por la periodista especializada en viajes, Pepa Garc\u00eda, que resaltar\u00e1 aspectos poco conocidos de las Islas; el juego interactivo GIF Mirror donde los participantes pueden sacarse fotos con fondos de paisajes de Canarias; y el denominado \u201cQuintesencia\u201d donde el conocido mago Juan Luque invitar\u00e1 a descubrir curiosidades y ahondar en secretos del Archipi\u00e9lago mediante trucos de prestidigitador.<\/p>\n<p>&#013;<\/p>\n<p>\u00a0<\/p>\n<p>&#013;<\/p>\n<p>Junto al equipo de Turismo de Islas Canarias, tambi\u00e9n acudir\u00e1n representantes de los Conference Bureau de Gran Canaria, Tenerife, Lanzarote, Fuerteventura y un miembro del ente de promoci\u00f3n de La Palma, junto a empresas privadas y establecimientos hoteleros del Archipi\u00e9lago que presentar\u00e1n su amplia y espec\u00edfica oferta para este segmento.<\/p>\n<p>&#013;<\/p>\n<p>\u00a0<\/p>\n<p>&#013;<\/p>\n<p>Las tendencias en el sector MICE en estos momentos indican que vuelve a mostrar una mayor confianza en los viajes, lo que unido a la necesidad de encontrarse y negociar cara a cara, aunque sin abandonar del todo el formato h\u00edbrido, busca de nuevo la interacci\u00f3n humana destacando las pr\u00e1cticas sociales y culturales, lo que revela una nueva forma de entender los viajes de empresa donde el networking f\u00edsico seguir\u00e1 conviviendo con el digital, as\u00ed como los encuentros en auditorios con retransmisiones on-line.<\/p>\n<p>&#013;<\/p>\n<p>\u00a0<\/p>\n<p>&#013;<\/p>\n<p>El turismo de convenciones est\u00e1 considerado como un elemento dinamizador de la industria tur\u00edstica en las Islas Canarias puesto que produce un impacto significativo en el destino aportando ingresos superiores al turismo de ocio. Adem\u00e1s, crea interesantes oportunidades de trabajo ya que alrededor de cada evento se genera una amplia oferta laboral, desde restaurantes hasta empresas de transporte, de imagen y sonido y much\u00edsimas otras actividades profesionales.<\/p>\n<p>&#013;<\/p>\n<p>\u00a0<\/p>\n<p>&#013;<\/p>\n<p>Por otro lado, desestacionaliza la demanda puesto que la mayor\u00eda de los eventos MICE no se celebran ni en temporada alta ni en fines de semana. A todo ello se le suma que los asistentes utilizan su tiempo libre para conocer la ciudad, su cultura, su gastronom\u00eda, costumbres e historia, lo que contribuye sustancialmente a posicionar y mejorar la competitividad del destino.<\/p>\n<p>&#013;<\/p>\n<p>\u00a0<\/p>\n<p>&#013;<\/p>\n<p>En lo que respecta a la conectividad, el Archipi\u00e9lago cuenta con numerosas rutas entre las Islas y Madrid o Barcelona con vuelos directos a seis aeropuertos canarios. En concreto, para esta temporada la previsi\u00f3n semanal es de 204 vuelos semanales con Madrid y 90 con Barcelona, tomando como referencia una semana tipo de este verano.<\/p>\n<\/p><\/div>\n<p>\/\/<\/p>\n\n<p><em> &#8221; Fuentes www.lancelotdigital.com &#8221; <\/em><\/p>\n","protected":false},"excerpt":{"rendered":"<p>&#013; Las dos ciudades espa\u00f1olas ser\u00e1n el 7 y 8 de junio el escenario de la presentaci\u00f3n de la oferta del Archipi\u00e9lago ante un escogido grupo de compradores de viajes para el segmento MICE &#013; &#013; \u00a0 &#013; Lancelot Digital &#013; \u00a0 &#013; La Consejer\u00eda de Turismo, Industria y Comercio del Gobierno de Canarias\u00a0 organiza [&hellip;]<\/p>\n","protected":false},"author":4,"featured_media":327325,"comment_status":"open","ping_status":"closed","sticky":false,"template":"","format":"standard","meta":{"om_disable_all_campaigns":false,"jnews-multi-image_gallery":[],"jnews_single_post":[],"jnews_primary_category":[],"jnews_social_meta":[],"footnotes":""},"categories":[40],"tags":[946],"class_list":["post-327324","post","type-post","status-publish","format-standard","has-post-thumbnail","hentry","category-industria","tag-lancelot-digital-noticias-lanzarote-diario-digital-periodico-canarias-sucesos-deportes-cultura-vida-social-opinion-semanario-revista"],"_links":{"self":[{"href":"https:\/\/dimensionturistica.com\/es\/wp-json\/wp\/v2\/posts\/327324","targetHints":{"allow":["GET"]}}],"collection":[{"href":"https:\/\/dimensionturistica.com\/es\/wp-json\/wp\/v2\/posts"}],"about":[{"href":"https:\/\/dimensionturistica.com\/es\/wp-json\/wp\/v2\/types\/post"}],"author":[{"embeddable":true,"href":"https:\/\/dimensionturistica.com\/es\/wp-json\/wp\/v2\/users\/4"}],"replies":[{"embeddable":true,"href":"https:\/\/dimensionturistica.com\/es\/wp-json\/wp\/v2\/comments?post=327324"}],"version-history":[{"count":0,"href":"https:\/\/dimensionturistica.com\/es\/wp-json\/wp\/v2\/posts\/327324\/revisions"}],"wp:featuredmedia":[{"embeddable":true,"href":"https:\/\/dimensionturistica.com\/es\/wp-json\/wp\/v2\/media\/327325"}],"wp:attachment":[{"href":"https:\/\/dimensionturistica.com\/es\/wp-json\/wp\/v2\/media?parent=327324"}],"wp:term":[{"taxonomy":"category","embeddable":true,"href":"https:\/\/dimensionturistica.com\/es\/wp-json\/wp\/v2\/categories?post=327324"},{"taxonomy":"post_tag","embeddable":true,"href":"https:\/\/dimensionturistica.com\/es\/wp-json\/wp\/v2\/tags?post=327324"}],"curies":[{"name":"wp","href":"https:\/\/api.w.org\/{rel}","templated":true}]}}