{"id":327081,"date":"2022-06-07T00:13:03","date_gmt":"2022-06-07T00:13:03","guid":{"rendered":"https:\/\/dimensionturistica.com\/es\/?p=327081"},"modified":"2022-06-07T00:13:03","modified_gmt":"2022-06-07T00:13:03","slug":"miguel-torruco-inicia-operacion-toca-puertas-en-vancouver-para-impulsar-la-llegada-de-turistas-canadienses","status":"publish","type":"post","link":"https:\/\/dimensionturistica.com\/es\/miguel-torruco-inicia-operacion-toca-puertas-en-vancouver-para-impulsar-la-llegada-de-turistas-canadienses\/","title":{"rendered":"Miguel Torruco inicia Operaci\u00f3n Toca Puertas en Vancouver para impulsar la llegada de turistas canadienses"},"content":{"rendered":"<p><img decoding=\"async\" class=\"size-medium wp-image-327082 alignright\" src=\"https:\/\/dimensionturistica.com\/es\/wp-content\/uploads\/2022\/06\/Operacion-Toca-Puertas-Vancouver-1-300x200.jpeg\" alt=\"\" width=\"300\" height=\"200\" srcset=\"https:\/\/dimensionturistica.com\/es\/wp-content\/uploads\/2022\/06\/Operacion-Toca-Puertas-Vancouver-1-300x200.jpeg 300w, https:\/\/dimensionturistica.com\/es\/wp-content\/uploads\/2022\/06\/Operacion-Toca-Puertas-Vancouver-1-768x512.jpeg 768w, https:\/\/dimensionturistica.com\/es\/wp-content\/uploads\/2022\/06\/Operacion-Toca-Puertas-Vancouver-1-750x500.jpeg 750w, https:\/\/dimensionturistica.com\/es\/wp-content\/uploads\/2022\/06\/Operacion-Toca-Puertas-Vancouver-1.jpeg 1024w\" sizes=\"(max-width: 300px) 100vw, 300px\" \/>El secretario de Turismo del Gobierno de M\u00e9xico, Miguel Torruco Marqu\u00e9s, inici\u00f3 una gira de trabajo por Vancouver, Canad\u00e1, como parte del Programa Operaci\u00f3n Toca Puertas, en donde se re\u00fane con los l\u00edderes del sector de este mercado emisor de turistas.<br \/>\nDurante el primer d\u00eda de actividades, y acompa\u00f1ado de c\u00f3nsul general de M\u00e9xico en Vancouver, Berenice D\u00edaz Ceballos, el titular de la Secretar\u00eda de Turismo (Sectur) se reuni\u00f3 con la ministra de Turismo, Arte, Cultura y Deporte de Columbia Brit\u00e1nica, Melanie<img decoding=\"async\" class=\"size-medium wp-image-327083 alignright\" src=\"https:\/\/dimensionturistica.com\/es\/wp-content\/uploads\/2022\/06\/Operacion-Toca-Puertas-Vancouver-2-300x161.jpeg\" alt=\"\" width=\"300\" height=\"161\" srcset=\"https:\/\/dimensionturistica.com\/es\/wp-content\/uploads\/2022\/06\/Operacion-Toca-Puertas-Vancouver-2-300x161.jpeg 300w, https:\/\/dimensionturistica.com\/es\/wp-content\/uploads\/2022\/06\/Operacion-Toca-Puertas-Vancouver-2-768x412.jpeg 768w, https:\/\/dimensionturistica.com\/es\/wp-content\/uploads\/2022\/06\/Operacion-Toca-Puertas-Vancouver-2-750x402.jpeg 750w, https:\/\/dimensionturistica.com\/es\/wp-content\/uploads\/2022\/06\/Operacion-Toca-Puertas-Vancouver-2.jpeg 1024w\" sizes=\"(max-width: 300px) 100vw, 300px\" \/> Mark, con quien intercambi\u00f3 informaci\u00f3n para incrementar el turismo entre ambos pa\u00edses.<br \/>\nMark agradeci\u00f3 la visita e inter\u00e9s del secretario de Turismo por Vancouver, y lo invit\u00f3 a fortalecer este intercambio con todo Canad\u00e1. Reconoci\u00f3 que hay un trabajo importante por hacer para la reactivaci\u00f3n del turismo en Canad\u00e1, y destac\u00f3 que M\u00e9xico es un ejemplo por sus pol\u00edticas que le<img decoding=\"async\" class=\"size-medium wp-image-327084 alignright\" src=\"https:\/\/dimensionturistica.com\/es\/wp-content\/uploads\/2022\/06\/Ministra-de-Turismo-Arte-Cultura-y-Deporte-de-Columbia-Britanica-Melanie-Mark-1-1-300x273.jpeg\" alt=\"\" width=\"300\" height=\"273\" srcset=\"https:\/\/dimensionturistica.com\/es\/wp-content\/uploads\/2022\/06\/Ministra-de-Turismo-Arte-Cultura-y-Deporte-de-Columbia-Britanica-Melanie-Mark-1-1-300x273.jpeg 300w, https:\/\/dimensionturistica.com\/es\/wp-content\/uploads\/2022\/06\/Ministra-de-Turismo-Arte-Cultura-y-Deporte-de-Columbia-Britanica-Melanie-Mark-1-1-1024x932.jpeg 1024w, https:\/\/dimensionturistica.com\/es\/wp-content\/uploads\/2022\/06\/Ministra-de-Turismo-Arte-Cultura-y-Deporte-de-Columbia-Britanica-Melanie-Mark-1-1-768x699.jpeg 768w, https:\/\/dimensionturistica.com\/es\/wp-content\/uploads\/2022\/06\/Ministra-de-Turismo-Arte-Cultura-y-Deporte-de-Columbia-Britanica-Melanie-Mark-1-1-1536x1398.jpeg 1536w, https:\/\/dimensionturistica.com\/es\/wp-content\/uploads\/2022\/06\/Ministra-de-Turismo-Arte-Cultura-y-Deporte-de-Columbia-Britanica-Melanie-Mark-1-1-750x683.jpeg 750w, https:\/\/dimensionturistica.com\/es\/wp-content\/uploads\/2022\/06\/Ministra-de-Turismo-Arte-Cultura-y-Deporte-de-Columbia-Britanica-Melanie-Mark-1-1-1140x1037.jpeg 1140w, https:\/\/dimensionturistica.com\/es\/wp-content\/uploads\/2022\/06\/Ministra-de-Turismo-Arte-Cultura-y-Deporte-de-Columbia-Britanica-Melanie-Mark-1-1.jpeg 1600w\" sizes=\"(max-width: 300px) 100vw, 300px\" \/> permitieron tener una r\u00e1pida recuperaci\u00f3n.<br \/>\nTorruco Marqu\u00e9s se\u00f1al\u00f3 que la pol\u00edtica del presidente Andr\u00e9s Manuel L\u00f3pez Obrador est\u00e1 basada en hacer del turismo una herramienta de reconciliaci\u00f3n social.<br \/>\nLa ministra indic\u00f3: \u201cEl turismo, deporte y cultura son importantes mediante estos intercambios. Para Canad\u00e1, tambi\u00e9n son prioridad las etnias y comunidades ind\u00edgenas\u201d.<br \/>\nComo parte de las acciones del programa Operaci\u00f3n Toca Puertas en Vancouver, el titular de Sectur, junto con autoridades y representantes de asociaciones tur\u00edsticas de nuestro pa\u00eds, llev\u00f3 a cabo una serie de acciones para reactivar y ampliar el intercambio\u00a0<img decoding=\"async\" class=\"size-medium wp-image-327087 alignright\" src=\"https:\/\/dimensionturistica.com\/es\/wp-content\/uploads\/2022\/06\/Reunion-con-Keith-Henry-presidente-y-CEO-de-la-Indigenous-Tourism-Association-of-Canada-300x200.jpeg\" alt=\"\" width=\"300\" height=\"200\" srcset=\"https:\/\/dimensionturistica.com\/es\/wp-content\/uploads\/2022\/06\/Reunion-con-Keith-Henry-presidente-y-CEO-de-la-Indigenous-Tourism-Association-of-Canada-300x200.jpeg 300w, https:\/\/dimensionturistica.com\/es\/wp-content\/uploads\/2022\/06\/Reunion-con-Keith-Henry-presidente-y-CEO-de-la-Indigenous-Tourism-Association-of-Canada-1024x682.jpeg 1024w, https:\/\/dimensionturistica.com\/es\/wp-content\/uploads\/2022\/06\/Reunion-con-Keith-Henry-presidente-y-CEO-de-la-Indigenous-Tourism-Association-of-Canada-768x512.jpeg 768w, https:\/\/dimensionturistica.com\/es\/wp-content\/uploads\/2022\/06\/Reunion-con-Keith-Henry-presidente-y-CEO-de-la-Indigenous-Tourism-Association-of-Canada-750x500.jpeg 750w, https:\/\/dimensionturistica.com\/es\/wp-content\/uploads\/2022\/06\/Reunion-con-Keith-Henry-presidente-y-CEO-de-la-Indigenous-Tourism-Association-of-Canada-1140x760.jpeg 1140w, https:\/\/dimensionturistica.com\/es\/wp-content\/uploads\/2022\/06\/Reunion-con-Keith-Henry-presidente-y-CEO-de-la-Indigenous-Tourism-Association-of-Canada.jpeg 1280w\" sizes=\"(max-width: 300px) 100vw, 300px\" \/> tur\u00edstico entre ambos pa\u00edses; adem\u00e1s de promover los destinos de M\u00e9xico ante las instancias gubernamentales y el sector privado.<br \/>\nDestac\u00f3 que Canad\u00e1 es el segundo mercado emisor de turistas internacionales m\u00e1s importante y M\u00e9xico es el quinto mercado de entrada m\u00e1s grande para Canad\u00e1; lo que representa un fuerte movimiento de visitantes que generan millones de d\u00f3lares en gasto tur\u00edstico.<br \/>\nDurante la Operaci\u00f3n Toca Puertas, el secretario de Turismo sostuvo un encuentro con Keith Henry, presidente y CEO de la Indigenous Tourism Association of Canada, con el prop\u00f3sito de emprender proyectos ind\u00edgenas de turismo de naturaleza en M\u00e9xico.<br \/>\nEn esta reuni\u00f3n, coincidieron en la importancia de dignificar y fortalecer a las comunidades ind\u00edgenas que son de gran valor para las culturas y parte fundamental de nuestras ra\u00edces, y se analizar\u00e1n diferentes proyectos para emprender el turismo \u00e9tnico y de<img decoding=\"async\" class=\"size-medium wp-image-327088 alignright\" src=\"https:\/\/dimensionturistica.com\/es\/wp-content\/uploads\/2022\/06\/Reunion-con-Keith-Henry-presidente-y-CEO-de-la-Indigenous-Tourism-Association-of-Canada-300x200.jpg\" alt=\"\" width=\"300\" height=\"200\" srcset=\"https:\/\/dimensionturistica.com\/es\/wp-content\/uploads\/2022\/06\/Reunion-con-Keith-Henry-presidente-y-CEO-de-la-Indigenous-Tourism-Association-of-Canada-300x200.jpg 300w, https:\/\/dimensionturistica.com\/es\/wp-content\/uploads\/2022\/06\/Reunion-con-Keith-Henry-presidente-y-CEO-de-la-Indigenous-Tourism-Association-of-Canada-1024x683.jpg 1024w, https:\/\/dimensionturistica.com\/es\/wp-content\/uploads\/2022\/06\/Reunion-con-Keith-Henry-presidente-y-CEO-de-la-Indigenous-Tourism-Association-of-Canada-768x512.jpg 768w, https:\/\/dimensionturistica.com\/es\/wp-content\/uploads\/2022\/06\/Reunion-con-Keith-Henry-presidente-y-CEO-de-la-Indigenous-Tourism-Association-of-Canada-1536x1024.jpg 1536w, https:\/\/dimensionturistica.com\/es\/wp-content\/uploads\/2022\/06\/Reunion-con-Keith-Henry-presidente-y-CEO-de-la-Indigenous-Tourism-Association-of-Canada-750x500.jpg 750w, https:\/\/dimensionturistica.com\/es\/wp-content\/uploads\/2022\/06\/Reunion-con-Keith-Henry-presidente-y-CEO-de-la-Indigenous-Tourism-Association-of-Canada-1140x760.jpg 1140w, https:\/\/dimensionturistica.com\/es\/wp-content\/uploads\/2022\/06\/Reunion-con-Keith-Henry-presidente-y-CEO-de-la-Indigenous-Tourism-Association-of-Canada.jpg 2048w\" sizes=\"(max-width: 300px) 100vw, 300px\" \/> naturaleza en M\u00e9xico.<br \/>\nTorruco Marqu\u00e9s tambi\u00e9n convers\u00f3 con Marsha Walden, presidente y CEO de Destination Canada, sobre las tendencias de la relaci\u00f3n bilateral entre ambos pa\u00edses, los acuerdos de colaboraci\u00f3n que potenciar\u00e1n la actividad tur\u00edstica.<br \/>\nEn este encuentro, los representantes de los destinos de M\u00e9xico expusieron sus atractivos y productos tur\u00edsticos.<br \/>\nEl subsecretario de Turismo de Baja California, Jos\u00e9 de Jes\u00fas Qui\u00f1onez Ram\u00edrez, expuso la ruta del vino en la entidad, e hizo la invitaci\u00f3n al 43 Congreso Mundial de la Vi\u00f1a y el Vino a realizarse en Ensenada del 21 de octubre al 3 de noviembre de 2022.<br \/>\nPor su parte, la directora de Promoci\u00f3n, Ventas y Marketing del<img decoding=\"async\" class=\"size-medium wp-image-327089 alignright\" src=\"https:\/\/dimensionturistica.com\/es\/wp-content\/uploads\/2022\/06\/Reunion-con-Marsha-Walden-presidente-y-CEO-de-Destination-Canada-2-300x200.jpg\" alt=\"\" width=\"300\" height=\"200\" srcset=\"https:\/\/dimensionturistica.com\/es\/wp-content\/uploads\/2022\/06\/Reunion-con-Marsha-Walden-presidente-y-CEO-de-Destination-Canada-2-300x200.jpg 300w, https:\/\/dimensionturistica.com\/es\/wp-content\/uploads\/2022\/06\/Reunion-con-Marsha-Walden-presidente-y-CEO-de-Destination-Canada-2-1024x683.jpg 1024w, https:\/\/dimensionturistica.com\/es\/wp-content\/uploads\/2022\/06\/Reunion-con-Marsha-Walden-presidente-y-CEO-de-Destination-Canada-2-768x512.jpg 768w, https:\/\/dimensionturistica.com\/es\/wp-content\/uploads\/2022\/06\/Reunion-con-Marsha-Walden-presidente-y-CEO-de-Destination-Canada-2-1536x1025.jpg 1536w, https:\/\/dimensionturistica.com\/es\/wp-content\/uploads\/2022\/06\/Reunion-con-Marsha-Walden-presidente-y-CEO-de-Destination-Canada-2-750x500.jpg 750w, https:\/\/dimensionturistica.com\/es\/wp-content\/uploads\/2022\/06\/Reunion-con-Marsha-Walden-presidente-y-CEO-de-Destination-Canada-2-1140x761.jpg 1140w, https:\/\/dimensionturistica.com\/es\/wp-content\/uploads\/2022\/06\/Reunion-con-Marsha-Walden-presidente-y-CEO-de-Destination-Canada-2.jpg 1569w\" sizes=\"(max-width: 300px) 100vw, 300px\" \/> Fideicomiso de Promoci\u00f3n Tur\u00edstica del Estado de Nayarit, Lucero Guerrero Brambila, destac\u00f3: \u201cAlgo importante est\u00e1 ocurriendo en Nayarit\u201d, ya que actualmente el estado se ubica en el primer lugar en inversi\u00f3n.<br \/>\nLa subsecretaria de Turismo Sostenible de la Secretar\u00eda de Turismo de Nuevo Le\u00f3n, Sara Riojas de la Pe\u00f1a, habl\u00f3 de la conectividad a\u00e9rea y de los eventos de talla internacional programados que incentivan la llegada de visitantes.<br \/>\nEn tanto, la gerente de Desarrollo de Proyectos del Fideicomiso de Turismo de Los Cabos, Paulina Aguilar, detall\u00f3 la oferta que hay para el turismo de reuniones, de salud; as\u00ed como la sustentabilidad y la conectividad a\u00e9rea.<br \/>\nEn esta gira asisten por parte de Sectur, el subsecretario de Turismo Humberto Hern\u00e1ndez-Haddad; el director general de Promoci\u00f3n y Asuntos Internacionales, Emmanuel Rey; y el director de Comunicaci\u00f3n Social, Enrique Avil\u00e9s.<br \/>\nPor parte del sector privado acuden el presidente de Concanaco Servytur, H\u00e9ctor Tejada Shaar, as\u00ed como los presidentes de la Asociaci\u00f3n de Hoteles de Canc\u00fan, Puerto Morelos e Isla Mujeres, Jes\u00fas Almaguer Salazar; y de la Asociaci\u00f3n Mexicana de Agentes de Viajes, Eduardo Paniagua.<\/p>\n","protected":false},"excerpt":{"rendered":"<p>El secretario de Turismo del Gobierno de M\u00e9xico, Miguel Torruco Marqu\u00e9s, inici\u00f3 una gira de trabajo por Vancouver, Canad\u00e1, como parte del Programa Operaci\u00f3n Toca Puertas, en donde se re\u00fane con los l\u00edderes del sector de este mercado emisor de turistas. Durante el primer d\u00eda de actividades, y acompa\u00f1ado de c\u00f3nsul general de M\u00e9xico en [&hellip;]<\/p>\n","protected":false},"author":1,"featured_media":327087,"comment_status":"open","ping_status":"closed","sticky":false,"template":"","format":"standard","meta":{"om_disable_all_campaigns":false,"jnews-multi-image_gallery":[],"jnews_single_post":{"source_name":"","source_url":"","via_name":"","via_url":"","override_template":"0","override":[{"template":"1","single_blog_custom":"","parallax":"1","fullscreen":"1","layout":"right-sidebar","sidebar":"default-sidebar","second_sidebar":"default-sidebar","sticky_sidebar":"1","share_position":"top","share_float_style":"share-monocrhome","show_share_counter":"1","show_view_counter":"1","show_featured":"1","show_post_meta":"1","show_post_author":"1","show_post_author_image":"1","show_post_date":"1","post_date_format":"default","post_date_format_custom":"Y\/m\/d","show_post_category":"1","show_post_reading_time":"0","post_reading_time_wpm":"300","show_zoom_button":"0","zoom_button_out_step":"2","zoom_button_in_step":"3","show_post_tag":"1","show_prev_next_post":"1","show_popup_post":"1","number_popup_post":"1","show_author_box":"0","show_post_related":"0","show_inline_post_related":"0"}],"override_image_size":"0","image_override":[{"single_post_thumbnail_size":"crop-500","single_post_gallery_size":"crop-500"}],"trending_post":"0","trending_post_position":"meta","trending_post_label":"Trending","sponsored_post":"0","sponsored_post_label":"Sponsored by","sponsored_post_name":"","sponsored_post_url":"","sponsored_post_logo_enable":"0","sponsored_post_logo":"","sponsored_post_desc":"","disable_ad":"0"},"jnews_primary_category":{"id":""},"jnews_social_meta":{"fb_title":"","fb_description":"","fb_image":"","twitter_title":"","twitter_description":"","twitter_image":""},"footnotes":""},"categories":[39],"tags":[],"class_list":["post-327081","post","type-post","status-publish","format-standard","has-post-thumbnail","hentry","category-viajes"],"_links":{"self":[{"href":"https:\/\/dimensionturistica.com\/es\/wp-json\/wp\/v2\/posts\/327081","targetHints":{"allow":["GET"]}}],"collection":[{"href":"https:\/\/dimensionturistica.com\/es\/wp-json\/wp\/v2\/posts"}],"about":[{"href":"https:\/\/dimensionturistica.com\/es\/wp-json\/wp\/v2\/types\/post"}],"author":[{"embeddable":true,"href":"https:\/\/dimensionturistica.com\/es\/wp-json\/wp\/v2\/users\/1"}],"replies":[{"embeddable":true,"href":"https:\/\/dimensionturistica.com\/es\/wp-json\/wp\/v2\/comments?post=327081"}],"version-history":[{"count":0,"href":"https:\/\/dimensionturistica.com\/es\/wp-json\/wp\/v2\/posts\/327081\/revisions"}],"wp:featuredmedia":[{"embeddable":true,"href":"https:\/\/dimensionturistica.com\/es\/wp-json\/wp\/v2\/media\/327087"}],"wp:attachment":[{"href":"https:\/\/dimensionturistica.com\/es\/wp-json\/wp\/v2\/media?parent=327081"}],"wp:term":[{"taxonomy":"category","embeddable":true,"href":"https:\/\/dimensionturistica.com\/es\/wp-json\/wp\/v2\/categories?post=327081"},{"taxonomy":"post_tag","embeddable":true,"href":"https:\/\/dimensionturistica.com\/es\/wp-json\/wp\/v2\/tags?post=327081"}],"curies":[{"name":"wp","href":"https:\/\/api.w.org\/{rel}","templated":true}]}}