{"id":326874,"date":"2022-06-06T16:10:29","date_gmt":"2022-06-06T16:10:29","guid":{"rendered":"https:\/\/dimensionturistica.com\/es\/?p=326874"},"modified":"2022-06-06T16:10:29","modified_gmt":"2022-06-06T16:10:29","slug":"sera-chignahuapan-sede-de-la-carrera-spartan-race","status":"publish","type":"post","link":"https:\/\/dimensionturistica.com\/es\/sera-chignahuapan-sede-de-la-carrera-spartan-race\/","title":{"rendered":"Ser\u00e1 Chignahuapan sede de la carrera \u201cSpartan Race\u201d"},"content":{"rendered":"<p><img decoding=\"async\" class=\"size-medium wp-image-326875 alignright\" src=\"https:\/\/dimensionturistica.com\/es\/wp-content\/uploads\/2022\/06\/unnamed-6-300x200.jpg\" alt=\"\" width=\"300\" height=\"200\" srcset=\"https:\/\/dimensionturistica.com\/es\/wp-content\/uploads\/2022\/06\/unnamed-6-300x200.jpg 300w, https:\/\/dimensionturistica.com\/es\/wp-content\/uploads\/2022\/06\/unnamed-6-1024x683.jpg 1024w, https:\/\/dimensionturistica.com\/es\/wp-content\/uploads\/2022\/06\/unnamed-6-768x512.jpg 768w, https:\/\/dimensionturistica.com\/es\/wp-content\/uploads\/2022\/06\/unnamed-6-1536x1024.jpg 1536w, https:\/\/dimensionturistica.com\/es\/wp-content\/uploads\/2022\/06\/unnamed-6-2048x1365.jpg 2048w, https:\/\/dimensionturistica.com\/es\/wp-content\/uploads\/2022\/06\/unnamed-6-750x500.jpg 750w, https:\/\/dimensionturistica.com\/es\/wp-content\/uploads\/2022\/06\/unnamed-6-1140x760.jpg 1140w\" sizes=\"(max-width: 300px) 100vw, 300px\" \/>Como parte de las acciones para promover el turismo interno, el municipio de Chignahuapan ser\u00e1 sede de la carrera de obst\u00e1culos m\u00e1s importante a nivel mundial, \u201cSpartan Race\u201d, la cual se llevar\u00e1 a cabo los d\u00edas s\u00e1bado 11 y domingo 12 de junio, inform\u00f3 la secretaria del ramo, Marta Ornelas Guerrero.<br \/>\nLa funcionaria indic\u00f3 que la Secretar\u00eda de Turismo promueve la realizaci\u00f3n de actividades de talla internacional que sirvan como escaparate para dar a conocer la riqueza tur\u00edstica con que cuenta el estado de Puebla, adem\u00e1s de que fortalezcan la econom\u00eda, como en este caso que est\u00e1 prevista una derrama de 6 millones de pesos.<br \/>\nDurante su intervenci\u00f3n, el presidente municipal de Chignahuapan, Lorenzo Rivera Nava mencion\u00f3 que el municipio cuenta con m\u00e1s de mil 72 habitaciones (entre hoteles, caba\u00f1as, b\u00fangalos, glamping y posadas), infraestructura que, junto con Zacatl\u00e1n y Huauchinango, podr\u00e1 albergar tanto a los 3 mil 500 participantes y 20 mil visitantes previstos.<img decoding=\"async\" class=\"size-medium wp-image-326877 alignright\" src=\"https:\/\/dimensionturistica.com\/es\/wp-content\/uploads\/2022\/06\/unnamed-1-4-300x200.jpg\" alt=\"\" width=\"300\" height=\"200\" srcset=\"https:\/\/dimensionturistica.com\/es\/wp-content\/uploads\/2022\/06\/unnamed-1-4-300x200.jpg 300w, https:\/\/dimensionturistica.com\/es\/wp-content\/uploads\/2022\/06\/unnamed-1-4-1024x683.jpg 1024w, https:\/\/dimensionturistica.com\/es\/wp-content\/uploads\/2022\/06\/unnamed-1-4-768x512.jpg 768w, https:\/\/dimensionturistica.com\/es\/wp-content\/uploads\/2022\/06\/unnamed-1-4-1536x1024.jpg 1536w, https:\/\/dimensionturistica.com\/es\/wp-content\/uploads\/2022\/06\/unnamed-1-4-2048x1365.jpg 2048w, https:\/\/dimensionturistica.com\/es\/wp-content\/uploads\/2022\/06\/unnamed-1-4-750x500.jpg 750w, https:\/\/dimensionturistica.com\/es\/wp-content\/uploads\/2022\/06\/unnamed-1-4-1140x760.jpg 1140w\" sizes=\"(max-width: 300px) 100vw, 300px\" \/><br \/>\nEduardo Moreno, director de \u201cSpartan\u201d, agradeci\u00f3 las facilidades otorgadas por el Gobierno del Estado. Record\u00f3 que esta es la cuarta carrera que organizan en Chignahuapan, con atletas de Holanda, Eslovenia, Colombia, Chile, Brasil, Costa Rica, Guatemala y Argentina, y en los que participantes de Estados Unidos, Canad\u00e1 y M\u00e9xico buscar\u00e1n sumar puntos para el campeonato mundial que celebrar\u00e1n en septiembre.<br \/>\nEn representaci\u00f3n de los corredores, los atletas \u00e9lite, Mar\u00eda del Carmen Barriga y Miguel \u00c1ngel S\u00e1nchez Pont\u00f3n invitaron a las y los poblanos a sumarse a la carrera y disfrutar de los espacios naturales con los que cuentan los Pueblos M\u00e1gicos de Puebla.<\/p>\n","protected":false},"excerpt":{"rendered":"<p>Como parte de las acciones para promover el turismo interno, el municipio de Chignahuapan ser\u00e1 sede de la carrera de obst\u00e1culos m\u00e1s importante a nivel mundial, \u201cSpartan Race\u201d, la cual se llevar\u00e1 a cabo los d\u00edas s\u00e1bado 11 y domingo 12 de junio, inform\u00f3 la secretaria del ramo, Marta Ornelas Guerrero. La funcionaria indic\u00f3 que [&hellip;]<\/p>\n","protected":false},"author":1,"featured_media":326876,"comment_status":"open","ping_status":"closed","sticky":false,"template":"","format":"standard","meta":{"om_disable_all_campaigns":false,"jnews-multi-image_gallery":[],"jnews_single_post":{"source_name":"","source_url":"","via_name":"","via_url":"","override_template":"0","override":[{"template":"1","single_blog_custom":"","parallax":"1","fullscreen":"1","layout":"right-sidebar","sidebar":"default-sidebar","second_sidebar":"default-sidebar","sticky_sidebar":"1","share_position":"top","share_float_style":"share-monocrhome","show_share_counter":"1","show_view_counter":"1","show_featured":"1","show_post_meta":"1","show_post_author":"1","show_post_author_image":"1","show_post_date":"1","post_date_format":"default","post_date_format_custom":"Y\/m\/d","show_post_category":"1","show_post_reading_time":"0","post_reading_time_wpm":"300","show_zoom_button":"0","zoom_button_out_step":"2","zoom_button_in_step":"3","show_post_tag":"1","show_prev_next_post":"1","show_popup_post":"1","number_popup_post":"1","show_author_box":"0","show_post_related":"0","show_inline_post_related":"0"}],"override_image_size":"0","image_override":[{"single_post_thumbnail_size":"crop-500","single_post_gallery_size":"crop-500"}],"trending_post":"0","trending_post_position":"meta","trending_post_label":"Trending","sponsored_post":"0","sponsored_post_label":"Sponsored by","sponsored_post_name":"","sponsored_post_url":"","sponsored_post_logo_enable":"0","sponsored_post_logo":"","sponsored_post_desc":"","disable_ad":"0"},"jnews_primary_category":{"id":""},"jnews_social_meta":{"fb_title":"","fb_description":"","fb_image":"","twitter_title":"","twitter_description":"","twitter_image":""},"footnotes":""},"categories":[39],"tags":[],"class_list":["post-326874","post","type-post","status-publish","format-standard","has-post-thumbnail","hentry","category-viajes"],"_links":{"self":[{"href":"https:\/\/dimensionturistica.com\/es\/wp-json\/wp\/v2\/posts\/326874","targetHints":{"allow":["GET"]}}],"collection":[{"href":"https:\/\/dimensionturistica.com\/es\/wp-json\/wp\/v2\/posts"}],"about":[{"href":"https:\/\/dimensionturistica.com\/es\/wp-json\/wp\/v2\/types\/post"}],"author":[{"embeddable":true,"href":"https:\/\/dimensionturistica.com\/es\/wp-json\/wp\/v2\/users\/1"}],"replies":[{"embeddable":true,"href":"https:\/\/dimensionturistica.com\/es\/wp-json\/wp\/v2\/comments?post=326874"}],"version-history":[{"count":0,"href":"https:\/\/dimensionturistica.com\/es\/wp-json\/wp\/v2\/posts\/326874\/revisions"}],"wp:featuredmedia":[{"embeddable":true,"href":"https:\/\/dimensionturistica.com\/es\/wp-json\/wp\/v2\/media\/326876"}],"wp:attachment":[{"href":"https:\/\/dimensionturistica.com\/es\/wp-json\/wp\/v2\/media?parent=326874"}],"wp:term":[{"taxonomy":"category","embeddable":true,"href":"https:\/\/dimensionturistica.com\/es\/wp-json\/wp\/v2\/categories?post=326874"},{"taxonomy":"post_tag","embeddable":true,"href":"https:\/\/dimensionturistica.com\/es\/wp-json\/wp\/v2\/tags?post=326874"}],"curies":[{"name":"wp","href":"https:\/\/api.w.org\/{rel}","templated":true}]}}