{"id":326567,"date":"2022-06-06T00:33:15","date_gmt":"2022-06-06T00:33:15","guid":{"rendered":"https:\/\/dimensionturistica.com\/es\/?p=326567"},"modified":"2022-06-06T00:33:15","modified_gmt":"2022-06-06T00:33:15","slug":"profesionales-del-turismo-belga-visitan-alicante","status":"publish","type":"post","link":"https:\/\/dimensionturistica.com\/es\/profesionales-del-turismo-belga-visitan-alicante\/","title":{"rendered":"Profesionales del turismo belga visitan Alicante"},"content":{"rendered":"<p> <br \/>\n<\/p>\n<p>La vicealcaldesa ha asegurado que &#8220;la programaci\u00f3n de vuelos con B\u00e9lgica supone una gran oportunidad para la ciudad y este tipo de acciones son fundamentales para asentar las relaciones&#8221;<\/p>\n<div>\n<p><span data-contrast=\"auto\">La Asociaci\u00f3n Provincial de Hoteles y Alojamientos Tur\u00edsticos de Alicante (APHA) con la colaboraci\u00f3n del Patronato de Turismo Alicante Metropolis&amp;Seaside han organizado un &#8220;fam trip&#8221; de touroperadores y agentes de viajes belgas que visitan Alicante desde el martes y hasta el jueves d\u00eda 2 para conocer el destino y poder comercializar despu\u00e9s sus viajes.<\/span><span data-ccp-props=\"{\">\u00a0<\/span><\/p>\n<p><span data-contrast=\"auto\">La vicealcaldesa y responsable del Patronato Alicante Metropolis&amp;Seaside, <strong>Mari Carmen S\u00e1nchez<\/strong>, ha explicado que &#8220;es la segunda iniciativa de estas caracter\u00edsticas que emprendemos este mes, la primera fue con profesionales holandeses y en esta ocasi\u00f3n son agentes del sector de B\u00e9lgica quienes nos visitan&#8221;. S\u00e1nchez ha destacado que el mercado belga &#8220;ha ido creciendo en nuestra ciudad en los \u00faltimos a\u00f1os y las previsiones son muy buenas con una programaci\u00f3n de vuelos para este verano que alcanza los 300.000 asientos ofertados con destino al aeropuerto Alicante-Elche desde cinco aeropuertos belgas,\u00a0lo que supone una gran oportunidad para la ciudad&#8221; por lo que &#8220;este tipo de acciones son fundamentales para asentar las relaciones y el flujo de turistas&#8221;.<\/span><span data-ccp-props=\"{\">\u00a0<\/span><\/p>\n<p>\u00a0<\/p>\n<p><span data-contrast=\"auto\">El grupo, compuesto por ocho personas entre agentes de viajes, consultores, influencers y periodistas,\u00a0lleg\u00f3 el\u00a0martes a la ciudad y dentro del programa previsto ha podido conocer la oferta de deportes n\u00e1uticos en la playa de San Juan para despu\u00e9s de comer desplazarse al Castillo de Santa B\u00e1rbara para conocer la fortaleza y degustar una cata de Fondill\u00f3n y turr\u00f3n. Este\u00a0mi\u00e9rcoles se\u00a0han desplazado\u00a0a la isla de Tabarca y a media tarde regresan a Alicante para poder conocer la oferta para el turismo de compras y el centro de la ciudad. El jueves mantendr\u00e1n una jornada de &#8220;networking&#8221; con afiliados de APHA y para cerrar el &#8220;fam trip&#8221; se les ofrecer\u00e1 una ruta\u00a0gastron\u00f3mica\u00a0para degustar productos t\u00edpicos alicantinos de kil\u00f3metro 0.<\/span><span data-ccp-props=\"{\">\u00a0<\/span><\/p>\n<p><span data-contrast=\"auto\">Los clientes de estos profesionales son fundamentalmente familias y parejas, pero tambi\u00e9n empresas que buscan realizar viajes de incentivos o experiencias individualizadas.<\/span><span data-ccp-props=\"{\">\u00a0<\/span><\/p>\n<p><span data-ccp-props=\"{\">\u00a0<\/span><\/p>\n<\/p><\/div>\n\n<p><em> &#8221; Fuentes www.esdiario.com &#8221; <\/em><\/p>\n","protected":false},"excerpt":{"rendered":"<p>La vicealcaldesa ha asegurado que &#8220;la programaci\u00f3n de vuelos con B\u00e9lgica supone una gran oportunidad para la ciudad y este tipo de acciones son fundamentales para asentar las relaciones&#8221; La Asociaci\u00f3n Provincial de Hoteles y Alojamientos Tur\u00edsticos de Alicante (APHA) con la colaboraci\u00f3n del Patronato de Turismo Alicante Metropolis&amp;Seaside han organizado un &#8220;fam trip&#8221; de [&hellip;]<\/p>\n","protected":false},"author":4,"featured_media":326568,"comment_status":"open","ping_status":"closed","sticky":false,"template":"","format":"standard","meta":{"om_disable_all_campaigns":false,"jnews-multi-image_gallery":[],"jnews_single_post":[],"jnews_primary_category":[],"jnews_social_meta":[],"footnotes":""},"categories":[40],"tags":[544],"class_list":["post-326567","post","type-post","status-publish","format-standard","has-post-thumbnail","hentry","category-industria","tag-turismo"],"_links":{"self":[{"href":"https:\/\/dimensionturistica.com\/es\/wp-json\/wp\/v2\/posts\/326567","targetHints":{"allow":["GET"]}}],"collection":[{"href":"https:\/\/dimensionturistica.com\/es\/wp-json\/wp\/v2\/posts"}],"about":[{"href":"https:\/\/dimensionturistica.com\/es\/wp-json\/wp\/v2\/types\/post"}],"author":[{"embeddable":true,"href":"https:\/\/dimensionturistica.com\/es\/wp-json\/wp\/v2\/users\/4"}],"replies":[{"embeddable":true,"href":"https:\/\/dimensionturistica.com\/es\/wp-json\/wp\/v2\/comments?post=326567"}],"version-history":[{"count":0,"href":"https:\/\/dimensionturistica.com\/es\/wp-json\/wp\/v2\/posts\/326567\/revisions"}],"wp:featuredmedia":[{"embeddable":true,"href":"https:\/\/dimensionturistica.com\/es\/wp-json\/wp\/v2\/media\/326568"}],"wp:attachment":[{"href":"https:\/\/dimensionturistica.com\/es\/wp-json\/wp\/v2\/media?parent=326567"}],"wp:term":[{"taxonomy":"category","embeddable":true,"href":"https:\/\/dimensionturistica.com\/es\/wp-json\/wp\/v2\/categories?post=326567"},{"taxonomy":"post_tag","embeddable":true,"href":"https:\/\/dimensionturistica.com\/es\/wp-json\/wp\/v2\/tags?post=326567"}],"curies":[{"name":"wp","href":"https:\/\/api.w.org\/{rel}","templated":true}]}}