{"id":326132,"date":"2022-06-04T15:34:40","date_gmt":"2022-06-04T15:34:40","guid":{"rendered":"https:\/\/dimensionturistica.com\/es\/?p=326132"},"modified":"2022-06-04T15:34:40","modified_gmt":"2022-06-04T15:34:40","slug":"el-secretario-de-turismo-miguel-torruco-marques-y-el-gobernador-de-baja-california-sur-victor-castro-cosio-anunciaron-el-incremento-de-frecuencias-en-tres-rutas-a-los-cabos-de-viva-aerobus","status":"publish","type":"post","link":"https:\/\/dimensionturistica.com\/es\/el-secretario-de-turismo-miguel-torruco-marques-y-el-gobernador-de-baja-california-sur-victor-castro-cosio-anunciaron-el-incremento-de-frecuencias-en-tres-rutas-a-los-cabos-de-viva-aerobus\/","title":{"rendered":"El secretario de Turismo, Miguel Torruco Marqu\u00e9s, y el gobernador de Baja California Sur, V\u00edctor Castro Cos\u00edo, anunciaron el incremento de frecuencias en tres rutas a Los Cabos de Viva Aerobus."},"content":{"rendered":"<p><img decoding=\"async\" class=\"size-medium wp-image-326136 alignleft\" src=\"https:\/\/dimensionturistica.com\/es\/wp-content\/uploads\/2022\/06\/Reunion-con-el-gobernador-de-Baja-California-Sur-Victor-Castro-Cosio-4-300x163.jpeg\" alt=\"\" width=\"300\" height=\"163\" srcset=\"https:\/\/dimensionturistica.com\/es\/wp-content\/uploads\/2022\/06\/Reunion-con-el-gobernador-de-Baja-California-Sur-Victor-Castro-Cosio-4-300x163.jpeg 300w, https:\/\/dimensionturistica.com\/es\/wp-content\/uploads\/2022\/06\/Reunion-con-el-gobernador-de-Baja-California-Sur-Victor-Castro-Cosio-4-768x419.jpeg 768w, https:\/\/dimensionturistica.com\/es\/wp-content\/uploads\/2022\/06\/Reunion-con-el-gobernador-de-Baja-California-Sur-Victor-Castro-Cosio-4-750x409.jpeg 750w, https:\/\/dimensionturistica.com\/es\/wp-content\/uploads\/2022\/06\/Reunion-con-el-gobernador-de-Baja-California-Sur-Victor-Castro-Cosio-4.jpeg 1024w\" sizes=\"(max-width: 300px) 100vw, 300px\" \/>El secretario de Turismo del Gobierno de M\u00e9xico, Miguel Torruco Marqu\u00e9s, acompa\u00f1ado del gobernador de Baja California Sur, V\u00edctor Castro Cos\u00edo, anunci\u00f3 el incremento de frecuencias desde y hacia Los Cabos, por parte de la aerol\u00ednea Viva Aerobus.\u00a0 El titular de la Secretar\u00eda de Turismo (Sectur) inform\u00f3 que la ruta de Culiac\u00e1n pasar\u00e1 de seis a siete frecuencias semanales; la de Guadalajara, de siete a 13 frecuencias por semana; y la de Tijuana de cinco a siete frecuencias.<br \/>\nEn la reuni\u00f3n estuvieron presentes Rosa Maribel Collins S\u00e1nchez, secretaria de Turismo y Econom\u00eda de Baja California Sur; Paola Cota Davis, alcaldesa de Loreto; Natalia Ruffo Casta\u00f1o, directora de Turismo del Ayuntamiento de La Paz; Walfred Castro, director de Comunicaci\u00f3n Corporativa de Viva Aerobus; y Rub\u00e9n L\u00f3pez L\u00f3pez, director de Planeaci\u00f3n de Rutas de Viva Aerobus.<br \/>\nTorruco Marqu\u00e9s destac\u00f3 el importante papel que juega la conectividad a\u00e9rea en el impulso de la actividad tur\u00edstica, y reconoci\u00f3 el trabajo de la aerol\u00ednea para facilitar la llegada de viajeros desde y hacia los diferentes destinos del pa\u00eds.<br \/>\nEl secretario de Turismo y las autoridades de Baja California Sur, tambi\u00e9n sostuvieron una reuni\u00f3n<img decoding=\"async\" class=\" wp-image-326137 alignleft\" src=\"https:\/\/dimensionturistica.com\/es\/wp-content\/uploads\/2022\/06\/Reunion-con-el-gobernador-de-Baja-California-Sur-Victor-Castro-Cosio-1-300x80.jpeg\" alt=\"\" width=\"863\" height=\"230\" srcset=\"https:\/\/dimensionturistica.com\/es\/wp-content\/uploads\/2022\/06\/Reunion-con-el-gobernador-de-Baja-California-Sur-Victor-Castro-Cosio-1-300x80.jpeg 300w, https:\/\/dimensionturistica.com\/es\/wp-content\/uploads\/2022\/06\/Reunion-con-el-gobernador-de-Baja-California-Sur-Victor-Castro-Cosio-1-768x204.jpeg 768w, https:\/\/dimensionturistica.com\/es\/wp-content\/uploads\/2022\/06\/Reunion-con-el-gobernador-de-Baja-California-Sur-Victor-Castro-Cosio-1-750x199.jpeg 750w, https:\/\/dimensionturistica.com\/es\/wp-content\/uploads\/2022\/06\/Reunion-con-el-gobernador-de-Baja-California-Sur-Victor-Castro-Cosio-1.jpeg 1024w\" sizes=\"(max-width: 863px) 100vw, 863px\" \/> con una de las empresas de cruceros m\u00e1s importantes del mundo, Carnival Cruise Line, representada por Stefano Borzone, vicepresidente senior de Grupo Carnival, en donde estuvo presente John McCarthy, socio director de Leisure Partners; acercamiento que fue muy importante para conocer diferentes alternativas de turismo de cruceros.<br \/>\nDurante su visita, tambi\u00e9n hicieron un recorrido por el Centro de Geointeligencia \u201cAlfonso Garc\u00eda Gonz\u00e1lez\u201d de los \u00c1ngeles Verdes, en donde conocieron el proceso mediante el cual se fortalecer\u00e1 el servicio de asistencia a los turistas que viajan por las carreteras del pa\u00eds.<\/p>\n","protected":false},"excerpt":{"rendered":"<p>El secretario de Turismo del Gobierno de M\u00e9xico, Miguel Torruco Marqu\u00e9s, acompa\u00f1ado del gobernador de Baja California Sur, V\u00edctor Castro Cos\u00edo, anunci\u00f3 el incremento de frecuencias desde y hacia Los Cabos, por parte de la aerol\u00ednea Viva Aerobus.\u00a0 El titular de la Secretar\u00eda de Turismo (Sectur) inform\u00f3 que la ruta de Culiac\u00e1n pasar\u00e1 de seis [&hellip;]<\/p>\n","protected":false},"author":1,"featured_media":326138,"comment_status":"open","ping_status":"closed","sticky":false,"template":"","format":"standard","meta":{"om_disable_all_campaigns":false,"jnews-multi-image_gallery":[],"jnews_single_post":{"source_name":"","source_url":"","via_name":"","via_url":"","override_template":"0","override":[{"template":"1","single_blog_custom":"","parallax":"1","fullscreen":"1","layout":"right-sidebar","sidebar":"default-sidebar","second_sidebar":"default-sidebar","sticky_sidebar":"1","share_position":"top","share_float_style":"share-monocrhome","show_share_counter":"1","show_view_counter":"1","show_featured":"1","show_post_meta":"1","show_post_author":"1","show_post_author_image":"1","show_post_date":"1","post_date_format":"default","post_date_format_custom":"Y\/m\/d","show_post_category":"1","show_post_reading_time":"0","post_reading_time_wpm":"300","show_zoom_button":"0","zoom_button_out_step":"2","zoom_button_in_step":"3","show_post_tag":"1","show_prev_next_post":"1","show_popup_post":"1","number_popup_post":"1","show_author_box":"0","show_post_related":"0","show_inline_post_related":"0"}],"override_image_size":"0","image_override":[{"single_post_thumbnail_size":"crop-500","single_post_gallery_size":"crop-500"}],"trending_post":"0","trending_post_position":"meta","trending_post_label":"Trending","sponsored_post":"0","sponsored_post_label":"Sponsored by","sponsored_post_name":"","sponsored_post_url":"","sponsored_post_logo_enable":"0","sponsored_post_logo":"","sponsored_post_desc":"","disable_ad":"0"},"jnews_primary_category":{"id":""},"jnews_social_meta":{"fb_title":"","fb_description":"","fb_image":"","twitter_title":"","twitter_description":"","twitter_image":""},"footnotes":""},"categories":[39],"tags":[],"class_list":["post-326132","post","type-post","status-publish","format-standard","has-post-thumbnail","hentry","category-viajes"],"_links":{"self":[{"href":"https:\/\/dimensionturistica.com\/es\/wp-json\/wp\/v2\/posts\/326132","targetHints":{"allow":["GET"]}}],"collection":[{"href":"https:\/\/dimensionturistica.com\/es\/wp-json\/wp\/v2\/posts"}],"about":[{"href":"https:\/\/dimensionturistica.com\/es\/wp-json\/wp\/v2\/types\/post"}],"author":[{"embeddable":true,"href":"https:\/\/dimensionturistica.com\/es\/wp-json\/wp\/v2\/users\/1"}],"replies":[{"embeddable":true,"href":"https:\/\/dimensionturistica.com\/es\/wp-json\/wp\/v2\/comments?post=326132"}],"version-history":[{"count":0,"href":"https:\/\/dimensionturistica.com\/es\/wp-json\/wp\/v2\/posts\/326132\/revisions"}],"wp:featuredmedia":[{"embeddable":true,"href":"https:\/\/dimensionturistica.com\/es\/wp-json\/wp\/v2\/media\/326138"}],"wp:attachment":[{"href":"https:\/\/dimensionturistica.com\/es\/wp-json\/wp\/v2\/media?parent=326132"}],"wp:term":[{"taxonomy":"category","embeddable":true,"href":"https:\/\/dimensionturistica.com\/es\/wp-json\/wp\/v2\/categories?post=326132"},{"taxonomy":"post_tag","embeddable":true,"href":"https:\/\/dimensionturistica.com\/es\/wp-json\/wp\/v2\/tags?post=326132"}],"curies":[{"name":"wp","href":"https:\/\/api.w.org\/{rel}","templated":true}]}}