{"id":326129,"date":"2022-06-04T15:26:12","date_gmt":"2022-06-04T15:26:12","guid":{"rendered":"https:\/\/dimensionturistica.com\/es\/?p=326129"},"modified":"2022-06-04T15:26:12","modified_gmt":"2022-06-04T15:26:12","slug":"american-airlines-anuncia-nueva-ruta-entre-nueva-york-y-monterrey-nl","status":"publish","type":"post","link":"https:\/\/dimensionturistica.com\/es\/american-airlines-anuncia-nueva-ruta-entre-nueva-york-y-monterrey-nl\/","title":{"rendered":"American Airlines anuncia nueva ruta entre Nueva York y Monterrey. N:L:"},"content":{"rendered":"<p>American Airlines anunci\u00f3 que a partir del 3 de noviembre iniciar\u00e1 una nueva ruta diaria a Nueva York (JFK) desde el Aeropuerto Internacional de Monterrey, M\u00e9xico (MTY). La nueva ruta ser\u00e1 operada por una aeronave Airbus A319, con capacidad para 128 pasajeros.<br \/>\n\u201cAmerican Airlines contin\u00faa creciendo en M\u00e9xico y nos llena de orgullo anunciar esta nueva ruta a Nueva York desde Monterrey, donde tenemos una historia de m\u00e1s de 30 a\u00f1os\u201d, dijo Jos\u00e9 Mar\u00eda Giraldo, Director Gerente de M\u00e9xico, Centroam\u00e9rica y Caribe en American. \u201cNueva York es uno de los destinos m\u00e1s atractivos en el mundo y un de centro de conexiones clave para aquellos viajando hacia los Estados Unidos, Europa y Asia, por lo que nos enorgullece ofrecer este nuevo destino para nuestros clientes regiomontanos\u201d.<img decoding=\"async\" class=\"size-medium wp-image-326130 alignleft\" src=\"https:\/\/dimensionturistica.com\/es\/wp-content\/uploads\/2022\/06\/AVION-300x157.jpg\" alt=\"\" width=\"300\" height=\"157\" srcset=\"https:\/\/dimensionturistica.com\/es\/wp-content\/uploads\/2022\/06\/AVION-300x157.jpg 300w, https:\/\/dimensionturistica.com\/es\/wp-content\/uploads\/2022\/06\/AVION.jpg 370w\" sizes=\"(max-width: 300px) 100vw, 300px\" \/><br \/>\nCon la apertura de esta nueva ruta, American estar\u00e1 ofreciendo tres destinos desde Monterrey hacia los Estados Unidos, incluyendo Dallas\/Fort Worth (DFW), Miami (MIA) y Nueva York (JFK).<br \/>\nOperaci\u00f3n MTY-JFK<br \/>\nAmerican tendr\u00e1 un incremento en Monterrey (MTY) del 40% en capacidad de asientos y del 14.3% en n\u00famero de operaciones para este a\u00f1o, comparado con el 2021.<br \/>\nConectando a MTY con JFK<br \/>\nEn el pico de la temporada de verano de 2022, American operar\u00e1 hasta 108 vuelos diarios a 49 destinos desde su centro de operaciones en Nueva York (JFK), conectando a clientes con todos los Estados Unidos, Europa, Canad\u00e1, el Caribe,<\/p>\n","protected":false},"excerpt":{"rendered":"<p>American Airlines anunci\u00f3 que a partir del 3 de noviembre iniciar\u00e1 una nueva ruta diaria a Nueva York (JFK) desde el Aeropuerto Internacional de Monterrey, M\u00e9xico (MTY). La nueva ruta ser\u00e1 operada por una aeronave Airbus A319, con capacidad para 128 pasajeros. \u201cAmerican Airlines contin\u00faa creciendo en M\u00e9xico y nos llena de orgullo anunciar esta [&hellip;]<\/p>\n","protected":false},"author":1,"featured_media":318950,"comment_status":"open","ping_status":"closed","sticky":false,"template":"","format":"standard","meta":{"om_disable_all_campaigns":false,"jnews-multi-image_gallery":[],"jnews_single_post":{"source_name":"","source_url":"","via_name":"","via_url":"","override_template":"0","override":[{"template":"1","single_blog_custom":"","parallax":"1","fullscreen":"1","layout":"right-sidebar","sidebar":"default-sidebar","second_sidebar":"default-sidebar","sticky_sidebar":"1","share_position":"top","share_float_style":"share-monocrhome","show_share_counter":"1","show_view_counter":"1","show_featured":"1","show_post_meta":"1","show_post_author":"1","show_post_author_image":"1","show_post_date":"1","post_date_format":"default","post_date_format_custom":"Y\/m\/d","show_post_category":"1","show_post_reading_time":"0","post_reading_time_wpm":"300","show_zoom_button":"0","zoom_button_out_step":"2","zoom_button_in_step":"3","show_post_tag":"1","show_prev_next_post":"1","show_popup_post":"1","number_popup_post":"1","show_author_box":"0","show_post_related":"0","show_inline_post_related":"0"}],"override_image_size":"0","image_override":[{"single_post_thumbnail_size":"crop-500","single_post_gallery_size":"crop-500"}],"trending_post":"0","trending_post_position":"meta","trending_post_label":"Trending","sponsored_post":"0","sponsored_post_label":"Sponsored by","sponsored_post_name":"","sponsored_post_url":"","sponsored_post_logo_enable":"0","sponsored_post_logo":"","sponsored_post_desc":"","disable_ad":"0"},"jnews_primary_category":{"id":""},"jnews_social_meta":{"fb_title":"","fb_description":"","fb_image":"","twitter_title":"","twitter_description":"","twitter_image":""},"footnotes":""},"categories":[39],"tags":[],"class_list":["post-326129","post","type-post","status-publish","format-standard","has-post-thumbnail","hentry","category-viajes"],"_links":{"self":[{"href":"https:\/\/dimensionturistica.com\/es\/wp-json\/wp\/v2\/posts\/326129","targetHints":{"allow":["GET"]}}],"collection":[{"href":"https:\/\/dimensionturistica.com\/es\/wp-json\/wp\/v2\/posts"}],"about":[{"href":"https:\/\/dimensionturistica.com\/es\/wp-json\/wp\/v2\/types\/post"}],"author":[{"embeddable":true,"href":"https:\/\/dimensionturistica.com\/es\/wp-json\/wp\/v2\/users\/1"}],"replies":[{"embeddable":true,"href":"https:\/\/dimensionturistica.com\/es\/wp-json\/wp\/v2\/comments?post=326129"}],"version-history":[{"count":0,"href":"https:\/\/dimensionturistica.com\/es\/wp-json\/wp\/v2\/posts\/326129\/revisions"}],"wp:featuredmedia":[{"embeddable":true,"href":"https:\/\/dimensionturistica.com\/es\/wp-json\/wp\/v2\/media\/318950"}],"wp:attachment":[{"href":"https:\/\/dimensionturistica.com\/es\/wp-json\/wp\/v2\/media?parent=326129"}],"wp:term":[{"taxonomy":"category","embeddable":true,"href":"https:\/\/dimensionturistica.com\/es\/wp-json\/wp\/v2\/categories?post=326129"},{"taxonomy":"post_tag","embeddable":true,"href":"https:\/\/dimensionturistica.com\/es\/wp-json\/wp\/v2\/tags?post=326129"}],"curies":[{"name":"wp","href":"https:\/\/api.w.org\/{rel}","templated":true}]}}