{"id":326076,"date":"2022-06-04T13:54:33","date_gmt":"2022-06-04T13:54:33","guid":{"rendered":"https:\/\/dimensionturistica.com\/es\/?p=326076"},"modified":"2022-06-04T13:54:33","modified_gmt":"2022-06-04T13:54:33","slug":"con-gran-exito-del-caribe-mexicano-concluyo-su-participacion-en-el-tianguis-turistico-2022","status":"publish","type":"post","link":"https:\/\/dimensionturistica.com\/es\/con-gran-exito-del-caribe-mexicano-concluyo-su-participacion-en-el-tianguis-turistico-2022\/","title":{"rendered":"Con gran \u00e9xito del Caribe Mexicano concluyo su participaci\u00f3n en el Tianguis Tur\u00edstico 2022"},"content":{"rendered":"<p><img decoding=\"async\" class=\"size-medium wp-image-326078 alignright\" src=\"https:\/\/dimensionturistica.com\/es\/wp-content\/uploads\/2022\/06\/unnamed-3-300x225.jpg\" alt=\"\" width=\"300\" height=\"225\" srcset=\"https:\/\/dimensionturistica.com\/es\/wp-content\/uploads\/2022\/06\/unnamed-3-300x225.jpg 300w, https:\/\/dimensionturistica.com\/es\/wp-content\/uploads\/2022\/06\/unnamed-3-768x576.jpg 768w, https:\/\/dimensionturistica.com\/es\/wp-content\/uploads\/2022\/06\/unnamed-3-750x563.jpg 750w, https:\/\/dimensionturistica.com\/es\/wp-content\/uploads\/2022\/06\/unnamed-3.jpg 1024w\" sizes=\"(max-width: 300px) 100vw, 300px\" \/>\u00a0La participaci\u00f3n del Caribe Mexicano en el Tianguis Tur\u00edstico de Acapulco 2022 concluy\u00f3 de manera exitosa. Se atendieron m\u00e1s de 2,500 citas de trabajo, se reforzaron alianzas con aerol\u00edneas y tour operadores, adem\u00e1s de promocionarse todos los destinos del Caribe Mexicano.<br \/>\nDentro de la participaci\u00f3n de Quintana Roo en la edici\u00f3n 46 del Tianguis Tur\u00edstico de M\u00e9xico en Acapulco, la agenda de trabajo estuvo conformada por reuniones con representantes de: Avoris, Copa Arilines, Tag Airlines, VivaAerobus, World to Meet, American Airlines, Volaris, Aeromar esta \u00faltima para darle continuidad al anuncio de la ruta a\u00e9rea Guatemala-Chetumal-Canc\u00fan.<br \/>\nParalelo a las diversas actividades de promoci\u00f3n tur\u00edstica, el Secretario Bernardo Cueto, sostuvo mesas de trabajo con: el Director de Investigaci\u00f3n y Competitividad Tur\u00edstica de Anahuac; Directivos de Air B&amp;B, y WTA M\u00e9xico; asimismo atendi\u00f3 la reuni\u00f3n con el Director Comercial de Aeromar en este encuentro tambi\u00e9n estuvo presente el Dar\u00edo Flota Ocampo, director general del CPTQ, en donde abordaron principalmente temas de conectividad y promoci\u00f3n tur\u00edstica entre Guatemala y el Caribe Mexicano.<br \/>\nAsimismo, el Secretario de Turismo de Quintana Roo, Bernardo Cueto Riestra, present\u00f3 la primera<img decoding=\"async\" class=\"size-medium wp-image-326079 alignright\" src=\"https:\/\/dimensionturistica.com\/es\/wp-content\/uploads\/2022\/06\/unnamed-2-1-300x225.jpg\" alt=\"\" width=\"300\" height=\"225\" srcset=\"https:\/\/dimensionturistica.com\/es\/wp-content\/uploads\/2022\/06\/unnamed-2-1-300x225.jpg 300w, https:\/\/dimensionturistica.com\/es\/wp-content\/uploads\/2022\/06\/unnamed-2-1-768x576.jpg 768w, https:\/\/dimensionturistica.com\/es\/wp-content\/uploads\/2022\/06\/unnamed-2-1-750x563.jpg 750w, https:\/\/dimensionturistica.com\/es\/wp-content\/uploads\/2022\/06\/unnamed-2-1.jpg 1024w\" sizes=\"(max-width: 300px) 100vw, 300px\" \/> edici\u00f3n del Festival Gastron\u00f3mico del Caribe Mexicano que tendr\u00e1 cita en Puerto Ju\u00e1rez los d\u00edas 24 y 25 de junio en Canc\u00fan, el cual busca impulsar la gastronom\u00eda en Quintana Roo. Tambi\u00e9n acompa\u00f1\u00f3 a la presidente de Isla Mujeres, Atenea G\u00f3mez Ricalde y al presidente de Bacalar, Jos\u00e9 Contreras M\u00e9ndez a la entrega de los reconocimientos \u201cLo Mejor de M\u00e9xico 2022\u201d otorgado por Desconocido M\u00e9xico, donde el municipio de Isla Mujeres fue galardonado como el \u201cMejor Destino de Playa\u201d, y Bacalar como el \u201cMejor destino para vivir una experiencia&#8221;.<br \/>\n\u201cCaribe Mexicano sin duda brill\u00f3 durante el Tianguis Tur\u00edstico 2022, agradecemos a nuestros socios comerciales y a todos los involucrados que han logrado consolidar nuevas rutas a\u00e9reas y nuevas oportunidades en beneficio del sector m\u00e1s importante que tenemos; el turismo.<br \/>\nContinuaremos promoviendo las maravillas de nuestro Estado garantizando que Quintana Roo es sin\u00f3nimo de buen servicio y grandes vivencias,\u201d coment\u00f3 Cueto Riestra.<br \/>\nPor su parte, CPTQ sostuvo reuniones de trabajo con el tour operador TUI quien inform\u00f3 sobre la extraordinaria recuperaci\u00f3n que ha tenido este a\u00f1o, as\u00ed como el incremento de un 15 % en el n\u00famero de asientos hacia el Caribe Mexicano con respecto a 2018. Adem\u00e1s, sobre la operaci\u00f3n de vuelos desde Reino Unido, Irlanda, Los Pa\u00edses Bajos y B\u00e9lgica.<br \/>\nEl tour operador espa\u00f1ol Logitravel inform\u00f3 que, comparado con 2019, en 2022 se tiene un 22 % m\u00e1s en su n\u00famero ventas en los meses de enero a abril.<br \/>\nLa agencia de viaje en l\u00ednea Expedia coment\u00f3 que de enero a marzo haciendo una comparaci\u00f3n con el mismo periodo, pero de 2019 se tiene un incremento del 17 % en sus ventas.<img decoding=\"async\" class=\"size-medium wp-image-326080 alignright\" src=\"https:\/\/dimensionturistica.com\/es\/wp-content\/uploads\/2022\/06\/unnamed-1-1-300x225.jpg\" alt=\"\" width=\"300\" height=\"225\" srcset=\"https:\/\/dimensionturistica.com\/es\/wp-content\/uploads\/2022\/06\/unnamed-1-1-300x225.jpg 300w, https:\/\/dimensionturistica.com\/es\/wp-content\/uploads\/2022\/06\/unnamed-1-1-1024x768.jpg 1024w, https:\/\/dimensionturistica.com\/es\/wp-content\/uploads\/2022\/06\/unnamed-1-1-768x576.jpg 768w, https:\/\/dimensionturistica.com\/es\/wp-content\/uploads\/2022\/06\/unnamed-1-1-1536x1152.jpg 1536w, https:\/\/dimensionturistica.com\/es\/wp-content\/uploads\/2022\/06\/unnamed-1-1-750x563.jpg 750w, https:\/\/dimensionturistica.com\/es\/wp-content\/uploads\/2022\/06\/unnamed-1-1-1140x855.jpg 1140w, https:\/\/dimensionturistica.com\/es\/wp-content\/uploads\/2022\/06\/unnamed-1-1.jpg 1600w\" sizes=\"(max-width: 300px) 100vw, 300px\" \/><br \/>\nPara el caso de Viajes El Corte Ingl\u00e9s, empresa con presencia en Espa\u00f1a, M\u00e9xico y Sudam\u00e9rica, se manifest\u00f3 la intenci\u00f3n de colaborar para aumentar n\u00famero de visitantes al Caribe Mexicano.<br \/>\nFinalmente con American Airlines, aerol\u00ednea que no ces\u00f3 operaciones durante 2020 hacia el Caribe Mexicano, se revisaron las acciones espec\u00edficas y se trabajo en la consolidaci\u00f3n de las rutas que se tienen hacia los tres aeropuertos internacionales de Quintan Roo.<br \/>\nEl director general del CPTQ, Dar\u00edo Flota Ocampo atendi\u00f3 tambi\u00e9n a medios de comunicaci\u00f3n refiri\u00e9ndose a la participaci\u00f3n de Quintana Roo dentro de esta feria de turismo. Adem\u00e1s coment\u00f3: \u201cAl culminar los tres d\u00edas de trabajo del Tianguis Tur\u00edstico se confirma la importancia de la presencia relevante de los destinos del Caribe Mexicano y se consolidan las expectativas de tener una temporada de verano en los pr\u00f3ximos meses\u201d.<br \/>\nEl Tianguis Tur\u00edstico de M\u00e9xico en Acapulco fue el escenario ideal para exponer las acciones implementadas en Quintana Roo en favor de la reactivaci\u00f3n tur\u00edstica del Caribe Mexicano, as\u00ed como la visi\u00f3n del Estado para establecer un nuevo modelo de desarrollo tur\u00edstico: m\u00e1s justo, sustentable y competitivo.<\/p>\n","protected":false},"excerpt":{"rendered":"<p>\u00a0La participaci\u00f3n del Caribe Mexicano en el Tianguis Tur\u00edstico de Acapulco 2022 concluy\u00f3 de manera exitosa. Se atendieron m\u00e1s de 2,500 citas de trabajo, se reforzaron alianzas con aerol\u00edneas y tour operadores, adem\u00e1s de promocionarse todos los destinos del Caribe Mexicano. Dentro de la participaci\u00f3n de Quintana Roo en la edici\u00f3n 46 del Tianguis Tur\u00edstico [&hellip;]<\/p>\n","protected":false},"author":1,"featured_media":326077,"comment_status":"open","ping_status":"closed","sticky":false,"template":"","format":"standard","meta":{"om_disable_all_campaigns":false,"jnews-multi-image_gallery":[],"jnews_single_post":{"source_name":"","source_url":"","via_name":"","via_url":"","override_template":"0","override":[{"template":"1","single_blog_custom":"","parallax":"1","fullscreen":"1","layout":"right-sidebar","sidebar":"default-sidebar","second_sidebar":"default-sidebar","sticky_sidebar":"1","share_position":"top","share_float_style":"share-monocrhome","show_share_counter":"1","show_view_counter":"1","show_featured":"1","show_post_meta":"1","show_post_author":"1","show_post_author_image":"1","show_post_date":"1","post_date_format":"default","post_date_format_custom":"Y\/m\/d","show_post_category":"1","show_post_reading_time":"0","post_reading_time_wpm":"300","show_zoom_button":"0","zoom_button_out_step":"2","zoom_button_in_step":"3","show_post_tag":"1","show_prev_next_post":"1","show_popup_post":"1","number_popup_post":"1","show_author_box":"0","show_post_related":"0","show_inline_post_related":"0"}],"override_image_size":"0","image_override":[{"single_post_thumbnail_size":"crop-500","single_post_gallery_size":"crop-500"}],"trending_post":"0","trending_post_position":"meta","trending_post_label":"Trending","sponsored_post":"0","sponsored_post_label":"Sponsored by","sponsored_post_name":"","sponsored_post_url":"","sponsored_post_logo_enable":"0","sponsored_post_logo":"","sponsored_post_desc":"","disable_ad":"0"},"jnews_primary_category":{"id":""},"jnews_social_meta":{"fb_title":"","fb_description":"","fb_image":"","twitter_title":"","twitter_description":"","twitter_image":""},"footnotes":""},"categories":[39],"tags":[],"class_list":["post-326076","post","type-post","status-publish","format-standard","has-post-thumbnail","hentry","category-viajes"],"_links":{"self":[{"href":"https:\/\/dimensionturistica.com\/es\/wp-json\/wp\/v2\/posts\/326076","targetHints":{"allow":["GET"]}}],"collection":[{"href":"https:\/\/dimensionturistica.com\/es\/wp-json\/wp\/v2\/posts"}],"about":[{"href":"https:\/\/dimensionturistica.com\/es\/wp-json\/wp\/v2\/types\/post"}],"author":[{"embeddable":true,"href":"https:\/\/dimensionturistica.com\/es\/wp-json\/wp\/v2\/users\/1"}],"replies":[{"embeddable":true,"href":"https:\/\/dimensionturistica.com\/es\/wp-json\/wp\/v2\/comments?post=326076"}],"version-history":[{"count":0,"href":"https:\/\/dimensionturistica.com\/es\/wp-json\/wp\/v2\/posts\/326076\/revisions"}],"wp:featuredmedia":[{"embeddable":true,"href":"https:\/\/dimensionturistica.com\/es\/wp-json\/wp\/v2\/media\/326077"}],"wp:attachment":[{"href":"https:\/\/dimensionturistica.com\/es\/wp-json\/wp\/v2\/media?parent=326076"}],"wp:term":[{"taxonomy":"category","embeddable":true,"href":"https:\/\/dimensionturistica.com\/es\/wp-json\/wp\/v2\/categories?post=326076"},{"taxonomy":"post_tag","embeddable":true,"href":"https:\/\/dimensionturistica.com\/es\/wp-json\/wp\/v2\/tags?post=326076"}],"curies":[{"name":"wp","href":"https:\/\/api.w.org\/{rel}","templated":true}]}}