{"id":325860,"date":"2022-06-03T22:13:55","date_gmt":"2022-06-03T22:13:55","guid":{"rendered":"https:\/\/dimensionturistica.com\/es\/?p=325860"},"modified":"2022-06-03T22:13:55","modified_gmt":"2022-06-03T22:13:55","slug":"modelo-de-reactivacion-turistica-del-caribe-mexicano-exito-sin-precedente","status":"publish","type":"post","link":"https:\/\/dimensionturistica.com\/es\/modelo-de-reactivacion-turistica-del-caribe-mexicano-exito-sin-precedente\/","title":{"rendered":"Modelo de reactivaci\u00f3n tur\u00edstica del Caribe Mexicano; \u00c9xito sin precedente"},"content":{"rendered":"<p><img decoding=\"async\" class=\"size-medium wp-image-325867 alignright\" src=\"https:\/\/dimensionturistica.com\/es\/wp-content\/uploads\/2022\/06\/CINCO-300x225.jpg\" alt=\"\" width=\"300\" height=\"225\" srcset=\"https:\/\/dimensionturistica.com\/es\/wp-content\/uploads\/2022\/06\/CINCO-300x225.jpg 300w, https:\/\/dimensionturistica.com\/es\/wp-content\/uploads\/2022\/06\/CINCO-1024x768.jpg 1024w, https:\/\/dimensionturistica.com\/es\/wp-content\/uploads\/2022\/06\/CINCO-768x576.jpg 768w, https:\/\/dimensionturistica.com\/es\/wp-content\/uploads\/2022\/06\/CINCO-1536x1152.jpg 1536w, https:\/\/dimensionturistica.com\/es\/wp-content\/uploads\/2022\/06\/CINCO-750x563.jpg 750w, https:\/\/dimensionturistica.com\/es\/wp-content\/uploads\/2022\/06\/CINCO-1140x855.jpg 1140w, https:\/\/dimensionturistica.com\/es\/wp-content\/uploads\/2022\/06\/CINCO.jpg 1600w\" sizes=\"(max-width: 300px) 100vw, 300px\" \/>En el marco del segundo d\u00eda de actividades de la edici\u00f3n 46 del Tianguis Tur\u00edstico de M\u00e9xico 2022 celebrado en la Ciudad de Acapulco, la Secretar\u00eda de Turismo de Quintana Roo (SEDETUR) y el Consejo de Promoci\u00f3n Tur\u00edstica de Quintana Roo (CPTQ) sostuvieron una agenda de trabajo con aerol\u00edneas y agencias de viaje.<br \/>\nEn conferencia de prensa, SEDETUR y CPTQ acompa\u00f1aron al gobernador de Quintana Roo, Carlos Joaqu\u00edn Gonz\u00e1lez, a un desayuno con medios de comunicaci\u00f3n nacionales e internacionales, en el que se resalt\u00f3 la importancia de la promoci\u00f3n tur\u00edstica en el Estado y el trabajo en conjunto que se ha realizado con las aerol\u00edneas y agencias de viajes.<br \/>\nAdem\u00e1s, se anunci\u00f3 el incremento de rutas a\u00e9reas hacia y desde el Caribe Mexicano; como<img decoding=\"async\" class=\"size-medium wp-image-325869 alignright\" src=\"https:\/\/dimensionturistica.com\/es\/wp-content\/uploads\/2022\/06\/CATORCE-300x225.jpg\" alt=\"\" width=\"300\" height=\"225\" srcset=\"https:\/\/dimensionturistica.com\/es\/wp-content\/uploads\/2022\/06\/CATORCE-300x225.jpg 300w, https:\/\/dimensionturistica.com\/es\/wp-content\/uploads\/2022\/06\/CATORCE-1024x768.jpg 1024w, https:\/\/dimensionturistica.com\/es\/wp-content\/uploads\/2022\/06\/CATORCE-768x576.jpg 768w, https:\/\/dimensionturistica.com\/es\/wp-content\/uploads\/2022\/06\/CATORCE-1536x1152.jpg 1536w, https:\/\/dimensionturistica.com\/es\/wp-content\/uploads\/2022\/06\/CATORCE-750x563.jpg 750w, https:\/\/dimensionturistica.com\/es\/wp-content\/uploads\/2022\/06\/CATORCE-1140x855.jpg 1140w, https:\/\/dimensionturistica.com\/es\/wp-content\/uploads\/2022\/06\/CATORCE.jpg 1600w\" sizes=\"(max-width: 300px) 100vw, 300px\" \/> tambi\u00e9n se ratific\u00f3 el convenio con G-Airways para operar las rutas Belice-Chetumal y Chetumal-Canc\u00fan y con Aeromar, esta \u00faltima para darle continuidad al anuncio de la ruta a\u00e9rea Guatemala-Chetumal-Canc\u00fan, asimismo se present\u00f3 la primera edici\u00f3n del \u201cFestival Gastron\u00f3mico del Caribe Mexicano\u201d; todo esto, como parte de la reactivaci\u00f3n econ\u00f3mica de los destinos 12 destinos de Quintana Roo, durante la<br \/>\npresentaci\u00f3n de este festival, Bernardo destac\u00f3 la importancia de la diversificaci\u00f3n del producto tur\u00edstico para fortalecer la oferta dentro del destino.<br \/>\nDurante la conferencia, Dar\u00edo Flota Ocampo, director general del CPTQ, comparti\u00f3 los m\u00e1s recientes avances en materia de aviaci\u00f3n comercial, tal es el caso de la aerol\u00ednea World to Fly (incremento a 5 vuelos por semana de su ruta Madrid-Canc\u00fan), adem\u00e1s, Iberojet aumentar\u00e1 de 5 a\u00a0<img decoding=\"async\" class=\"size-medium wp-image-325871 alignright\" src=\"https:\/\/dimensionturistica.com\/es\/wp-content\/uploads\/2022\/06\/DIEZ-300x200.jpg\" alt=\"\" width=\"300\" height=\"200\" srcset=\"https:\/\/dimensionturistica.com\/es\/wp-content\/uploads\/2022\/06\/DIEZ-300x200.jpg 300w, https:\/\/dimensionturistica.com\/es\/wp-content\/uploads\/2022\/06\/DIEZ-1024x682.jpg 1024w, https:\/\/dimensionturistica.com\/es\/wp-content\/uploads\/2022\/06\/DIEZ-768x512.jpg 768w, https:\/\/dimensionturistica.com\/es\/wp-content\/uploads\/2022\/06\/DIEZ-750x500.jpg 750w, https:\/\/dimensionturistica.com\/es\/wp-content\/uploads\/2022\/06\/DIEZ-1140x760.jpg 1140w, https:\/\/dimensionturistica.com\/es\/wp-content\/uploads\/2022\/06\/DIEZ.jpg 1280w\" sizes=\"(max-width: 300px) 100vw, 300px\" \/> 6 frecuencias semanales desde Madrid, mientras que dos veces por semana a partir del 26 de junio y hasta septiembre desde Barcelona. Es importante mencionar que durante la temporada de verano -julio y agosto- la<br \/>\nconectividad a\u00e9rea entre la capital espa\u00f1ola y Canc\u00fan ser\u00e1 de 11 vuelos semanales.<br \/>\nSECRETAR\u00cdA DE TURISMO<br \/>\nLa aerol\u00ednea paname\u00f1a, Copa Airlines, confirm\u00f3 8 vuelos diarios desde Canc\u00fan a Panam\u00e1, incrementando as\u00ed, la conectividad a Suram\u00e9rica en destinos como: Brasil, Argentina, Uruguay y Paraguay. Esta aerol\u00ednea report\u00f3 un incremento de un 10 a un 15 por ciento arriba en el n\u00famero de viajeros en estas rutas.<br \/>\nPor su parte, la aerol\u00ednea mexicana Volaris presentar\u00e1 una expansi\u00f3n de rutas internacionales, una de ellas conectando a Canc\u00fan y Lima diariamente a partir del 1 de junio. Detall\u00e1ndose que, como<img decoding=\"async\" class=\"size-medium wp-image-325872 alignright\" src=\"https:\/\/dimensionturistica.com\/es\/wp-content\/uploads\/2022\/06\/DOCE-169x300.jpg\" alt=\"\" width=\"169\" height=\"300\" srcset=\"https:\/\/dimensionturistica.com\/es\/wp-content\/uploads\/2022\/06\/DOCE-169x300.jpg 169w, https:\/\/dimensionturistica.com\/es\/wp-content\/uploads\/2022\/06\/DOCE-576x1024.jpg 576w, https:\/\/dimensionturistica.com\/es\/wp-content\/uploads\/2022\/06\/DOCE-768x1365.jpg 768w, https:\/\/dimensionturistica.com\/es\/wp-content\/uploads\/2022\/06\/DOCE-864x1536.jpg 864w, https:\/\/dimensionturistica.com\/es\/wp-content\/uploads\/2022\/06\/DOCE-750x1333.jpg 750w, https:\/\/dimensionturistica.com\/es\/wp-content\/uploads\/2022\/06\/DOCE.jpg 900w\" sizes=\"(max-width: 169px) 100vw, 169px\" \/> parte de promoci\u00f3n a esta ruta, 20 hoteles de Canc\u00fan realizar\u00e1n una gira al pa\u00eds andino.<br \/>\nPor su parte el secretario de Turismo, Bernardo Cueto Riestra acompa\u00f1\u00f3 a la presidente de Isla Mujeres, Atenea G\u00f3mez Ricalde y al presidente de Bacalar, Jos\u00e9 Contreras M\u00e9ndez a la entrega de los reconocimientos \u201cLo Mejor de M\u00e9xico 2022\u201d otorgado por Desconocido M\u00e9xico, evento que reconoce las mejores experiencias y destinos del pa\u00eds, donde el municipio de Isla Mujeres fue galardonado como el \u201cMejor Destino de Playa\u201d, y Bacalar como el \u201cMejor destino para vivir una experiencia.\u201d<br \/>\nEn seguimiento al desarrollo de la agenda coordinada entre la SEDTEUR y el CPTQ se concretaron reuniones de trabajo con la empresa espa\u00f1ola \u201cEl Corte Ingl\u00e9s\u201d, la aerol\u00ednea bandera estadounidense American Airlines, la guatemalteca Tag Airlines, la divisi\u00f3n comercial de Aeromexico Vacations, Planet IFE, Cond\u00e9 Nast, Northstar Travel Group, PHG Group, Sojern, Towmar, entre otros.<br \/>\n\u201cDentro del segundo d\u00eda de actividades en el Tianguis Tur\u00edstico de Acapulco 2022, el Caribe Mexicano ha logrado consolidar y reforzar su conectividad a\u00e9rea con las que se esperan grandes<img decoding=\"async\" class=\"size-medium wp-image-325873 alignright\" src=\"https:\/\/dimensionturistica.com\/es\/wp-content\/uploads\/2022\/06\/DOS-300x173.jpg\" alt=\"\" width=\"300\" height=\"173\" srcset=\"https:\/\/dimensionturistica.com\/es\/wp-content\/uploads\/2022\/06\/DOS-300x173.jpg 300w, https:\/\/dimensionturistica.com\/es\/wp-content\/uploads\/2022\/06\/DOS-1024x591.jpg 1024w, https:\/\/dimensionturistica.com\/es\/wp-content\/uploads\/2022\/06\/DOS-768x444.jpg 768w, https:\/\/dimensionturistica.com\/es\/wp-content\/uploads\/2022\/06\/DOS-1536x887.jpg 1536w, https:\/\/dimensionturistica.com\/es\/wp-content\/uploads\/2022\/06\/DOS-750x433.jpg 750w, https:\/\/dimensionturistica.com\/es\/wp-content\/uploads\/2022\/06\/DOS-1140x658.jpg 1140w, https:\/\/dimensionturistica.com\/es\/wp-content\/uploads\/2022\/06\/DOS.jpg 1600w\" sizes=\"(max-width: 300px) 100vw, 300px\" \/> resultados.<br \/>\nSeguiremos invitando a todos los turistas, socios comerciales y visitantes a conocer, explorar y seguir visitando los grandes destinos del para\u00edso de M\u00e9xico, el Caribe Mexicano. Continuaremos promoviendo el turismo de Quintana Roo, de norte a sur, porque el Caribe Mexicano es garant\u00eda de un buen servicio y espectaculares vivencias\u201d, <img decoding=\"async\" class=\"size-medium wp-image-325874 alignleft\" src=\"https:\/\/dimensionturistica.com\/es\/wp-content\/uploads\/2022\/06\/OCHO-300x228.jpg\" alt=\"\" width=\"300\" height=\"228\" srcset=\"https:\/\/dimensionturistica.com\/es\/wp-content\/uploads\/2022\/06\/OCHO-300x228.jpg 300w, https:\/\/dimensionturistica.com\/es\/wp-content\/uploads\/2022\/06\/OCHO-1024x778.jpg 1024w, https:\/\/dimensionturistica.com\/es\/wp-content\/uploads\/2022\/06\/OCHO-768x584.jpg 768w, https:\/\/dimensionturistica.com\/es\/wp-content\/uploads\/2022\/06\/OCHO-750x570.jpg 750w, https:\/\/dimensionturistica.com\/es\/wp-content\/uploads\/2022\/06\/OCHO-1140x867.jpg 1140w, https:\/\/dimensionturistica.com\/es\/wp-content\/uploads\/2022\/06\/OCHO.jpg 1280w\" sizes=\"(max-width: 300px) 100vw, 300px\" \/>coment\u00f3 Bernardo Cueto Riestra, secretario de Turismo de Quintana Roo.<br \/>\nAdem\u00e1s, el secretario de Turismo estatal present\u00f3 la primera edici\u00f3n del Festival Gastron\u00f3mico del Caribe Mexicano que se realizar\u00e1 los d\u00edas 24 y 25 de junio en Puerto Ju\u00e1rez, Canc\u00fan. El Festival Gastron\u00f3mico busca impulsar de manera decidida la gastronom\u00eda en Quintana Roo, ya que es uno de los segmentos con mayor valoraci\u00f3n por parte de turistas y visitantes, adem\u00e1s de que forma parte de la estrategia de fomento a la gastronom\u00eda del Estado y que se llevar\u00e1 de manera itinerante a los doce destinos del Caribe Mexicano, de esta forma potenciando al sector y su cadena de valor en toda la entidad.<\/p>\n","protected":false},"excerpt":{"rendered":"<p>En el marco del segundo d\u00eda de actividades de la edici\u00f3n 46 del Tianguis Tur\u00edstico de M\u00e9xico 2022 celebrado en la Ciudad de Acapulco, la Secretar\u00eda de Turismo de Quintana Roo (SEDETUR) y el Consejo de Promoci\u00f3n Tur\u00edstica de Quintana Roo (CPTQ) sostuvieron una agenda de trabajo con aerol\u00edneas y agencias de viaje. En conferencia [&hellip;]<\/p>\n","protected":false},"author":1,"featured_media":325870,"comment_status":"open","ping_status":"closed","sticky":false,"template":"","format":"standard","meta":{"om_disable_all_campaigns":false,"jnews-multi-image_gallery":[],"jnews_single_post":{"source_name":"","source_url":"","via_name":"","via_url":"","override_template":"0","override":[{"template":"1","single_blog_custom":"","parallax":"1","fullscreen":"1","layout":"right-sidebar","sidebar":"default-sidebar","second_sidebar":"default-sidebar","sticky_sidebar":"1","share_position":"top","share_float_style":"share-monocrhome","show_share_counter":"1","show_view_counter":"1","show_featured":"1","show_post_meta":"1","show_post_author":"1","show_post_author_image":"1","show_post_date":"1","post_date_format":"default","post_date_format_custom":"Y\/m\/d","show_post_category":"1","show_post_reading_time":"0","post_reading_time_wpm":"300","show_zoom_button":"0","zoom_button_out_step":"2","zoom_button_in_step":"3","show_post_tag":"1","show_prev_next_post":"1","show_popup_post":"1","number_popup_post":"1","show_author_box":"0","show_post_related":"0","show_inline_post_related":"0"}],"override_image_size":"0","image_override":[{"single_post_thumbnail_size":"crop-500","single_post_gallery_size":"crop-500"}],"trending_post":"0","trending_post_position":"meta","trending_post_label":"Trending","sponsored_post":"0","sponsored_post_label":"Sponsored by","sponsored_post_name":"","sponsored_post_url":"","sponsored_post_logo_enable":"0","sponsored_post_logo":"","sponsored_post_desc":"","disable_ad":"0"},"jnews_primary_category":{"id":""},"jnews_social_meta":{"fb_title":"","fb_description":"","fb_image":"","twitter_title":"","twitter_description":"","twitter_image":""},"footnotes":""},"categories":[39],"tags":[],"class_list":["post-325860","post","type-post","status-publish","format-standard","has-post-thumbnail","hentry","category-viajes"],"_links":{"self":[{"href":"https:\/\/dimensionturistica.com\/es\/wp-json\/wp\/v2\/posts\/325860","targetHints":{"allow":["GET"]}}],"collection":[{"href":"https:\/\/dimensionturistica.com\/es\/wp-json\/wp\/v2\/posts"}],"about":[{"href":"https:\/\/dimensionturistica.com\/es\/wp-json\/wp\/v2\/types\/post"}],"author":[{"embeddable":true,"href":"https:\/\/dimensionturistica.com\/es\/wp-json\/wp\/v2\/users\/1"}],"replies":[{"embeddable":true,"href":"https:\/\/dimensionturistica.com\/es\/wp-json\/wp\/v2\/comments?post=325860"}],"version-history":[{"count":0,"href":"https:\/\/dimensionturistica.com\/es\/wp-json\/wp\/v2\/posts\/325860\/revisions"}],"wp:featuredmedia":[{"embeddable":true,"href":"https:\/\/dimensionturistica.com\/es\/wp-json\/wp\/v2\/media\/325870"}],"wp:attachment":[{"href":"https:\/\/dimensionturistica.com\/es\/wp-json\/wp\/v2\/media?parent=325860"}],"wp:term":[{"taxonomy":"category","embeddable":true,"href":"https:\/\/dimensionturistica.com\/es\/wp-json\/wp\/v2\/categories?post=325860"},{"taxonomy":"post_tag","embeddable":true,"href":"https:\/\/dimensionturistica.com\/es\/wp-json\/wp\/v2\/tags?post=325860"}],"curies":[{"name":"wp","href":"https:\/\/api.w.org\/{rel}","templated":true}]}}