{"id":325419,"date":"2022-06-02T22:07:50","date_gmt":"2022-06-02T22:07:50","guid":{"rendered":"https:\/\/dimensionturistica.com\/es\/?p=325419"},"modified":"2022-06-02T22:07:50","modified_gmt":"2022-06-02T22:07:50","slug":"firma-puebla-convenio-de-colaboracion-con-secretarios-de-turismo-del-centro-del-pais","status":"publish","type":"post","link":"https:\/\/dimensionturistica.com\/es\/firma-puebla-convenio-de-colaboracion-con-secretarios-de-turismo-del-centro-del-pais\/","title":{"rendered":"Firma Puebla convenio de colaboraci\u00f3n con secretarios de Turismo del centro del pa\u00eds"},"content":{"rendered":"<p><img decoding=\"async\" class=\"size-medium wp-image-325423 alignright\" src=\"https:\/\/dimensionturistica.com\/es\/wp-content\/uploads\/2022\/06\/unnamed-1-300x200.jpg\" alt=\"\" width=\"300\" height=\"200\" srcset=\"https:\/\/dimensionturistica.com\/es\/wp-content\/uploads\/2022\/06\/unnamed-1-300x200.jpg 300w, https:\/\/dimensionturistica.com\/es\/wp-content\/uploads\/2022\/06\/unnamed-1-1024x683.jpg 1024w, https:\/\/dimensionturistica.com\/es\/wp-content\/uploads\/2022\/06\/unnamed-1-768x512.jpg 768w, https:\/\/dimensionturistica.com\/es\/wp-content\/uploads\/2022\/06\/unnamed-1-1536x1024.jpg 1536w, https:\/\/dimensionturistica.com\/es\/wp-content\/uploads\/2022\/06\/unnamed-1-2048x1365.jpg 2048w, https:\/\/dimensionturistica.com\/es\/wp-content\/uploads\/2022\/06\/unnamed-1-750x500.jpg 750w, https:\/\/dimensionturistica.com\/es\/wp-content\/uploads\/2022\/06\/unnamed-1-1140x760.jpg 1140w\" sizes=\"(max-width: 300px) 100vw, 300px\" \/> En el marco de la cuadrag\u00e9sima sexta edici\u00f3n del Tianguis Tur\u00edstico, los titulares de Turismo de Puebla, Tlaxcala, Estado de M\u00e9xico, Morelos, Zacatecas y Quer\u00e9taro, pertenecientes a la zona centro de la Uni\u00f3n de Secretarios de Turismo de M\u00e9xico (ASETUR), firmaron un convenio de colaboraci\u00f3n que establece las bases para llevar a cabo promoci\u00f3n e integraci\u00f3n de estrategias de planeaci\u00f3n, calidad e innovaci\u00f3n, de manera conjunta.<br \/>\nLa secretaria de Turismo de Puebla, Marta Ornelas Guerrero, manifest\u00f3 que con esta acci\u00f3n reafirman el compromiso para lograr la integraci\u00f3n regional del turismo en el pa\u00eds, estrategia que permitir\u00e1 aplicar acciones concretas para consolidar a los destinos participantes, como referentes del desarrollo en la llamada industria sin chimeneas a nivel nacional.<br \/>\nLa titular de Turismo de Quer\u00e9taro, Mariela Mor\u00e1n Ocampo, destac\u00f3 que con la suma de esfuerzos se lograr\u00e1 obtener resultados que permitan potenciar la belleza natural y arquitect\u00f3nica de cada uno de los estados participantes; por su parte, Julieta Goldzweig Cornejo, secretaria de Turismo y <img decoding=\"async\" class=\"size-medium wp-image-325424 alignleft\" src=\"https:\/\/dimensionturistica.com\/es\/wp-content\/uploads\/2022\/06\/unnamed-2-300x200.jpg\" alt=\"\" width=\"300\" height=\"200\" srcset=\"https:\/\/dimensionturistica.com\/es\/wp-content\/uploads\/2022\/06\/unnamed-2-300x200.jpg 300w, https:\/\/dimensionturistica.com\/es\/wp-content\/uploads\/2022\/06\/unnamed-2-1024x683.jpg 1024w, https:\/\/dimensionturistica.com\/es\/wp-content\/uploads\/2022\/06\/unnamed-2-768x512.jpg 768w, https:\/\/dimensionturistica.com\/es\/wp-content\/uploads\/2022\/06\/unnamed-2-1536x1024.jpg 1536w, https:\/\/dimensionturistica.com\/es\/wp-content\/uploads\/2022\/06\/unnamed-2-2048x1365.jpg 2048w, https:\/\/dimensionturistica.com\/es\/wp-content\/uploads\/2022\/06\/unnamed-2-750x500.jpg 750w, https:\/\/dimensionturistica.com\/es\/wp-content\/uploads\/2022\/06\/unnamed-2-1140x760.jpg 1140w\" sizes=\"(max-width: 300px) 100vw, 300px\" \/>Cultura de Morelos enfatiz\u00f3 el papel de los turoperadores en la promoci\u00f3n de los destinos y rutas tur\u00edsticas, por ello pondr\u00e1n en marcha estrategias que impulsen su actividad.<br \/>\nLos secretarios Marcela Gonz\u00e1lez Salas del Estado de M\u00e9xico, Le Roy Barrag\u00e1n Ocampo de Zacatecas, Josefina Rodr\u00edguez Zamora de Tlaxcala, coincidieron en la importancia de coordinar esfuerzos para beneficiar a las y los ciudadanos.<br \/>\nEntre los puntos que incluye el convenio destacan el intercambio de informaci\u00f3n y actividades entre agencias para realizar viajes de familiarizaci\u00f3n con los destinos, espacios de promoci\u00f3n y difusi\u00f3n en redes sociales, realizaci\u00f3n de conferencias y capacitaciones especializadas en desarrollo de producto, imagen y destino, entre otros.<\/p>\n","protected":false},"excerpt":{"rendered":"<p>En el marco de la cuadrag\u00e9sima sexta edici\u00f3n del Tianguis Tur\u00edstico, los titulares de Turismo de Puebla, Tlaxcala, Estado de M\u00e9xico, Morelos, Zacatecas y Quer\u00e9taro, pertenecientes a la zona centro de la Uni\u00f3n de Secretarios de Turismo de M\u00e9xico (ASETUR), firmaron un convenio de colaboraci\u00f3n que establece las bases para llevar a cabo promoci\u00f3n e [&hellip;]<\/p>\n","protected":false},"author":1,"featured_media":325428,"comment_status":"open","ping_status":"closed","sticky":false,"template":"","format":"standard","meta":{"om_disable_all_campaigns":false,"jnews-multi-image_gallery":[],"jnews_single_post":{"source_name":"","source_url":"","via_name":"","via_url":"","override_template":"0","override":[{"template":"1","single_blog_custom":"","parallax":"1","fullscreen":"1","layout":"right-sidebar","sidebar":"default-sidebar","second_sidebar":"default-sidebar","sticky_sidebar":"1","share_position":"top","share_float_style":"share-monocrhome","show_share_counter":"1","show_view_counter":"1","show_featured":"1","show_post_meta":"1","show_post_author":"1","show_post_author_image":"1","show_post_date":"1","post_date_format":"default","post_date_format_custom":"Y\/m\/d","show_post_category":"1","show_post_reading_time":"0","post_reading_time_wpm":"300","show_zoom_button":"0","zoom_button_out_step":"2","zoom_button_in_step":"3","show_post_tag":"1","show_prev_next_post":"1","show_popup_post":"1","number_popup_post":"1","show_author_box":"0","show_post_related":"0","show_inline_post_related":"0"}],"override_image_size":"0","image_override":[{"single_post_thumbnail_size":"crop-500","single_post_gallery_size":"crop-500"}],"trending_post":"0","trending_post_position":"meta","trending_post_label":"Trending","sponsored_post":"0","sponsored_post_label":"Sponsored by","sponsored_post_name":"","sponsored_post_url":"","sponsored_post_logo_enable":"0","sponsored_post_logo":"","sponsored_post_desc":"","disable_ad":"0"},"jnews_primary_category":{"id":""},"jnews_social_meta":{"fb_title":"","fb_description":"","fb_image":"","twitter_title":"","twitter_description":"","twitter_image":""},"footnotes":""},"categories":[39],"tags":[],"class_list":["post-325419","post","type-post","status-publish","format-standard","has-post-thumbnail","hentry","category-viajes"],"_links":{"self":[{"href":"https:\/\/dimensionturistica.com\/es\/wp-json\/wp\/v2\/posts\/325419","targetHints":{"allow":["GET"]}}],"collection":[{"href":"https:\/\/dimensionturistica.com\/es\/wp-json\/wp\/v2\/posts"}],"about":[{"href":"https:\/\/dimensionturistica.com\/es\/wp-json\/wp\/v2\/types\/post"}],"author":[{"embeddable":true,"href":"https:\/\/dimensionturistica.com\/es\/wp-json\/wp\/v2\/users\/1"}],"replies":[{"embeddable":true,"href":"https:\/\/dimensionturistica.com\/es\/wp-json\/wp\/v2\/comments?post=325419"}],"version-history":[{"count":0,"href":"https:\/\/dimensionturistica.com\/es\/wp-json\/wp\/v2\/posts\/325419\/revisions"}],"wp:featuredmedia":[{"embeddable":true,"href":"https:\/\/dimensionturistica.com\/es\/wp-json\/wp\/v2\/media\/325428"}],"wp:attachment":[{"href":"https:\/\/dimensionturistica.com\/es\/wp-json\/wp\/v2\/media?parent=325419"}],"wp:term":[{"taxonomy":"category","embeddable":true,"href":"https:\/\/dimensionturistica.com\/es\/wp-json\/wp\/v2\/categories?post=325419"},{"taxonomy":"post_tag","embeddable":true,"href":"https:\/\/dimensionturistica.com\/es\/wp-json\/wp\/v2\/tags?post=325419"}],"curies":[{"name":"wp","href":"https:\/\/api.w.org\/{rel}","templated":true}]}}