{"id":325408,"date":"2022-06-02T21:58:05","date_gmt":"2022-06-02T21:58:05","guid":{"rendered":"https:\/\/dimensionturistica.com\/es\/?p=325408"},"modified":"2022-06-02T21:58:05","modified_gmt":"2022-06-02T21:58:05","slug":"smart-city-expo-latam-congress-y-la-universidad-panamericana-firman-acuerdo-sobre-ciudades-inteligentes","status":"publish","type":"post","link":"https:\/\/dimensionturistica.com\/es\/smart-city-expo-latam-congress-y-la-universidad-panamericana-firman-acuerdo-sobre-ciudades-inteligentes\/","title":{"rendered":"Smart City Expo LATAM Congress y la Universidad Panamericana firman acuerdo sobre Ciudades inteligentes"},"content":{"rendered":"<p>Esta colaboraci\u00f3n, se presenta en la v\u00edspera de la s\u00e9ptima edici\u00f3n del Smart City Expo LATAM Congress, el cual se llevar\u00e1 a cabo en M\u00e9rida, Yucat\u00e1n los d\u00edas 7,8 y 9 de junio, y donde la Universidad desempe\u00f1a un rol protagonista como parte de las Instituciones Aliadas que acompa\u00f1an y soportan las bases de este evento, epicentro de colaboraci\u00f3n, alianzas estrat\u00e9gicas y punto de reuni\u00f3n de los actores de la transformaci\u00f3n urbana y territorial de nuestra regi\u00f3n; entre las partes de este acuerdo, ser\u00e1n implementadas prestando especial atenci\u00f3n a acciones conjuntas de inter\u00e9s espec\u00edfico, como el desarrollo de programas de formaci\u00f3n y liderazgo sin excluir otras colaboraciones como las de acompa\u00f1amiento t\u00e9cnico y proyectos estrat\u00e9gicos, de vinculaci\u00f3n y financiamiento, de comunicaci\u00f3n y posicionamiento, y de certificaci\u00f3n y acreditaci\u00f3n entre otros.<br \/>\nEs importante mencionar el rol que juega la Alianza Smart LATAM dentro de la atmosfera de colaboraci\u00f3n de esta firma, pues siendo ella misma una red de colaboraci\u00f3n que une a los<img decoding=\"async\" class=\" wp-image-325415 alignright\" src=\"https:\/\/dimensionturistica.com\/es\/wp-content\/uploads\/2022\/06\/Firma-de-convenio-2-300x225.jpeg\" alt=\"\" width=\"455\" height=\"341\" srcset=\"https:\/\/dimensionturistica.com\/es\/wp-content\/uploads\/2022\/06\/Firma-de-convenio-2-300x225.jpeg 300w, https:\/\/dimensionturistica.com\/es\/wp-content\/uploads\/2022\/06\/Firma-de-convenio-2-1024x768.jpeg 1024w, https:\/\/dimensionturistica.com\/es\/wp-content\/uploads\/2022\/06\/Firma-de-convenio-2-768x576.jpeg 768w, https:\/\/dimensionturistica.com\/es\/wp-content\/uploads\/2022\/06\/Firma-de-convenio-2-1536x1152.jpeg 1536w, https:\/\/dimensionturistica.com\/es\/wp-content\/uploads\/2022\/06\/Firma-de-convenio-2-750x563.jpeg 750w, https:\/\/dimensionturistica.com\/es\/wp-content\/uploads\/2022\/06\/Firma-de-convenio-2-1140x855.jpeg 1140w, https:\/\/dimensionturistica.com\/es\/wp-content\/uploads\/2022\/06\/Firma-de-convenio-2.jpeg 1600w\" sizes=\"(max-width: 455px) 100vw, 455px\" \/> principales agentes p\u00fablicos y privados involucrados en el ecosistema de transformaci\u00f3n y regeneraci\u00f3n urbana y territorial en<br \/>\nLatinoam\u00e9rica y el Caribe, dentro de sus objetivos tambi\u00e9n se encunetra el promover e implementar iniciativas y proyectos de alto impacto en regiones latinoamericanas desde la tecnolog\u00eda y la innovaci\u00f3n, que nos permitan la evoluci\u00f3n de nuestros entornos y contribuir a alcanzar las metas de los Objetivos de Desarrollo Sostenible y de las grandes Agendas Globales.<br \/>\nEn concordancia con los objetivos de colaboraci\u00f3n, se distingue la participaci\u00f3n del Dr. Edgar Mora, en su calidad de Miembro de la Universidad para la Cooperaci\u00f3n Internacional de Costa Rica, as\u00ed como Dise\u00f1ador Senior \u201cCreador de<br \/>\nSentido\u201d de la Alianza Smart Latam, cuya asesor\u00eda y acompa\u00f1amiento t\u00e9cnico y cient\u00edfico contribuir\u00e1n de manera estrat\u00e9gica a alcanzar el prop\u00f3sito y objetivos acordados.<br \/>\nEl encuentro para la firma fue presidido por Santiago Garc\u00eda \u00c1lvarez, Rector de la Universidad Panamericana Campus M\u00e9xico y Manuel Redondo, Presidente de Fira Barcelona M\u00e9xico dentro de las instalaciones de la Universidad Panamericana, en el presidium tambien estaban: Salvador Beltr\u00e1n del R\u00edo Madrid, Director Desarrollo Institucional de la Universidad Panamericana, Guillermo Antonio Tenorio Cueto, Director de la Escuela de Gobierno y Econom\u00eda y Francisco Gamboa Barr\u00f3n, Director de Posgrado de la Escuela de Gobierno y Econom\u00eda.<br \/>\nLa firma de esta determinaci\u00f3n, significa el cumplimiento de 3 objetivos principales:<br \/>\n1. Desarrollar en conjunto una agenda de liderazgo y de acciones espec\u00edficas para impulsar las Ciudades Inteligentes en territorio mexicano y latinoamericano.<br \/>\n2. Posicionar a la UP, como uno de los l\u00edderes del modelo Smart City en M\u00e9xico, Am\u00e9rica Latina y el Mundo.<br \/>\n3. Difundir, compartir y cooperar con otros entes p\u00fablicos y privados del ecosistema smart city para influir en el avance de ciudades y territorios inteligentes y sustentables.<\/p>\n","protected":false},"excerpt":{"rendered":"<p>Esta colaboraci\u00f3n, se presenta en la v\u00edspera de la s\u00e9ptima edici\u00f3n del Smart City Expo LATAM Congress, el cual se llevar\u00e1 a cabo en M\u00e9rida, Yucat\u00e1n los d\u00edas 7,8 y 9 de junio, y donde la Universidad desempe\u00f1a un rol protagonista como parte de las Instituciones Aliadas que acompa\u00f1an y soportan las bases de este [&hellip;]<\/p>\n","protected":false},"author":1,"featured_media":325416,"comment_status":"open","ping_status":"closed","sticky":false,"template":"","format":"standard","meta":{"om_disable_all_campaigns":false,"jnews-multi-image_gallery":[],"jnews_single_post":{"source_name":"","source_url":"","via_name":"","via_url":"","override_template":"0","override":[{"template":"1","single_blog_custom":"","parallax":"1","fullscreen":"1","layout":"right-sidebar","sidebar":"default-sidebar","second_sidebar":"default-sidebar","sticky_sidebar":"1","share_position":"top","share_float_style":"share-monocrhome","show_share_counter":"1","show_view_counter":"1","show_featured":"1","show_post_meta":"1","show_post_author":"1","show_post_author_image":"1","show_post_date":"1","post_date_format":"default","post_date_format_custom":"Y\/m\/d","show_post_category":"1","show_post_reading_time":"0","post_reading_time_wpm":"300","show_zoom_button":"0","zoom_button_out_step":"2","zoom_button_in_step":"3","show_post_tag":"1","show_prev_next_post":"1","show_popup_post":"1","number_popup_post":"1","show_author_box":"0","show_post_related":"0","show_inline_post_related":"0"}],"override_image_size":"0","image_override":[{"single_post_thumbnail_size":"crop-500","single_post_gallery_size":"crop-500"}],"trending_post":"0","trending_post_position":"meta","trending_post_label":"Trending","sponsored_post":"0","sponsored_post_label":"Sponsored by","sponsored_post_name":"","sponsored_post_url":"","sponsored_post_logo_enable":"0","sponsored_post_logo":"","sponsored_post_desc":"","disable_ad":"0"},"jnews_primary_category":{"id":""},"jnews_social_meta":{"fb_title":"","fb_description":"","fb_image":"","twitter_title":"","twitter_description":"","twitter_image":""},"footnotes":""},"categories":[40],"tags":[],"class_list":["post-325408","post","type-post","status-publish","format-standard","has-post-thumbnail","hentry","category-industria"],"_links":{"self":[{"href":"https:\/\/dimensionturistica.com\/es\/wp-json\/wp\/v2\/posts\/325408","targetHints":{"allow":["GET"]}}],"collection":[{"href":"https:\/\/dimensionturistica.com\/es\/wp-json\/wp\/v2\/posts"}],"about":[{"href":"https:\/\/dimensionturistica.com\/es\/wp-json\/wp\/v2\/types\/post"}],"author":[{"embeddable":true,"href":"https:\/\/dimensionturistica.com\/es\/wp-json\/wp\/v2\/users\/1"}],"replies":[{"embeddable":true,"href":"https:\/\/dimensionturistica.com\/es\/wp-json\/wp\/v2\/comments?post=325408"}],"version-history":[{"count":0,"href":"https:\/\/dimensionturistica.com\/es\/wp-json\/wp\/v2\/posts\/325408\/revisions"}],"wp:featuredmedia":[{"embeddable":true,"href":"https:\/\/dimensionturistica.com\/es\/wp-json\/wp\/v2\/media\/325416"}],"wp:attachment":[{"href":"https:\/\/dimensionturistica.com\/es\/wp-json\/wp\/v2\/media?parent=325408"}],"wp:term":[{"taxonomy":"category","embeddable":true,"href":"https:\/\/dimensionturistica.com\/es\/wp-json\/wp\/v2\/categories?post=325408"},{"taxonomy":"post_tag","embeddable":true,"href":"https:\/\/dimensionturistica.com\/es\/wp-json\/wp\/v2\/tags?post=325408"}],"curies":[{"name":"wp","href":"https:\/\/api.w.org\/{rel}","templated":true}]}}